{"id":25906,"date":"2025-03-07T00:51:56","date_gmt":"2025-03-07T03:51:56","guid":{"rendered":"https:\/\/guialimeira.com.br\/?p=25906"},"modified":"2025-03-07T00:51:56","modified_gmt":"2025-03-07T03:51:56","slug":"presidente-da-camara-discute-acoes-de-apoio-a-professores-na-educacao-especial","status":"publish","type":"post","link":"https:\/\/guialimeira.com.br\/news\/presidente-da-camara-discute-acoes-de-apoio-a-professores-na-educacao-especial\/","title":{"rendered":"Presidente da C\u00e2mara discute a\u00e7\u00f5es de apoio a professores na educa\u00e7\u00e3o especial"},"content":{"rendered":"\n<figure class=\"wp-block-gallery has-nested-images columns-default is-cropped wp-block-gallery-1 is-layout-flex wp-block-gallery-is-layout-flex\"><\/figure>\n \r\n<br><img data-recalc-dims=\"1\" decoding=\"async\" src=\"https:\/\/i0.wp.com\/guialimeira.com.br\/wp-content\/uploads\/2025\/03\/2025-03-05_presidente-da-camara-discute-acoes-de-apoio-a-professores-na-educacao-especial_1.jpg?w=696&#038;ssl=1\" \/><br><div>\n\t\t\t\t\t<p>O desenvolvimento de a\u00e7\u00f5es de apoio ao professor da rede p\u00fablica municipal de ensino na educa\u00e7\u00e3o especial est\u00e1 na pauta do presidente da C\u00e2mara Municipal, vereador Everton Ferreira (PSD). Em reuni\u00e3o realizada nesta quinta-feira, 27 de fevereiro, ele discutiu poss\u00edveis iniciativas voltadas aos educadores por meio da Escola Legislativa da Casa.<\/p><p>A discuss\u00e3o contou com a presen\u00e7a da psic\u00f3loga Ketylin Meneses, da fonoaudi\u00f3loga Samira Elias e da diretora da Escola Legislativa, Giane Boscolo. Everton destacou a necessidade de ampliar o suporte tanto aos profissionais como aos alunos da educa\u00e7\u00e3o especial. \u201cOs professores e monitores est\u00e3o sobrecarregados. Nosso papel \u00e9 fiscalizar, mas tamb\u00e9m buscar solu\u00e7\u00f5es e a\u00e7\u00f5es para apoiar e contribuir com os educadores\u201d, disse.<\/p><p>Segundo Ketylin, um dos principais desafios est\u00e1 no desenvolvimento de habilidades educacionais dos professores quando o assunto \u00e9 educa\u00e7\u00e3o especial. \u201cNa pr\u00e1tica cl\u00ednica, fazemos manejos e a\u00e7\u00f5es para ajudar no momento de sofrimento da crian\u00e7a. Os professores tamb\u00e9m podem ser capacitados para auxiliar a mediar crises em sala de aula\u201d, declarou.<\/p><p>Atualmente, a psic\u00f3loga verifica uma alta demanda de estudantes com Transtorno do Espectro Autista (TEA), Transtorno do D\u00e9ficit de Aten\u00e7\u00e3o com Hiperatividade (TDAH) e crises de ansiedade. \u201cSeria importante termos uma rede de apoio tamb\u00e9m para acolher a sa\u00fade mental dos professores\u201d, afirmou.<\/p><p>Entre as sugest\u00f5es apresentadas, Ketylin destacou a necessidade de treinamento dos professores em abordagens espec\u00edficas, como a t\u00e9cnica de An\u00e1lise do Comportamento Aplicada (ABA), uma abordagem terap\u00eautica que ajuda a desenvolver habilidades sociais, comunicativas, emocionais e de aten\u00e7\u00e3o a pessoas com autismo.<\/p><p>Conforme a diretora da Escola Legislativa, Giane Boscolo, com base na ideia apresentada, \u00e9 poss\u00edvel organizar um projeto para atingir estes objetivos. \u201cA C\u00e2mara possui um hist\u00f3rico de parcerias de sucesso. A Educa\u00e7\u00e3o \u00e9 uma das paix\u00f5es do presidente Everton e, sabendo que a situa\u00e7\u00e3o dos professores e alunos exige aten\u00e7\u00e3o, podemos estruturar um projeto que ofere\u00e7a suporte efetivo aos educadores\u201d, afirmou Giane.<\/p><p><i>Do Gabinete Parlamentar \u2013 Vereador Everton Ferreira (PSD)\u00a0<\/i><\/p><p><i>*Foto do gabinete parlamentar<\/i><\/p><p><strong>As mat\u00e9rias de origem dos Gabinetes Parlamentares s\u00e3o de inteira\u00a0 responsabilidade dos parlamentares e de suas assessorias. S\u00e3o devidamente assinadas e n\u00e3o refletem, necessariamente, a opini\u00e3o institucional da C\u00e2mara Municipal de Limeira.<\/strong><\/p>\t\t\t\t<\/div>\r\n<br>\r\n<br><a href=\"https:\/\/www.limeira.sp.leg.br\/noticias\/view\/2025-03-05_presidente-da-camara-discute-acoes-de-apoio-a-professores-na-educacao-especial\" rel=\"noopener\">Informa\u00e7\u00f5es CML <\/a>","protected":false},"excerpt":{"rendered":"<p>O desenvolvimento de a\u00e7\u00f5es de apoio ao professor da rede p\u00fablica municipal de ensino na educa\u00e7\u00e3o especial est\u00e1 na pauta do presidente da C\u00e2mara Municipal, vereador Everton Ferreira (PSD). Em reuni\u00e3o realizada nesta quinta-feira, 27 de fevereiro, ele discutiu poss\u00edveis iniciativas voltadas aos educadores por meio da Escola Legislativa da Casa. A discuss\u00e3o contou com [&hellip;]<\/p>\n","protected":false},"author":1,"featured_media":25907,"comment_status":"open","ping_status":"open","sticky":false,"template":"","format":"standard","meta":{"_jetpack_newsletter_access":"","_jetpack_dont_email_post_to_subs":false,"_jetpack_newsletter_tier_id":0,"_jetpack_memberships_contains_paywalled_content":false,"_mbp_banners":[],"_jetpack_feature_clip_id":0,"_jetpack_memberships_contains_paid_content":false,"footnotes":"","jetpack_publicize_message":"","jetpack_publicize_feature_enabled":true,"jetpack_social_post_already_shared":true,"jetpack_social_options":{"image_generator_settings":{"template":"highway","default_image_id":0,"font":"","enabled":false},"version":2},"jetpack_post_was_ever_published":false},"categories":[19],"tags":[],"class_list":["post-25906","post","type-post","status-publish","format-standard","has-post-thumbnail","category-politica"],"jetpack_publicize_connections":[],"jetpack-related-posts":[],"jetpack_shortlink":"https:\/\/wp.me\/p7Eq1F-6JQ","jetpack_sharing_enabled":true,"jetpack_featured_media_url":"https:\/\/i0.wp.com\/guialimeira.com.br\/news\/wp-content\/uploads\/2025\/03\/Presidente-da-Camara-discute-acoes-de-apoio-a-professores-na.jpg?fit=1280%2C640&ssl=1","_links":{"self":[{"href":"https:\/\/guialimeira.com.br\/news\/wp-json\/wp\/v2\/posts\/25906","targetHints":{"allow":["GET"]}}],"collection":[{"href":"https:\/\/guialimeira.com.br\/news\/wp-json\/wp\/v2\/posts"}],"about":[{"href":"https:\/\/guialimeira.com.br\/news\/wp-json\/wp\/v2\/types\/post"}],"author":[{"embeddable":true,"href":"https:\/\/guialimeira.com.br\/news\/wp-json\/wp\/v2\/users\/1"}],"replies":[{"embeddable":true,"href":"https:\/\/guialimeira.com.br\/news\/wp-json\/wp\/v2\/comments?post=25906"}],"version-history":[{"count":1,"href":"https:\/\/guialimeira.com.br\/news\/wp-json\/wp\/v2\/posts\/25906\/revisions"}],"predecessor-version":[{"id":25908,"href":"https:\/\/guialimeira.com.br\/news\/wp-json\/wp\/v2\/posts\/25906\/revisions\/25908"}],"wp:featuredmedia":[{"embeddable":true,"href":"https:\/\/guialimeira.com.br\/news\/wp-json\/wp\/v2\/media\/25907"}],"wp:attachment":[{"href":"https:\/\/guialimeira.com.br\/news\/wp-json\/wp\/v2\/media?parent=25906"}],"wp:term":[{"taxonomy":"category","embeddable":true,"href":"https:\/\/guialimeira.com.br\/news\/wp-json\/wp\/v2\/categories?post=25906"},{"taxonomy":"post_tag","embeddable":true,"href":"https:\/\/guialimeira.com.br\/news\/wp-json\/wp\/v2\/tags?post=25906"}],"curies":[{"name":"wp","href":"https:\/\/api.w.org\/{rel}","templated":true}]}}