{"id":25899,"date":"2025-03-06T23:51:12","date_gmt":"2025-03-07T02:51:12","guid":{"rendered":"https:\/\/guialimeira.com.br\/?p=25899"},"modified":"2025-03-06T23:51:12","modified_gmt":"2025-03-07T02:51:12","slug":"costa-junior-retoma-as-tratativas-para-a-instalacao-da-escola-civico-militar-em-limeira","status":"publish","type":"post","link":"https:\/\/guialimeira.com.br\/news\/costa-junior-retoma-as-tratativas-para-a-instalacao-da-escola-civico-militar-em-limeira\/","title":{"rendered":"Costa J\u00fanior retoma as tratativas para a instala\u00e7\u00e3o da Escola c\u00edvico-militar em Limeira"},"content":{"rendered":"\n<figure class=\"wp-block-gallery has-nested-images columns-default is-cropped wp-block-gallery-1 is-layout-flex wp-block-gallery-is-layout-flex\"><\/figure>\n \r\n<br><img data-recalc-dims=\"1\" decoding=\"async\" src=\"https:\/\/i0.wp.com\/guialimeira.com.br\/wp-content\/uploads\/2025\/03\/2025-03-05_costa-junior-retoma-as-tratativas-para-a-instalacao-da-escola-civicomilitar-em-limeira_1..jpeg?w=696&#038;ssl=1\" \/><br><div>\n\t\t\t\t\t<p>O vereador Costa J\u00fanior (Podemos) retomou, nesta sexta-feira, 28 de fevereiro, \u00e0s tratativas para a instala\u00e7\u00e3o da Escola C\u00edvico Militar em Limeira, juntamente com o deputado estadual, Tenente Coimbra (PL).\u00a0<\/p><p>Costa explicou que as escolas c\u00edvico-militares se destacam pela participa\u00e7\u00e3o ativa da comunidade, dessa maneira, pais, professores, militares e membros da sociedade civil s\u00e3o envolvidos no processo educacional, por meio de conselhos escolares, parcerias e programas de voluntariado. \u201cEssa integra\u00e7\u00e3o fortalece os la\u00e7os entre a escola e a comunidade, promovendo um senso de pertencimento e engajamento na busca por uma educa\u00e7\u00e3o de qualidade\u201d, salientou o vereador.<\/p><p>Conforme afirmou o autor, o sucesso das escolas c\u00edvico-militares no Brasil evidencia a import\u00e2ncia de uma abordagem inovadora na educa\u00e7\u00e3o, que valorize disciplina, valores c\u00edvicos, excel\u00eancia acad\u00eamica e seguran\u00e7a. \u201cEssas institui\u00e7\u00f5es t\u00eam demonstrado resultados positivos na forma\u00e7\u00e3o de estudantes comprometidos com o aprendizado, respons\u00e1veis e conscientes de seu papel como cidad\u00e3os, al\u00e9m de ser uma alternativa promissora para a melhoria da educa\u00e7\u00e3o no pa\u00eds, despertando o interesse de gestores, educadores e da sociedade em geral\u201d, disse Costa.\u00a0<\/p><p><strong>Valores c\u00edvicos e \u00e9ticos<\/strong><\/p><p>O vereador defendeu que outro ponto forte das escolas c\u00edvico-militares \u00e9 a promo\u00e7\u00e3o de valores c\u00edvicos e \u00e9ticos, em que os estudantes s\u00e3o estimulados a cultivar o respeito \u00e0 p\u00e1tria, aos s\u00edmbolos nacionais e aos direitos e deveres de cidadania. \u201cS\u00e3o incentivados a desenvolver habilidades de lideran\u00e7a, trabalho em equipe e responsabilidade social, preparando-os para serem cidad\u00e3os conscientes e atuantes na sociedade\u201d, finalizou o parlamentar.<\/p><p><i>Do Gabinete Parlamentar \u2013 Vereador\u00a0Costa Junior (Podemos)<\/i><\/p><p><i>*Fotos do Gabinete parlamentar<\/i><\/p><p><strong>As mat\u00e9rias de origem dos Gabinetes Parlamentares s\u00e3o de inteira\u00a0 responsabilidade dos parlamentares e de suas assessorias. S\u00e3o devidamente assinadas e n\u00e3o refletem, necessariamente, a opini\u00e3o institucional da C\u00e2mara Municipal de Limeira.<\/strong><\/p>\t\t\t\t<\/div>\r\n<br>\r\n<br><a href=\"https:\/\/www.limeira.sp.leg.br\/noticias\/view\/2025-03-05_costa-junior-retoma-as-tratativas-para-a-instalacao-da-escola-civicomilitar-em-limeira\" rel=\"noopener\">Informa\u00e7\u00f5es CML <\/a>","protected":false},"excerpt":{"rendered":"<p>O vereador Costa J\u00fanior (Podemos) retomou, nesta sexta-feira, 28 de fevereiro, \u00e0s tratativas para a instala\u00e7\u00e3o da Escola C\u00edvico Militar em Limeira, juntamente com o deputado estadual, Tenente Coimbra (PL).\u00a0 Costa explicou que as escolas c\u00edvico-militares se destacam pela participa\u00e7\u00e3o ativa da comunidade, dessa maneira, pais, professores, militares e membros da sociedade civil s\u00e3o envolvidos [&hellip;]<\/p>\n","protected":false},"author":1,"featured_media":25900,"comment_status":"open","ping_status":"open","sticky":false,"template":"","format":"standard","meta":{"_jetpack_newsletter_access":"","_jetpack_dont_email_post_to_subs":false,"_jetpack_newsletter_tier_id":0,"_jetpack_memberships_contains_paywalled_content":false,"_mbp_banners":[],"_jetpack_feature_clip_id":0,"_jetpack_memberships_contains_paid_content":false,"footnotes":"","jetpack_publicize_message":"","jetpack_publicize_feature_enabled":true,"jetpack_social_post_already_shared":true,"jetpack_social_options":{"image_generator_settings":{"template":"highway","default_image_id":0,"font":"","enabled":false},"version":2},"jetpack_post_was_ever_published":false},"categories":[19],"tags":[],"class_list":["post-25899","post","type-post","status-publish","format-standard","has-post-thumbnail","category-politica"],"jetpack_publicize_connections":[],"jetpack-related-posts":[],"jetpack_shortlink":"https:\/\/wp.me\/p7Eq1F-6JJ","jetpack_sharing_enabled":true,"jetpack_featured_media_url":"https:\/\/i0.wp.com\/guialimeira.com.br\/news\/wp-content\/uploads\/2025\/03\/Costa-Junior-retoma-as-tratativas-para-a-instalacao-da-Escola.jpeg?fit=1280%2C640&ssl=1","_links":{"self":[{"href":"https:\/\/guialimeira.com.br\/news\/wp-json\/wp\/v2\/posts\/25899","targetHints":{"allow":["GET"]}}],"collection":[{"href":"https:\/\/guialimeira.com.br\/news\/wp-json\/wp\/v2\/posts"}],"about":[{"href":"https:\/\/guialimeira.com.br\/news\/wp-json\/wp\/v2\/types\/post"}],"author":[{"embeddable":true,"href":"https:\/\/guialimeira.com.br\/news\/wp-json\/wp\/v2\/users\/1"}],"replies":[{"embeddable":true,"href":"https:\/\/guialimeira.com.br\/news\/wp-json\/wp\/v2\/comments?post=25899"}],"version-history":[{"count":1,"href":"https:\/\/guialimeira.com.br\/news\/wp-json\/wp\/v2\/posts\/25899\/revisions"}],"predecessor-version":[{"id":25901,"href":"https:\/\/guialimeira.com.br\/news\/wp-json\/wp\/v2\/posts\/25899\/revisions\/25901"}],"wp:featuredmedia":[{"embeddable":true,"href":"https:\/\/guialimeira.com.br\/news\/wp-json\/wp\/v2\/media\/25900"}],"wp:attachment":[{"href":"https:\/\/guialimeira.com.br\/news\/wp-json\/wp\/v2\/media?parent=25899"}],"wp:term":[{"taxonomy":"category","embeddable":true,"href":"https:\/\/guialimeira.com.br\/news\/wp-json\/wp\/v2\/categories?post=25899"},{"taxonomy":"post_tag","embeddable":true,"href":"https:\/\/guialimeira.com.br\/news\/wp-json\/wp\/v2\/tags?post=25899"}],"curies":[{"name":"wp","href":"https:\/\/api.w.org\/{rel}","templated":true}]}}