{"id":25893,"date":"2025-03-06T22:50:05","date_gmt":"2025-03-07T01:50:05","guid":{"rendered":"https:\/\/guialimeira.com.br\/?p=25893"},"modified":"2025-03-06T22:50:05","modified_gmt":"2025-03-07T01:50:05","slug":"lu-bogo-protocola-indicacoes-para-revitalizacao-de-area-verde-no-jardim-maria-buchi-modeneis","status":"publish","type":"post","link":"https:\/\/guialimeira.com.br\/news\/lu-bogo-protocola-indicacoes-para-revitalizacao-de-area-verde-no-jardim-maria-buchi-modeneis\/","title":{"rendered":"Lu Bogo protocola indica\u00e7\u00f5es para revitaliza\u00e7\u00e3o de \u00e1rea verde no Jardim Maria Buchi Modeneis"},"content":{"rendered":"\n<figure class=\"wp-block-gallery has-nested-images columns-default is-cropped wp-block-gallery-1 is-layout-flex wp-block-gallery-is-layout-flex\"><\/figure>\n \r\n<br><img data-recalc-dims=\"1\" decoding=\"async\" src=\"https:\/\/i0.wp.com\/guialimeira.com.br\/wp-content\/uploads\/2025\/03\/2025-03-05_lu-bogo-protocola-indicacoes-para-revitalizacao-de-area-verde-no-jardim-maria-buchi-moden.jpeg?w=696&#038;ssl=1\" \/><br><div>\n\t\t\t\t\t<p>A vereadora Lu Bogo (PL) esteve nas \u00e1reas verdes localizadas entre as ruas Wilson Vit\u00f3rio Colleta e Dr. Hernani Oliveira Penteado, no bairro Jardim Maria Buchi Modeneis, na quinta-feira, 26 de fevereiro. A parlamentar dialogou com mun\u00edcipes que trabalham na regi\u00e3o e reivindicam a necessidade de melhorias estruturais, do\u00a0 aproveitamento dos espa\u00e7os e servi\u00e7o de zeladoria p\u00fablica no local.<\/p><p>As indica\u00e7\u00f5es protocoladas no dia 26 de fevereiro <a href=\"https:\/\/consulta.limeira.sp.leg.br\/Documentos\/Pesquisa?Pesquisa=Avancada&amp;id=79&amp;pagina=1&amp;Modulo=8&amp;Documento=139&amp;Numeracao=Documento&amp;NumeroInicial=658&amp;AnoInicial=2025&amp;DataInicial=&amp;NumeroFinal=&amp;AnoFinal=&amp;DataFinal=&amp;SubTipoId=0&amp;Situacao=0&amp;Classificacao=0&amp;TipoAutor=Todos&amp;AutoriaId=0&amp;Iniciativa=Nenhum&amp;NoTexto=false&amp;Assunto=&amp;Observacoes=\" rel=\"noopener\">N\u00b0658\/2025<\/a>, <a href=\"https:\/\/consulta.limeira.sp.leg.br\/Documentos\/Pesquisa?Pesquisa=Avancada&amp;id=79&amp;pagina=1&amp;Modulo=8&amp;Documento=0&amp;Numeracao=Documento&amp;NumeroInicial=661&amp;AnoInicial=2025&amp;DataInicial=&amp;NumeroFinal=&amp;AnoFinal=&amp;DataFinal=&amp;Situacao=0&amp;Classificacao=0&amp;TipoAutor=Todos&amp;AutoriaId=0&amp;Iniciativa=Nenhum&amp;NoTexto=false&amp;Assunto=&amp;Observacoes=\" rel=\"noopener\">661\/2025<\/a> e <a href=\"https:\/\/consulta.limeira.sp.leg.br\/Documentos\/Pesquisa?Pesquisa=Avancada&amp;id=79&amp;pagina=1&amp;Modulo=8&amp;Documento=0&amp;Numeracao=Documento&amp;NumeroInicial=677&amp;AnoInicial=2025&amp;DataInicial=&amp;NumeroFinal=&amp;AnoFinal=&amp;DataFinal=&amp;Situacao=0&amp;Classificacao=0&amp;TipoAutor=Todos&amp;AutoriaId=0&amp;Iniciativa=Nenhum&amp;NoTexto=false&amp;Assunto=&amp;Observacoes=\" rel=\"noopener\">677\/2025<\/a> sugerem \u00e0 Prefeitura o servi\u00e7o de poda do mato alto, revitaliza\u00e7\u00e3o do local, e cal\u00e7amento em toda a extens\u00e3o das \u00e1reas. \u201cPara atender a demanda, protocolamos indica\u00e7\u00f5es propondo o servi\u00e7o de cal\u00e7amento e revitaliza\u00e7\u00e3o em toda a extens\u00e3o das duas \u00e1reas verdes, onde as pessoas poder\u00e3o caminhar com tranquilidade e seguran\u00e7a. Tamb\u00e9m pedi a capina\u00e7\u00e3o e limpeza destes espa\u00e7os, assim como a vistoria e poda das \u00e1rvores e a vistoria das \u00e1rvores que est\u00e3o em risco de queda\u201d, informou a vereadora.<\/p><p>A parlamentar ainda considerou que as \u00e1reas verdes da regi\u00e3o s\u00e3o verdadeiros bosques em \u00e1reas centrais, e declara que as melhorias solicitadas ser\u00e3o um incentivo \u00e0 popula\u00e7\u00e3o a desfrutar da \u00e1rea para caminhar e descansar.<\/p><p>Com o objetivo de melhorar a mobilidade do local, foi protocolada a <a href=\"https:\/\/consulta.limeira.sp.leg.br\/Documentos\/Pesquisa?Pesquisa=Avancada&amp;id=79&amp;pagina=1&amp;Modulo=8&amp;Documento=0&amp;Numeracao=Documento&amp;NumeroInicial=655&amp;AnoInicial=2025&amp;DataInicial=&amp;NumeroFinal=&amp;AnoFinal=&amp;DataFinal=&amp;Situacao=0&amp;Classificacao=0&amp;TipoAutor=Todos&amp;AutoriaId=0&amp;Iniciativa=Nenhum&amp;NoTexto=false&amp;Assunto=&amp;Observacoes=\" rel=\"noopener\">Indica\u00e7\u00e3o N\u00ba 655\/25<\/a>, que solicita o rebaixamento de guia com instala\u00e7\u00e3o de rampa de acesso para cadeirantes, al\u00e9m da vistoria de duas \u00e1rvores de grande porte que est\u00e3o com as ra\u00edzes expostas, danificando a cal\u00e7ada. \u201cAcessibilidade \u00e9 necess\u00e1ria para dar a todos a oportunidade de usufruir deste espa\u00e7o com seguran\u00e7a\u201d, acrescentou Lu Bogo.<\/p><p><i>Do Gabinete Parlamentar \u2013 Vereadora Lu Bogo (PL)<\/i><\/p><p><i>*Fotos do Gabinete parlamentar<\/i><\/p><p><strong>As mat\u00e9rias de origem dos Gabinetes Parlamentares s\u00e3o de inteira\u00a0 responsabilidade dos parlamentares e de suas assessorias. S\u00e3o devidamente assinadas e n\u00e3o refletem, necessariamente, a opini\u00e3o institucional da C\u00e2mara Municipal de Limeira.<\/strong><\/p>\t\t\t\t<\/div>\r\n<br>\r\n<br><a href=\"https:\/\/www.limeira.sp.leg.br\/noticias\/view\/2025-03-05_lu-bogo-protocola-indicacoes-para-revitalizacao-de-area-verde-no-jardim-maria-buchi-modeneis\" rel=\"noopener\">Informa\u00e7\u00f5es CML <\/a>","protected":false},"excerpt":{"rendered":"<p>A vereadora Lu Bogo (PL) esteve nas \u00e1reas verdes localizadas entre as ruas Wilson Vit\u00f3rio Colleta e Dr. Hernani Oliveira Penteado, no bairro Jardim Maria Buchi Modeneis, na quinta-feira, 26 de fevereiro. A parlamentar dialogou com mun\u00edcipes que trabalham na regi\u00e3o e reivindicam a necessidade de melhorias estruturais, do\u00a0 aproveitamento dos espa\u00e7os e servi\u00e7o de [&hellip;]<\/p>\n","protected":false},"author":1,"featured_media":25894,"comment_status":"open","ping_status":"open","sticky":false,"template":"","format":"standard","meta":{"_jetpack_newsletter_access":"","_jetpack_dont_email_post_to_subs":false,"_jetpack_newsletter_tier_id":0,"_jetpack_memberships_contains_paywalled_content":false,"_mbp_banners":[],"_jetpack_feature_clip_id":0,"_jetpack_memberships_contains_paid_content":false,"footnotes":"","jetpack_publicize_message":"","jetpack_publicize_feature_enabled":true,"jetpack_social_post_already_shared":true,"jetpack_social_options":{"image_generator_settings":{"template":"highway","default_image_id":0,"font":"","enabled":false},"version":2},"jetpack_post_was_ever_published":false},"categories":[19],"tags":[],"class_list":["post-25893","post","type-post","status-publish","format-standard","has-post-thumbnail","category-politica"],"jetpack_publicize_connections":[],"jetpack-related-posts":[],"jetpack_shortlink":"https:\/\/wp.me\/p7Eq1F-6JD","jetpack_sharing_enabled":true,"jetpack_featured_media_url":"https:\/\/i0.wp.com\/guialimeira.com.br\/news\/wp-content\/uploads\/2025\/03\/Lu-Bogo-protocola-indicacoes-para-revitalizacao-de-area-verde-no.jpeg?fit=1280%2C640&ssl=1","_links":{"self":[{"href":"https:\/\/guialimeira.com.br\/news\/wp-json\/wp\/v2\/posts\/25893","targetHints":{"allow":["GET"]}}],"collection":[{"href":"https:\/\/guialimeira.com.br\/news\/wp-json\/wp\/v2\/posts"}],"about":[{"href":"https:\/\/guialimeira.com.br\/news\/wp-json\/wp\/v2\/types\/post"}],"author":[{"embeddable":true,"href":"https:\/\/guialimeira.com.br\/news\/wp-json\/wp\/v2\/users\/1"}],"replies":[{"embeddable":true,"href":"https:\/\/guialimeira.com.br\/news\/wp-json\/wp\/v2\/comments?post=25893"}],"version-history":[{"count":1,"href":"https:\/\/guialimeira.com.br\/news\/wp-json\/wp\/v2\/posts\/25893\/revisions"}],"predecessor-version":[{"id":25895,"href":"https:\/\/guialimeira.com.br\/news\/wp-json\/wp\/v2\/posts\/25893\/revisions\/25895"}],"wp:featuredmedia":[{"embeddable":true,"href":"https:\/\/guialimeira.com.br\/news\/wp-json\/wp\/v2\/media\/25894"}],"wp:attachment":[{"href":"https:\/\/guialimeira.com.br\/news\/wp-json\/wp\/v2\/media?parent=25893"}],"wp:term":[{"taxonomy":"category","embeddable":true,"href":"https:\/\/guialimeira.com.br\/news\/wp-json\/wp\/v2\/categories?post=25893"},{"taxonomy":"post_tag","embeddable":true,"href":"https:\/\/guialimeira.com.br\/news\/wp-json\/wp\/v2\/tags?post=25893"}],"curies":[{"name":"wp","href":"https:\/\/api.w.org\/{rel}","templated":true}]}}