{"id":25890,"date":"2025-03-06T22:45:10","date_gmt":"2025-03-07T01:45:10","guid":{"rendered":"https:\/\/guialimeira.com.br\/2025\/03\/06\/alckmin-discute-exportacoes-brasileiras-com-secretario-dos-eua\/"},"modified":"2025-03-06T22:45:10","modified_gmt":"2025-03-07T01:45:10","slug":"alckmin-discute-exportacoes-brasileiras-com-secretario-dos-eua","status":"publish","type":"post","link":"https:\/\/guialimeira.com.br\/news\/alckmin-discute-exportacoes-brasileiras-com-secretario-dos-eua\/","title":{"rendered":"Alckmin discute exporta\u00e7\u00f5es brasileiras com secret\u00e1rio dos EUA"},"content":{"rendered":"<p> <br \/>\n<\/p>\n<div>\n<p>Brasil e Estados Unidos <strong>concordaram em fazer reuni\u00f5es bilaterais <\/strong>nos pr\u00f3ximos dias para <strong>discutir a situa\u00e7\u00e3o comercial entre os dois pa\u00edses<\/strong>.<img data-recalc-dims=\"1\" decoding=\"async\" src=\"https:\/\/i0.wp.com\/agenciabrasil.ebc.com.br\/ebc.png?w=696&#038;ssl=1\" style=\"width:1px; height:1px; display:inline;\"\/><img data-recalc-dims=\"1\" decoding=\"async\" src=\"https:\/\/i0.wp.com\/agenciabrasil.ebc.com.br\/ebc.gif?w=696&#038;ssl=1\" style=\"width:1px; height:1px; display:inline;\"\/><\/p>\n<p>A decis\u00e3o saiu ap\u00f3s videoconfer\u00eancia do<strong> vice-presidente e ministro do Desenvolvimento, Ind\u00fastria, Com\u00e9rcio e Servi\u00e7os, Geraldo Alckmin, com o secret\u00e1rio de Com\u00e9rcio dos Estados Unidos, Howard Lutnick, <\/strong>e o representante comercial dos EUA, Jamieson Greer.<\/p>\n<p>A conversa, que durou cerca de 50 minutos no fim da tarde dessa quinta-feira (6), ocorreu no dia seguinte ao discurso em que o presidente norte-americano, Donald Trump, citou o <strong>Brasil entre os pa\u00edses aos quais amea\u00e7a impor tarifas comerciais<\/strong>. Por cerca de 90 minutos, Trump exp\u00f4s as prioridades do novo governo ao Congresso dos Estados Unidos.<\/p>\n<p>Segundo o Minist\u00e9rio do Desenvolvimento, Ind\u00fastria, Com\u00e9rcio e Servi\u00e7os (Mdic), a reuni\u00e3o destacou os resultados da balan\u00e7a comercial e apresentou os detalhes da pol\u00edtica tarif\u00e1ria rec\u00edproca.<\/p>\n<p>De acordo com a pasta, houve converg\u00eancia quanto aos aspectos positivos da rela\u00e7\u00e3o entre o Brasil e os Estados Unidos.<\/p>\n<blockquote>\n<p>\u201cO vice-presidente considerou positiva a conversa e acredita que, atrav\u00e9s do di\u00e1logo, ser\u00e1 poss\u00edvel chegar a um bom entendimento sobre a pol\u00edtica tarif\u00e1ria e outras quest\u00f5es que envolvam a pol\u00edtica comercial entre os pa\u00edses\u201d, ressaltou a nota do Mdic.<\/p>\n<\/blockquote>\n<p>Alckmin lembrou ao colega norte-americano que o <strong>Brasil e os Estados Unidos t\u00eam um volume de com\u00e9rcio de cerca de US$ 80 bilh\u00f5es por ano<\/strong>. Ao considerar a balan\u00e7a comercial (exporta\u00e7\u00f5es menos importa\u00e7\u00f5es), os <strong>Estados Unidos t\u00eam super\u00e1vit de US$ 200 milh\u00f5es com o Brasil<\/strong>.<\/p>\n<p>O vice-presidente e ministro tamb\u00e9m ressaltou que, dos <strong>dez produtos que o Brasil mais importa dos Estados Unidos, oito tem tarifa zero<\/strong>.<\/p>\n<p>\u201cA tarifa m\u00e9dia ponderada efetivamente recolhida \u00e9 de 2,73%, bem abaixo das tarifas nominais\u201d, destacou o Mdic.<\/p>\n<p>Alckmin tamb\u00e9m ressaltou que o <strong>Brasil responde pelo s\u00e9timo maior super\u00e1vit comercial de bens dos Estados Unidos<\/strong>. Ao somar bens e servi\u00e7os, o <strong>super\u00e1vit comercial dos Estados Unidos com o Brasil supera os US$ 25 bilh\u00f5es<\/strong>, ou seja, o Brasil importa US$ 25 bilh\u00f5es a mais do que exporta para os EUA.<\/p>\n<blockquote>\n<p>\u201cO vice-presidente ressaltou que a inten\u00e7\u00e3o do governo brasileiro \u00e9 fortalecer a complementariedade econ\u00f4mica entre os pa\u00edses e aumentar a reciprocidade, fortalecer nossas empresas e, acima de tudo, contribuir para as boas pr\u00e1ticas comerciais entre os dois pa\u00edses\u201d, concluiu a nota do Mdic.<\/p>\n<\/blockquote>\n<p>      <!-- Relacionada --><\/p>\n<p>            <!-- Relacionada -->\n    <\/div>\n<p><br \/>\n<br \/><a href=\"https:\/\/agenciabrasil.ebc.com.br\/economia\/noticia\/2025-03\/alckmin-discute-exportacoes-brasileiras-com-secretario-dos-eua\" rel=\"noopener\">Ag\u00eancia Brasil<\/a><\/p>\n","protected":false},"excerpt":{"rendered":"<p>Brasil e Estados Unidos concordaram em fazer reuni\u00f5es bilaterais nos pr\u00f3ximos dias para discutir a situa\u00e7\u00e3o comercial entre os dois pa\u00edses. A decis\u00e3o saiu ap\u00f3s videoconfer\u00eancia do vice-presidente e ministro do Desenvolvimento, Ind\u00fastria, Com\u00e9rcio e Servi\u00e7os, Geraldo Alckmin, com o secret\u00e1rio de Com\u00e9rcio dos Estados Unidos, Howard Lutnick, e o representante comercial dos EUA, Jamieson [&hellip;]<\/p>\n","protected":false},"author":1,"featured_media":25891,"comment_status":"open","ping_status":"open","sticky":false,"template":"","format":"standard","meta":{"_jetpack_newsletter_access":"","_jetpack_dont_email_post_to_subs":false,"_jetpack_newsletter_tier_id":0,"_jetpack_memberships_contains_paywalled_content":false,"_mbp_banners":[],"_jetpack_feature_clip_id":0,"_jetpack_memberships_contains_paid_content":false,"footnotes":"","jetpack_publicize_message":"","jetpack_publicize_feature_enabled":true,"jetpack_social_post_already_shared":true,"jetpack_social_options":{"image_generator_settings":{"template":"highway","default_image_id":0,"font":"","enabled":false},"version":2},"jetpack_post_was_ever_published":false},"categories":[24],"tags":[],"class_list":["post-25890","post","type-post","status-publish","format-standard","has-post-thumbnail","category-economia"],"jetpack_publicize_connections":[],"jetpack-related-posts":[],"jetpack_shortlink":"https:\/\/wp.me\/p7Eq1F-6JA","jetpack_sharing_enabled":true,"jetpack_featured_media_url":"https:\/\/i0.wp.com\/guialimeira.com.br\/news\/wp-content\/uploads\/2025\/03\/alckmin-idp_mcamgo_abr_25022025-8.jpg?fit=1600%2C800&ssl=1","_links":{"self":[{"href":"https:\/\/guialimeira.com.br\/news\/wp-json\/wp\/v2\/posts\/25890","targetHints":{"allow":["GET"]}}],"collection":[{"href":"https:\/\/guialimeira.com.br\/news\/wp-json\/wp\/v2\/posts"}],"about":[{"href":"https:\/\/guialimeira.com.br\/news\/wp-json\/wp\/v2\/types\/post"}],"author":[{"embeddable":true,"href":"https:\/\/guialimeira.com.br\/news\/wp-json\/wp\/v2\/users\/1"}],"replies":[{"embeddable":true,"href":"https:\/\/guialimeira.com.br\/news\/wp-json\/wp\/v2\/comments?post=25890"}],"version-history":[{"count":0,"href":"https:\/\/guialimeira.com.br\/news\/wp-json\/wp\/v2\/posts\/25890\/revisions"}],"wp:featuredmedia":[{"embeddable":true,"href":"https:\/\/guialimeira.com.br\/news\/wp-json\/wp\/v2\/media\/25891"}],"wp:attachment":[{"href":"https:\/\/guialimeira.com.br\/news\/wp-json\/wp\/v2\/media?parent=25890"}],"wp:term":[{"taxonomy":"category","embeddable":true,"href":"https:\/\/guialimeira.com.br\/news\/wp-json\/wp\/v2\/categories?post=25890"},{"taxonomy":"post_tag","embeddable":true,"href":"https:\/\/guialimeira.com.br\/news\/wp-json\/wp\/v2\/tags?post=25890"}],"curies":[{"name":"wp","href":"https:\/\/api.w.org\/{rel}","templated":true}]}}