{"id":25881,"date":"2025-03-06T21:43:52","date_gmt":"2025-03-07T00:43:52","guid":{"rendered":"https:\/\/guialimeira.com.br\/2025\/03\/06\/governo-zera-tarifa-de-importacao-de-9-alimentos-para-reduzir-precos\/"},"modified":"2025-03-06T21:43:52","modified_gmt":"2025-03-07T00:43:52","slug":"governo-zera-tarifa-de-importacao-de-9-alimentos-para-reduzir-precos","status":"publish","type":"post","link":"https:\/\/guialimeira.com.br\/news\/governo-zera-tarifa-de-importacao-de-9-alimentos-para-reduzir-precos\/","title":{"rendered":"Governo zera tarifa de importa\u00e7\u00e3o de 9 alimentos para reduzir pre\u00e7os"},"content":{"rendered":"<p> <br \/>\n<\/p>\n<div>\n<p>Como alternativa para segurar a infla\u00e7\u00e3o dos alimentos, o governo decidiu zerar o Imposto de Importa\u00e7\u00e3o de nove tipos de comida, conforme anunciou nesta noite o vice-presidente Geraldo Alckmin.<img data-recalc-dims=\"1\" decoding=\"async\" src=\"https:\/\/i0.wp.com\/agenciabrasil.ebc.com.br\/ebc.png?w=696&#038;ssl=1\" style=\"width:1px; height:1px; display:inline;\"\/><img data-recalc-dims=\"1\" decoding=\"async\" src=\"https:\/\/i0.wp.com\/agenciabrasil.ebc.com.br\/ebc.gif?w=696&#038;ssl=1\" style=\"width:1px; height:1px; display:inline;\"\/><\/p>\n<p>As medidas foram divulgadas ap\u00f3s uma s\u00e9rie de reuni\u00f5es ao longo desta quinta-feira (6).<\/p>\n<p><strong>&gt;&gt; Os alimentos que ter\u00e3o os tributos zerados s\u00e3o:<\/strong><\/p>\n<ul>\n<li>Azeite: (hoje 9%)<\/li>\n<li>Milho: (hoje 7,2%)<\/li>\n<li>\u00d3leo de girassol: (hoje at\u00e9 9%)<\/li>\n<li>Sardinha: (hoje 32%)<\/li>\n<li>Biscoitos: (hoje 16,2%)<\/li>\n<li>Massas aliment\u00edcias (macarr\u00e3o): (hoje 14,4%)<\/li>\n<li>Caf\u00e9: (hoje 9%)<\/li>\n<li>Carnes: (hoje at\u00e9 10,8%)<\/li>\n<li>A\u00e7\u00facar: (hoje at\u00e9 14%)<\/li>\n<\/ul>\n<p>A cota de importa\u00e7\u00e3o do <strong>\u00f3leo de palma, atualmente em 65 mil toneladas, subiu para 150 mil toneladas<\/strong>.<\/p>\n<p>Segundo Alckmin, a <strong>redu\u00e7\u00e3o de tarifas entrar\u00e1 em vigor nos pr\u00f3ximos dias<\/strong>\u00a0ap\u00f3s serem aprovadas pela C\u00e2mara de Com\u00e9rcio Exterior (Camex).<\/p>\n<blockquote>\n<p>\u201cO governo est\u00e1 abrindo m\u00e3o de imposto em favor da redu\u00e7\u00e3o de pre\u00e7o\u201d, declarou o vice-presidente.<\/p>\n<\/blockquote>\n<p>As medidas foram anunciadas<strong> ap\u00f3s uma reuni\u00e3o do presidente Luiz In\u00e1cio Lula da Silva e de Alckmin com ministros e empres\u00e1rios, no Pal\u00e1cio do Planalto<\/strong>.<\/p>\n<p>Para o vice-presidente, a medida<strong> n\u00e3o prejudicar\u00e1 os produtores nacionais, apesar da concorr\u00eancia com o alimento importado<\/strong>.<\/p>\n<blockquote>\n<p>\u201cN\u00f3s entendemos que n\u00e3o [vai prejudicar o produtor brasileiro]. Voc\u00ea tem per\u00edodos de pre\u00e7os mais altos, mais baixos. N\u00f3s estamos em um per\u00edodo em que reduzir o imposto ajuda a reduzir pre\u00e7os. Voc\u00ea est\u00e1 complementando. N\u00e3o vai prejudicar o produtor, mas beneficiar os consumidores\u201d, declarou.<\/p>\n<\/blockquote>\n<h2>Outras medidas<\/h2>\n<p>Al\u00e9m da redu\u00e7\u00e3o das tarifas, Alckmin anunciou o <strong>fortalecimento dos estoques reguladores da Companhia Nacional de Abastecimento (Conab)<\/strong>. O vice-presidente n\u00e3o entrou em detalhes.<\/p>\n<p>No m\u00eas passado, a companhia havia pedido R$ 737 milh\u00f5es para reconstituir os estoques de alimentos desmantelados nos \u00faltimos anos.<\/p>\n<p>Alckmin tamb\u00e9m anunciou a <strong>prioridade para os alimentos da cesta b\u00e1sica no pr\u00f3ximo Plano Safra<\/strong>.<\/p>\n<p>Segundo o vice-presidente, os <strong>financiamentos subsidiados dever\u00e3o se concentrar na produ\u00e7\u00e3o de itens que comp\u00f5em a cesta b\u00e1sica<\/strong>, aumentando o est\u00edmulo a produtores rurais que produzam para o mercado interno.<\/p>\n<p>A \u00faltima medida anunciada por Alckmin foi a acelera\u00e7\u00e3o do Sistema Brasileiro de Inspe\u00e7\u00e3o de Produtos de Origem Animal (SISBI-POA). Esse sistema descentraliza as inspe\u00e7\u00f5es sanit\u00e1rias, permitindo que estados e munic\u00edpios fa\u00e7am o trabalho.<\/p>\n<p>Segundo o vice-presidente, o governo pretende <strong>aumentar o n\u00famero de registro no sistema de 1.550 para 3 mil<\/strong>.<\/p>\n<p>De acordo com Alckmin, a medida permitir\u00e1 que produtos como leite, mel, ovos e carnes sejam liberados mais rapidamente para venda em todo o pa\u00eds.<\/p>\n<p>      <!-- Relacionada --><\/p>\n<p>            <!-- Relacionada -->\n    <\/div>\n<p><br \/>\n<br \/><a href=\"https:\/\/agenciabrasil.ebc.com.br\/economia\/noticia\/2025-03\/governo-zera-tarifa-de-importacao-de-9-alimentos-para-reduzir-precos\" rel=\"noopener\">Ag\u00eancia Brasil<\/a><\/p>\n","protected":false},"excerpt":{"rendered":"<p>Como alternativa para segurar a infla\u00e7\u00e3o dos alimentos, o governo decidiu zerar o Imposto de Importa\u00e7\u00e3o de nove tipos de comida, conforme anunciou nesta noite o vice-presidente Geraldo Alckmin. As medidas foram divulgadas ap\u00f3s uma s\u00e9rie de reuni\u00f5es ao longo desta quinta-feira (6). &gt;&gt; Os alimentos que ter\u00e3o os tributos zerados s\u00e3o: Azeite: (hoje 9%) [&hellip;]<\/p>\n","protected":false},"author":1,"featured_media":25882,"comment_status":"open","ping_status":"open","sticky":false,"template":"","format":"standard","meta":{"_jetpack_newsletter_access":"","_jetpack_dont_email_post_to_subs":false,"_jetpack_newsletter_tier_id":0,"_jetpack_memberships_contains_paywalled_content":false,"_mbp_banners":[],"_jetpack_feature_clip_id":0,"_jetpack_memberships_contains_paid_content":false,"footnotes":"","jetpack_publicize_message":"","jetpack_publicize_feature_enabled":true,"jetpack_social_post_already_shared":true,"jetpack_social_options":{"image_generator_settings":{"template":"highway","default_image_id":0,"font":"","enabled":false},"version":2},"jetpack_post_was_ever_published":false},"categories":[24],"tags":[],"class_list":["post-25881","post","type-post","status-publish","format-standard","has-post-thumbnail","category-economia"],"jetpack_publicize_connections":[],"jetpack-related-posts":[],"jetpack_shortlink":"https:\/\/wp.me\/p7Eq1F-6Jr","jetpack_sharing_enabled":true,"jetpack_featured_media_url":"https:\/\/i0.wp.com\/guialimeira.com.br\/news\/wp-content\/uploads\/2025\/03\/54368921642_77fbb78921_o.jpg?fit=1600%2C800&ssl=1","_links":{"self":[{"href":"https:\/\/guialimeira.com.br\/news\/wp-json\/wp\/v2\/posts\/25881","targetHints":{"allow":["GET"]}}],"collection":[{"href":"https:\/\/guialimeira.com.br\/news\/wp-json\/wp\/v2\/posts"}],"about":[{"href":"https:\/\/guialimeira.com.br\/news\/wp-json\/wp\/v2\/types\/post"}],"author":[{"embeddable":true,"href":"https:\/\/guialimeira.com.br\/news\/wp-json\/wp\/v2\/users\/1"}],"replies":[{"embeddable":true,"href":"https:\/\/guialimeira.com.br\/news\/wp-json\/wp\/v2\/comments?post=25881"}],"version-history":[{"count":0,"href":"https:\/\/guialimeira.com.br\/news\/wp-json\/wp\/v2\/posts\/25881\/revisions"}],"wp:featuredmedia":[{"embeddable":true,"href":"https:\/\/guialimeira.com.br\/news\/wp-json\/wp\/v2\/media\/25882"}],"wp:attachment":[{"href":"https:\/\/guialimeira.com.br\/news\/wp-json\/wp\/v2\/media?parent=25881"}],"wp:term":[{"taxonomy":"category","embeddable":true,"href":"https:\/\/guialimeira.com.br\/news\/wp-json\/wp\/v2\/categories?post=25881"},{"taxonomy":"post_tag","embeddable":true,"href":"https:\/\/guialimeira.com.br\/news\/wp-json\/wp\/v2\/tags?post=25881"}],"curies":[{"name":"wp","href":"https:\/\/api.w.org\/{rel}","templated":true}]}}