{"id":25879,"date":"2025-03-06T21:41:51","date_gmt":"2025-03-07T00:41:51","guid":{"rendered":"https:\/\/guialimeira.com.br\/2025\/03\/06\/papa-envia-primeira-mensagem-de-voz-aos-fieis-depois-da-internacao\/"},"modified":"2025-03-06T21:41:51","modified_gmt":"2025-03-07T00:41:51","slug":"papa-envia-primeira-mensagem-de-voz-aos-fieis-depois-da-internacao","status":"publish","type":"post","link":"https:\/\/guialimeira.com.br\/news\/papa-envia-primeira-mensagem-de-voz-aos-fieis-depois-da-internacao\/","title":{"rendered":"Papa envia primeira mensagem de voz aos fi\u00e9is depois da interna\u00e7\u00e3o"},"content":{"rendered":"<p> <br \/>\n<\/p>\n<div>\n<p>Pela primeira vez depois que foi internado, em 14 de fevereiro, o <strong>papa Francisco enviou nesta quinta-feira (6)\u00a0uma mensagem de voz aos fi\u00e9is e membros da C\u00faria Romana reunidos na Pra\u00e7a S\u00e3o Pedro para a ora\u00e7\u00e3o do ter\u00e7o<\/strong>. A informa\u00e7\u00e3o foi divulgada pela Vatican News.<img data-recalc-dims=\"1\" decoding=\"async\" src=\"https:\/\/i0.wp.com\/agenciabrasil.ebc.com.br\/ebc.png?w=696&#038;ssl=1\" style=\"width:1px; height:1px; display:inline;\"\/><img data-recalc-dims=\"1\" decoding=\"async\" src=\"https:\/\/i0.wp.com\/agenciabrasil.ebc.com.br\/ebc.gif?w=696&#038;ssl=1\" style=\"width:1px; height:1px; display:inline;\"\/><\/p>\n<p><strong>&#8220;\u201cAgrade\u00e7o de todo cora\u00e7\u00e3o as ora\u00e7\u00f5es pela minha sa\u00fade feitas na Pra\u00e7a.\u00a0Os acompanho daqui. Que Deus os aben\u00e7oe e que a Virgem os proteja. Obrigado\u201d, diz Francisco no \u00e1udio.<\/strong><\/p>\n<p>Ou\u00e7a a mensagem.<\/p>\n<p>Ap\u00f3s a mensagem, os fi\u00e9is reunidos iniciaram ora\u00e7\u00e3o pela sa\u00fade de Francisco, internado em Roma, no Hospital Gemelli, por uma forte infec\u00e7\u00e3o respirat\u00f3ria.<\/p>\n<p>Nesta quinta-feira, o Vaticano informou que o papa conseguiu trabalhar enquanto se submetia ao tratamento e descansava.<\/p>\n<p><a href=\"https:\/\/agenciabrasil.ebc.com.br\/internacional\/noticia\/2025-03\/papa-francisco-tem-dois-episodios-de-insuficiencia-respiratoria-aguda\" target=\"_blank\" rel=\"noopener\">Epis\u00f3dios respirat\u00f3rios da segunda-feira<\/a>\u00a0(3) exigiram que Francisco usasse ventila\u00e7\u00e3o mec\u00e2nica n\u00e3o-invasiva. Trata-se de uma m\u00e1scara sobre o rosto, que ajuda a jogar ar nos pulm\u00f5es.<\/p>\n<p>Agora, o papa est\u00e1 recebendo essa ventila\u00e7\u00e3o apenas \u00e0 noite, segundo o Vaticano. Durante o dia, ele recebe oxig\u00eanio por uma pequena mangueira sob o nariz.<\/p>\n<p>Francisco n\u00e3o \u00e9 visto em p\u00fablico desde a sua interna\u00e7\u00e3o. \u00c9 a maior aus\u00eancia do pont\u00edfice desde o in\u00edcio do seu papado, h\u00e1 12 anos.<\/p>\n<p><em>*Com informa\u00e7\u00f5es da Reuters.<\/em><\/p>\n<p>      <!-- Relacionada --><\/p>\n<p>            <!-- Relacionada -->\n    <\/div>\n<p><br \/>\n<br \/><a href=\"https:\/\/agenciabrasil.ebc.com.br\/internacional\/noticia\/2025-03\/papa-envia-primeira-mensagem-de-voz-aos-fieis-depois-da-internacao\" rel=\"noopener\">Ag\u00eancia Brasil <\/a><\/p>\n","protected":false},"excerpt":{"rendered":"<p>Pela primeira vez depois que foi internado, em 14 de fevereiro, o papa Francisco enviou nesta quinta-feira (6)\u00a0uma mensagem de voz aos fi\u00e9is e membros da C\u00faria Romana reunidos na Pra\u00e7a S\u00e3o Pedro para a ora\u00e7\u00e3o do ter\u00e7o. A informa\u00e7\u00e3o foi divulgada pela Vatican News. &#8220;\u201cAgrade\u00e7o de todo cora\u00e7\u00e3o as ora\u00e7\u00f5es pela minha sa\u00fade feitas [&hellip;]<\/p>\n","protected":false},"author":1,"featured_media":25880,"comment_status":"open","ping_status":"open","sticky":false,"template":"","format":"standard","meta":{"_jetpack_newsletter_access":"","_jetpack_dont_email_post_to_subs":false,"_jetpack_newsletter_tier_id":0,"_jetpack_memberships_contains_paywalled_content":false,"_mbp_banners":[],"_jetpack_feature_clip_id":0,"_jetpack_memberships_contains_paid_content":false,"footnotes":"","jetpack_publicize_message":"","jetpack_publicize_feature_enabled":true,"jetpack_social_post_already_shared":true,"jetpack_social_options":{"image_generator_settings":{"template":"highway","default_image_id":0,"font":"","enabled":false},"version":2},"jetpack_post_was_ever_published":false},"categories":[25],"tags":[],"class_list":["post-25879","post","type-post","status-publish","format-standard","has-post-thumbnail","category-internacional"],"jetpack_publicize_connections":[],"jetpack-related-posts":[],"jetpack_shortlink":"https:\/\/wp.me\/p7Eq1F-6Jp","jetpack_sharing_enabled":true,"jetpack_featured_media_url":"https:\/\/i0.wp.com\/guialimeira.com.br\/news\/wp-content\/uploads\/2025\/03\/2025-02-28t183704z_1_lynxnpel1r0r8_rtroptp_4_pope-francis-health.jpg?fit=1600%2C800&ssl=1","_links":{"self":[{"href":"https:\/\/guialimeira.com.br\/news\/wp-json\/wp\/v2\/posts\/25879","targetHints":{"allow":["GET"]}}],"collection":[{"href":"https:\/\/guialimeira.com.br\/news\/wp-json\/wp\/v2\/posts"}],"about":[{"href":"https:\/\/guialimeira.com.br\/news\/wp-json\/wp\/v2\/types\/post"}],"author":[{"embeddable":true,"href":"https:\/\/guialimeira.com.br\/news\/wp-json\/wp\/v2\/users\/1"}],"replies":[{"embeddable":true,"href":"https:\/\/guialimeira.com.br\/news\/wp-json\/wp\/v2\/comments?post=25879"}],"version-history":[{"count":0,"href":"https:\/\/guialimeira.com.br\/news\/wp-json\/wp\/v2\/posts\/25879\/revisions"}],"wp:featuredmedia":[{"embeddable":true,"href":"https:\/\/guialimeira.com.br\/news\/wp-json\/wp\/v2\/media\/25880"}],"wp:attachment":[{"href":"https:\/\/guialimeira.com.br\/news\/wp-json\/wp\/v2\/media?parent=25879"}],"wp:term":[{"taxonomy":"category","embeddable":true,"href":"https:\/\/guialimeira.com.br\/news\/wp-json\/wp\/v2\/categories?post=25879"},{"taxonomy":"post_tag","embeddable":true,"href":"https:\/\/guialimeira.com.br\/news\/wp-json\/wp\/v2\/tags?post=25879"}],"curies":[{"name":"wp","href":"https:\/\/api.w.org\/{rel}","templated":true}]}}