{"id":25872,"date":"2025-03-06T20:47:58","date_gmt":"2025-03-06T23:47:58","guid":{"rendered":"https:\/\/guialimeira.com.br\/?p=25872"},"modified":"2025-03-06T20:47:58","modified_gmt":"2025-03-06T23:47:58","slug":"comissao-agenda-reuniao-intersetorial-para-tratar-de-politica-publica-para-escolas-de-ensino-integral","status":"publish","type":"post","link":"https:\/\/guialimeira.com.br\/news\/comissao-agenda-reuniao-intersetorial-para-tratar-de-politica-publica-para-escolas-de-ensino-integral\/","title":{"rendered":"Comiss\u00e3o agenda reuni\u00e3o intersetorial para tratar de pol\u00edtica p\u00fablica para escolas de ensino integral"},"content":{"rendered":"\n<figure class=\"wp-block-gallery has-nested-images columns-default is-cropped wp-block-gallery-1 is-layout-flex wp-block-gallery-is-layout-flex\"><\/figure>\n \r\n<br><img data-recalc-dims=\"1\" decoding=\"async\" src=\"https:\/\/i0.wp.com\/guialimeira.com.br\/wp-content\/uploads\/2025\/03\/2025-03-05_comissao-agenda-reuniao-intersetorial-para-tratar-de-politica-publica-para-escolas-de-ens.jpeg?w=696&#038;ssl=1\" \/><br><div>\n\t\t\t\t\t<p>Uma reuni\u00e3o intersetorial foi agendada pela Comiss\u00e3o de Educa\u00e7\u00e3o para discutir sobre pol\u00edticas p\u00fablicas para as escolas de ensino integral, para o dia 25 de abril, \u00e0s 14h. O objetivo \u00e9 intermediar o debate entre as secretarias de Educa\u00e7\u00e3o, Esporte e Cultura, o Centro de Promo\u00e7\u00e3o Social Municipal (Ceprosom) e a Defensoria P\u00fablica.<\/p><p>A delibera\u00e7\u00e3o ocorreu nesta quarta-feira, 5 de mar\u00e7o, e atende ao pedido feito pela defensora p\u00fablica Mariana Chaib em <a href=\"https:\/\/www.limeira.sp.leg.br\/noticias\/view\/2025-02-21_vagas-em-escolas-de-ensino-integral-sao-pauta-de-reuniao-da-comissao-de-educacao\" rel=\"noopener\">reuni\u00e3o anterior do colegiado<\/a> sobre o tema. Na ocasi\u00e3o, o debate foi sobre o d\u00e9ficit de vagas nas escolas de ensino integral de Limeira e a alta demanda de alunos.<\/p><p><strong>Plano Municipal de Educa\u00e7\u00e3o<\/strong><\/p><p>A Comiss\u00e3o recebeu of\u00edcio da Uni\u00e3o Nacional dos Conselhos Municipais de Educa\u00e7\u00e3o (Uncme) solicitando apoio dos vereadores junto \u00e0 Prefeitura de Limeira para agilizar o processo de indica\u00e7\u00e3o dos membros para integrar o F\u00f3rum Municipal de Educa\u00e7\u00e3o. Atualmente os integrantes est\u00e3o com os mandatos vencidos.<\/p><p>Conforme informado pelos representantes da Uncme, o Plano Municipal de Educa\u00e7\u00e3o expira no meio deste ano e o F\u00f3rum \u00e9 respons\u00e1vel pela elabora\u00e7\u00e3o e aprova\u00e7\u00e3o da nova proposta.\u00a0<\/p><p>Os vereadores deliberaram o encaminhamento de of\u00edcio \u00e0 Secretaria de Educa\u00e7\u00e3o para que apresente a composi\u00e7\u00e3o do F\u00f3rum Municipal de Educa\u00e7\u00e3o.<\/p><p><strong>A Comiss\u00e3o<\/strong><\/p><p>Fazem parte da Comiss\u00e3o de Educa\u00e7\u00e3o a vereadora Mariana Calsa\u00a0 (MDB), presidente; Nilton Santos (Republicanos), vice-presidente, e Waguinho da Santa Luzia (PP), secret\u00e1rio. Todas as delibera\u00e7\u00f5es s\u00e3o registradas em <a href=\"https:\/\/consulta.limeira.sp.leg.br\/arquivo?Id=480675\" rel=\"noopener\">ata<\/a>.<\/p><p>O colegiado tem como compet\u00eancia a fiscaliza\u00e7\u00e3o de assuntos relacionados \u00e0 educa\u00e7\u00e3o e ao ensino. Os membros tamb\u00e9m s\u00e3o respons\u00e1veis por abordar a pol\u00edtica e sistema educacional nos aspectos institucionais, estruturais, funcionais e legais, al\u00e9m de opinarem acerca de projetos da rede municipal de ensino, programas e pol\u00edticas p\u00fablicas que tratem do ambiente escolar, dos professores e estudantes, bem como servidores da rede de ensino, servi\u00e7os, equipamentos e programas educacionais.<\/p>\t\t\t\t<\/div>\r\n<br>\r\n<br><a href=\"https:\/\/www.limeira.sp.leg.br\/noticias\/view\/2025-03-05_comissao-agenda-reuniao-intersetorial-para-tratar-de-politica-publica-para-escolas-de-ensino-integral\" rel=\"noopener\">Informa\u00e7\u00f5es CML <\/a>","protected":false},"excerpt":{"rendered":"<p>Uma reuni\u00e3o intersetorial foi agendada pela Comiss\u00e3o de Educa\u00e7\u00e3o para discutir sobre pol\u00edticas p\u00fablicas para as escolas de ensino integral, para o dia 25 de abril, \u00e0s 14h. O objetivo \u00e9 intermediar o debate entre as secretarias de Educa\u00e7\u00e3o, Esporte e Cultura, o Centro de Promo\u00e7\u00e3o Social Municipal (Ceprosom) e a Defensoria P\u00fablica. A delibera\u00e7\u00e3o [&hellip;]<\/p>\n","protected":false},"author":1,"featured_media":25873,"comment_status":"open","ping_status":"open","sticky":false,"template":"","format":"standard","meta":{"_jetpack_newsletter_access":"","_jetpack_dont_email_post_to_subs":false,"_jetpack_newsletter_tier_id":0,"_jetpack_memberships_contains_paywalled_content":false,"_mbp_banners":[],"_jetpack_feature_clip_id":0,"_jetpack_memberships_contains_paid_content":false,"footnotes":"","jetpack_publicize_message":"","jetpack_publicize_feature_enabled":true,"jetpack_social_post_already_shared":true,"jetpack_social_options":{"image_generator_settings":{"template":"highway","default_image_id":0,"font":"","enabled":false},"version":2},"jetpack_post_was_ever_published":false},"categories":[19],"tags":[],"class_list":["post-25872","post","type-post","status-publish","format-standard","has-post-thumbnail","category-politica"],"jetpack_publicize_connections":[],"jetpack-related-posts":[],"jetpack_shortlink":"https:\/\/wp.me\/p7Eq1F-6Ji","jetpack_sharing_enabled":true,"jetpack_featured_media_url":"https:\/\/i0.wp.com\/guialimeira.com.br\/news\/wp-content\/uploads\/2025\/03\/Comissao-agenda-reuniao-intersetorial-para-tratar-de-politica-publica-para.jpeg?fit=1280%2C640&ssl=1","_links":{"self":[{"href":"https:\/\/guialimeira.com.br\/news\/wp-json\/wp\/v2\/posts\/25872","targetHints":{"allow":["GET"]}}],"collection":[{"href":"https:\/\/guialimeira.com.br\/news\/wp-json\/wp\/v2\/posts"}],"about":[{"href":"https:\/\/guialimeira.com.br\/news\/wp-json\/wp\/v2\/types\/post"}],"author":[{"embeddable":true,"href":"https:\/\/guialimeira.com.br\/news\/wp-json\/wp\/v2\/users\/1"}],"replies":[{"embeddable":true,"href":"https:\/\/guialimeira.com.br\/news\/wp-json\/wp\/v2\/comments?post=25872"}],"version-history":[{"count":1,"href":"https:\/\/guialimeira.com.br\/news\/wp-json\/wp\/v2\/posts\/25872\/revisions"}],"predecessor-version":[{"id":25874,"href":"https:\/\/guialimeira.com.br\/news\/wp-json\/wp\/v2\/posts\/25872\/revisions\/25874"}],"wp:featuredmedia":[{"embeddable":true,"href":"https:\/\/guialimeira.com.br\/news\/wp-json\/wp\/v2\/media\/25873"}],"wp:attachment":[{"href":"https:\/\/guialimeira.com.br\/news\/wp-json\/wp\/v2\/media?parent=25872"}],"wp:term":[{"taxonomy":"category","embeddable":true,"href":"https:\/\/guialimeira.com.br\/news\/wp-json\/wp\/v2\/categories?post=25872"},{"taxonomy":"post_tag","embeddable":true,"href":"https:\/\/guialimeira.com.br\/news\/wp-json\/wp\/v2\/tags?post=25872"}],"curies":[{"name":"wp","href":"https:\/\/api.w.org\/{rel}","templated":true}]}}