{"id":25870,"date":"2025-03-06T20:42:58","date_gmt":"2025-03-06T23:42:58","guid":{"rendered":"https:\/\/guialimeira.com.br\/2025\/03\/06\/fazenda-desiste-de-criar-teto-de-isencao-de-ir-para-doenca-grave\/"},"modified":"2025-03-06T20:42:58","modified_gmt":"2025-03-06T23:42:58","slug":"fazenda-desiste-de-criar-teto-de-isencao-de-ir-para-doenca-grave","status":"publish","type":"post","link":"https:\/\/guialimeira.com.br\/news\/fazenda-desiste-de-criar-teto-de-isencao-de-ir-para-doenca-grave\/","title":{"rendered":"Fazenda desiste de criar teto de isen\u00e7\u00e3o de IR para doen\u00e7a grave"},"content":{"rendered":"<p> <br \/>\n<\/p>\n<div>\n<p>Por determina\u00e7\u00e3o do presidente Luiz In\u00e1cio Lula da Silva, o Minist\u00e9rio da Fazenda <strong>desistiu de criar um teto para a isen\u00e7\u00e3o de Imposto de Renda Pessoa F\u00edsica (IRPF) para pessoas com doen\u00e7as graves<\/strong>.<img data-recalc-dims=\"1\" decoding=\"async\" src=\"https:\/\/i0.wp.com\/agenciabrasil.ebc.com.br\/ebc.png?w=696&#038;ssl=1\" style=\"width:1px; height:1px; display:inline;\"\/><img data-recalc-dims=\"1\" decoding=\"async\" src=\"https:\/\/i0.wp.com\/agenciabrasil.ebc.com.br\/ebc.gif?w=696&#038;ssl=1\" style=\"width:1px; height:1px; display:inline;\"\/><\/p>\n<p>Em nota, a assessoria da pasta admitiu que a<strong> proposta chegou a ser estudada, mas foi retirada das discuss\u00f5es<\/strong>.<\/p>\n<blockquote>\n<p>\u201cA Fazenda n\u00e3o enviou e n\u00e3o vai enviar proposta sobre teto de isen\u00e7\u00e3o para mol\u00e9stia grave. A medida chegou a ser estudada, mas acabou sendo retirada das discuss\u00f5es a pedido do presidente Lula. Devido a esse e outros ajustes o projeto de lei ainda n\u00e3o foi encaminhado para a C\u00e2mara\u201d, informou o comunicado.<\/p>\n<\/blockquote>\n<p>A institui\u00e7\u00e3o de um teto para doen\u00e7as graves seria<strong> uma das medidas que ajudariam a compensar a eleva\u00e7\u00e3o da isen\u00e7\u00e3o de Imposto de Renda para quem ganha at\u00e9 R$ 5 mil<\/strong>.<\/p>\n<p>Em novembro, ao anunciar o pacote de corte de gastos junto com a proposta de aumentar a faixa de isen\u00e7\u00e3o, o Minist\u00e9rio da Fazenda havia anunciado que pretendia <a href=\"https:\/\/agenciabrasil.ebc.com.br\/economia\/noticia\/2024-11\/isencao-por-problemas-de-saude-sera-restrita-renda-de-ate-r-20-mil\" target=\"_blank\" rel=\"noopener\">restringir a isen\u00e7\u00e3o de IRPF nos casos de doen\u00e7a grave apenas a quem ganha at\u00e9 R$ 20 mil por m\u00eas<\/a>.<\/p>\n<p>Conforme anunciado na \u00e9poca, a <strong>dedu\u00e7\u00e3o de 100% dos gastos com sa\u00fade na declara\u00e7\u00e3o do Imposto de Renda n\u00e3o mudaria<\/strong>.<\/p>\n<p>A proposta, no entanto, <strong>enfrentou resist\u00eancia da Associa\u00e7\u00e3o Nacional dos Auditores Fiscais da Receita Federal (Unafisco).<\/strong> A entidade amea\u00e7ou entrar no Supremo Tribunal Federal (STF), caso a medida virasse lei.<\/p>\n<p>Segundo a Unafisco, a <strong>retirada da isen\u00e7\u00e3o de Imposto de Renda a pessoas com doen\u00e7as graves \u00e9 inconstitucional<\/strong>. Para a entidade, o benef\u00edcio deve abranger todas as pessoas com enfermidades graves, independentemente da renda mensal.<\/p>\n<p>      <!-- Relacionada --><\/p>\n<p>            <!-- Relacionada -->\n    <\/div>\n<p><br \/>\n<br \/><a href=\"https:\/\/agenciabrasil.ebc.com.br\/economia\/noticia\/2025-03\/fazenda-desiste-de-criar-teto-de-isencao-de-ir-para-doenca-grave\" rel=\"noopener\">Ag\u00eancia Brasil<\/a><\/p>\n","protected":false},"excerpt":{"rendered":"<p>Por determina\u00e7\u00e3o do presidente Luiz In\u00e1cio Lula da Silva, o Minist\u00e9rio da Fazenda desistiu de criar um teto para a isen\u00e7\u00e3o de Imposto de Renda Pessoa F\u00edsica (IRPF) para pessoas com doen\u00e7as graves. Em nota, a assessoria da pasta admitiu que a proposta chegou a ser estudada, mas foi retirada das discuss\u00f5es. \u201cA Fazenda n\u00e3o [&hellip;]<\/p>\n","protected":false},"author":1,"featured_media":6928,"comment_status":"open","ping_status":"open","sticky":false,"template":"","format":"standard","meta":{"_jetpack_newsletter_access":"","_jetpack_dont_email_post_to_subs":false,"_jetpack_newsletter_tier_id":0,"_jetpack_memberships_contains_paywalled_content":false,"_mbp_banners":[],"_jetpack_feature_clip_id":0,"_jetpack_memberships_contains_paid_content":false,"footnotes":"","jetpack_publicize_message":"","jetpack_publicize_feature_enabled":true,"jetpack_social_post_already_shared":true,"jetpack_social_options":{"image_generator_settings":{"template":"highway","default_image_id":0,"font":"","enabled":false},"version":2},"jetpack_post_was_ever_published":false},"categories":[24],"tags":[],"class_list":["post-25870","post","type-post","status-publish","format-standard","has-post-thumbnail","category-economia"],"jetpack_publicize_connections":[],"jetpack-related-posts":[],"jetpack_shortlink":"https:\/\/wp.me\/p7Eq1F-6Jg","jetpack_sharing_enabled":true,"jetpack_featured_media_url":"https:\/\/i0.wp.com\/guialimeira.com.br\/news\/wp-content\/uploads\/2024\/05\/ja_8380.jpg?fit=1600%2C800&ssl=1","_links":{"self":[{"href":"https:\/\/guialimeira.com.br\/news\/wp-json\/wp\/v2\/posts\/25870","targetHints":{"allow":["GET"]}}],"collection":[{"href":"https:\/\/guialimeira.com.br\/news\/wp-json\/wp\/v2\/posts"}],"about":[{"href":"https:\/\/guialimeira.com.br\/news\/wp-json\/wp\/v2\/types\/post"}],"author":[{"embeddable":true,"href":"https:\/\/guialimeira.com.br\/news\/wp-json\/wp\/v2\/users\/1"}],"replies":[{"embeddable":true,"href":"https:\/\/guialimeira.com.br\/news\/wp-json\/wp\/v2\/comments?post=25870"}],"version-history":[{"count":0,"href":"https:\/\/guialimeira.com.br\/news\/wp-json\/wp\/v2\/posts\/25870\/revisions"}],"wp:featuredmedia":[{"embeddable":true,"href":"https:\/\/guialimeira.com.br\/news\/wp-json\/wp\/v2\/media\/6928"}],"wp:attachment":[{"href":"https:\/\/guialimeira.com.br\/news\/wp-json\/wp\/v2\/media?parent=25870"}],"wp:term":[{"taxonomy":"category","embeddable":true,"href":"https:\/\/guialimeira.com.br\/news\/wp-json\/wp\/v2\/categories?post=25870"},{"taxonomy":"post_tag","embeddable":true,"href":"https:\/\/guialimeira.com.br\/news\/wp-json\/wp\/v2\/tags?post=25870"}],"curies":[{"name":"wp","href":"https:\/\/api.w.org\/{rel}","templated":true}]}}