{"id":25867,"date":"2025-03-06T20:42:07","date_gmt":"2025-03-06T23:42:07","guid":{"rendered":"https:\/\/guialimeira.com.br\/?p=25867"},"modified":"2025-03-06T20:42:09","modified_gmt":"2025-03-06T23:42:09","slug":"projeto-de-lei-garante-cardapios-impressos-em-restaurantes-bares-e-lanchonetes-de-limeira","status":"publish","type":"post","link":"https:\/\/guialimeira.com.br\/news\/projeto-de-lei-garante-cardapios-impressos-em-restaurantes-bares-e-lanchonetes-de-limeira\/","title":{"rendered":"Projeto de Lei garante card\u00e1pios impressos em restaurantes, bares e lanchonetes de Limeira"},"content":{"rendered":"\n<p class=\"wp-block-paragraph\">A vereadora <strong>Mara Isa Mattos Silveira (PL)<\/strong> apresentou um projeto de lei que torna <strong>obrigat\u00f3ria a disponibiliza\u00e7\u00e3o de card\u00e1pios impressos<\/strong> em <strong>restaurantes, bares, casas noturnas, lanchonetes e estabelecimentos similares<\/strong> de Limeira. O objetivo da proposta \u00e9 <strong>garantir acessibilidade e inclus\u00e3o<\/strong>, especialmente para <strong>idosos e pessoas com dificuldades tecnol\u00f3gicas<\/strong>, que podem enfrentar obst\u00e1culos ao utilizar apenas <strong>card\u00e1pios digitais ou QR Codes<\/strong>.<\/p>\n\n\n\n<h2 class=\"wp-block-heading\"><strong>Card\u00e1pio impresso: uma op\u00e7\u00e3o essencial para o Consumidor<\/strong><\/h2>\n\n\n\n<p class=\"wp-block-paragraph\">Com o avan\u00e7o da tecnologia, muitos estabelecimentos passaram a oferecer <strong>card\u00e1pios exclusivamente digitais<\/strong>, acess\u00edveis via <strong>QR Code<\/strong>. No entanto, essa pr\u00e1tica tem gerado <strong>dificuldades para parte da popula\u00e7\u00e3o<\/strong>, que nem sempre est\u00e1 familiarizada com dispositivos m\u00f3veis ou tem acesso \u00e0 internet de qualidade.<\/p>\n\n\n\n<p class=\"wp-block-paragraph\">\ud83d\udccc <strong>O que diz o projeto de lei?<\/strong><\/p>\n\n\n\n<p class=\"wp-block-paragraph\">\u2705 Todos os estabelecimentos do setor aliment\u00edcio mencionados dever\u00e3o <strong>manter \u00e0 disposi\u00e7\u00e3o dos clientes um card\u00e1pio impresso<\/strong> com a listagem de produtos e seus respectivos pre\u00e7os.<br>\u2705 O uso de <strong>card\u00e1pios digitais ou QR Codes continua permitido<\/strong>, mas n\u00e3o poder\u00e1 <strong>substituir totalmente<\/strong> a vers\u00e3o f\u00edsica.<br>\u2705 Em caso de descumprimento, o estabelecimento poder\u00e1 ser <strong>notificado<\/strong> e, se n\u00e3o regularizar a situa\u00e7\u00e3o em <strong>30 dias<\/strong>, estar\u00e1 sujeito a <strong>multa<\/strong>, conforme regulamenta\u00e7\u00e3o futura do Executivo.<\/p>\n\n\n\n<h2 class=\"wp-block-heading\"><strong>Justificativa: garantia de acessibilidade e direito do consumidor<\/strong><\/h2>\n\n\n\n<p class=\"wp-block-paragraph\">A proposta apresentada por <strong>Mara Isa Mattos Silveira<\/strong> nasceu de <strong>demandas de mun\u00edcipes<\/strong>, que relataram dificuldades ao frequentar locais onde <strong>n\u00e3o h\u00e1 op\u00e7\u00e3o de card\u00e1pio impresso<\/strong>. A vereadora destaca que o objetivo do projeto <strong>n\u00e3o \u00e9 impor mais uma obriga\u00e7\u00e3o aos empres\u00e1rios<\/strong>, mas sim garantir <strong>acessibilidade e respeito aos direitos do consumidor<\/strong>.<\/p>\n\n\n\n<p class=\"wp-block-paragraph\">A <strong>orienta\u00e7\u00e3o do Procon<\/strong> refor\u00e7a a necessidade de card\u00e1pios f\u00edsicos, recomendando que os estabelecimentos <strong>ofere\u00e7am tanto op\u00e7\u00f5es digitais quanto impressas<\/strong>, assegurando que <strong>todos os clientes tenham acesso \u00e0 informa\u00e7\u00e3o sobre os produtos e servi\u00e7os<\/strong>.<\/p>\n\n\n\n<p class=\"wp-block-paragraph\">\ud83d\uded1 <strong>Por que essa medida \u00e9 importante?<\/strong><\/p>\n\n\n\n<p class=\"wp-block-paragraph\">\u2714\ufe0f <strong>Inclus\u00e3o e acessibilidade<\/strong> para idosos e pessoas com dificuldades no uso de tecnologia.<br>\u2714\ufe0f <strong>Maior transpar\u00eancia<\/strong> na exibi\u00e7\u00e3o dos pre\u00e7os e informa\u00e7\u00f5es sobre os produtos.<br>\u2714\ufe0f <strong>Respeito ao direito do consumidor<\/strong>, garantindo uma experi\u00eancia mais confort\u00e1vel nos estabelecimentos.<\/p>\n\n\n\n<p class=\"wp-block-paragraph\">A proposta agora segue para <strong>discuss\u00e3o e vota\u00e7\u00e3o na C\u00e2mara Municipal de Limeira<\/strong>. Se aprovada, a nova lei trar\u00e1 <strong>mais comodidade e inclus\u00e3o<\/strong> para todos os consumidores da cidade.<\/p>\n","protected":false},"excerpt":{"rendered":"<p>A vereadora Mara Isa Mattos Silveira (PL) apresentou um projeto de lei que torna obrigat\u00f3ria a disponibiliza\u00e7\u00e3o de card\u00e1pios impressos em restaurantes, bares, casas noturnas, lanchonetes e estabelecimentos similares de Limeira. O objetivo da proposta \u00e9 garantir acessibilidade e inclus\u00e3o, especialmente para idosos e pessoas com dificuldades tecnol\u00f3gicas, que podem enfrentar obst\u00e1culos ao utilizar apenas [&hellip;]<\/p>\n","protected":false},"author":1,"featured_media":25868,"comment_status":"open","ping_status":"open","sticky":false,"template":"","format":"standard","meta":{"_jetpack_newsletter_access":"","_jetpack_dont_email_post_to_subs":false,"_jetpack_newsletter_tier_id":0,"_jetpack_memberships_contains_paywalled_content":false,"_mbp_banners":[],"_jetpack_feature_clip_id":0,"_jetpack_memberships_contains_paid_content":false,"footnotes":"","jetpack_publicize_message":"","jetpack_publicize_feature_enabled":true,"jetpack_social_post_already_shared":true,"jetpack_social_options":{"image_generator_settings":{"template":"highway","default_image_id":0,"font":"","enabled":false},"version":2},"jetpack_post_was_ever_published":false},"categories":[19],"tags":[],"class_list":["post-25867","post","type-post","status-publish","format-standard","has-post-thumbnail","category-politica"],"jetpack_publicize_connections":[],"jetpack-related-posts":[],"jetpack_shortlink":"https:\/\/wp.me\/p7Eq1F-6Jd","jetpack_sharing_enabled":true,"jetpack_featured_media_url":"https:\/\/i0.wp.com\/guialimeira.com.br\/news\/wp-content\/uploads\/2025\/03\/cardapio-impresso-1-780x470-1.png?fit=780%2C470&ssl=1","_links":{"self":[{"href":"https:\/\/guialimeira.com.br\/news\/wp-json\/wp\/v2\/posts\/25867","targetHints":{"allow":["GET"]}}],"collection":[{"href":"https:\/\/guialimeira.com.br\/news\/wp-json\/wp\/v2\/posts"}],"about":[{"href":"https:\/\/guialimeira.com.br\/news\/wp-json\/wp\/v2\/types\/post"}],"author":[{"embeddable":true,"href":"https:\/\/guialimeira.com.br\/news\/wp-json\/wp\/v2\/users\/1"}],"replies":[{"embeddable":true,"href":"https:\/\/guialimeira.com.br\/news\/wp-json\/wp\/v2\/comments?post=25867"}],"version-history":[{"count":1,"href":"https:\/\/guialimeira.com.br\/news\/wp-json\/wp\/v2\/posts\/25867\/revisions"}],"predecessor-version":[{"id":25869,"href":"https:\/\/guialimeira.com.br\/news\/wp-json\/wp\/v2\/posts\/25867\/revisions\/25869"}],"wp:featuredmedia":[{"embeddable":true,"href":"https:\/\/guialimeira.com.br\/news\/wp-json\/wp\/v2\/media\/25868"}],"wp:attachment":[{"href":"https:\/\/guialimeira.com.br\/news\/wp-json\/wp\/v2\/media?parent=25867"}],"wp:term":[{"taxonomy":"category","embeddable":true,"href":"https:\/\/guialimeira.com.br\/news\/wp-json\/wp\/v2\/categories?post=25867"},{"taxonomy":"post_tag","embeddable":true,"href":"https:\/\/guialimeira.com.br\/news\/wp-json\/wp\/v2\/tags?post=25867"}],"curies":[{"name":"wp","href":"https:\/\/api.w.org\/{rel}","templated":true}]}}