{"id":25865,"date":"2025-03-08T13:27:00","date_gmt":"2025-03-08T16:27:00","guid":{"rendered":"https:\/\/guialimeira.com.br\/?p=25865"},"modified":"2025-03-06T20:32:54","modified_gmt":"2025-03-06T23:32:54","slug":"vereador-felipe-penedo-de-barros-cobra-manutencao-do-almoxarifado-da-secretaria-de-educacao-de-limeira","status":"publish","type":"post","link":"https:\/\/guialimeira.com.br\/news\/vereador-felipe-penedo-de-barros-cobra-manutencao-do-almoxarifado-da-secretaria-de-educacao-de-limeira\/","title":{"rendered":"Vereador Felipe Penedo de Barros cobra manuten\u00e7\u00e3o do almoxarifado da Secretaria de Educa\u00e7\u00e3o de Limeira"},"content":{"rendered":"\n<p class=\"wp-block-paragraph\">O vereador <strong>Felipe Penedo de Barros (PL)<\/strong> apresentou um requerimento ao <strong>Poder Executivo<\/strong> solicitando informa\u00e7\u00f5es sobre a <strong>manuten\u00e7\u00e3o e conserva\u00e7\u00e3o do pr\u00e9dio utilizado como almoxarifado da Secretaria de Educa\u00e7\u00e3o de Limeira<\/strong>, localizado na <strong>Rua Cear\u00e1, n\u00ba 406 \u2013 Vila S\u00e3o Crist\u00f3v\u00e3o<\/strong>.<\/p>\n\n\n\n<p class=\"wp-block-paragraph\">A iniciativa surgiu ap\u00f3s <strong>vistorias no local<\/strong> apontarem um <strong>cen\u00e1rio preocupante de abandono<\/strong>, com <strong>mato alto, pintura desgastada e sinais de deteriora\u00e7\u00e3o estrutural<\/strong>. Al\u00e9m disso, o im\u00f3vel n\u00e3o possui <strong>identifica\u00e7\u00e3o adequada<\/strong>, dificultando sua <strong>reconhecimento como um pr\u00e9dio p\u00fablico<\/strong>.<\/p>\n\n\n\n<h2 class=\"wp-block-heading\"><strong>Questionamentos sobre a conserva\u00e7\u00e3o do pr\u00e9dio<\/strong><\/h2>\n\n\n\n<p class=\"wp-block-paragraph\">Diante da situa\u00e7\u00e3o, o vereador cobra esclarecimentos da Prefeitura e da Secretaria de Educa\u00e7\u00e3o, incluindo:<\/p>\n\n\n\n<p class=\"wp-block-paragraph\">\ud83d\udccc <strong>Existe um cronograma de manuten\u00e7\u00e3o e limpeza do entorno? Se sim, por que n\u00e3o est\u00e1 sendo cumprido regularmente?<\/strong><br>\ud83d\udccc <strong>H\u00e1 previs\u00e3o para a pintura e recupera\u00e7\u00e3o da estrutura externa do pr\u00e9dio? Qual o prazo estimado para a execu\u00e7\u00e3o?<\/strong><br>\ud83d\udccc <strong>Que medidas est\u00e3o sendo adotadas para evitar a deteriora\u00e7\u00e3o acelerada do im\u00f3vel?<\/strong><br>\ud83d\udccc <strong>A Secretaria de Educa\u00e7\u00e3o tem um planejamento para a identifica\u00e7\u00e3o visual do pr\u00e9dio, refor\u00e7ando sua fun\u00e7\u00e3o p\u00fablica?<\/strong><br>\ud83d\udccc <strong>H\u00e1 destina\u00e7\u00e3o de recursos no or\u00e7amento da Secretaria para garantir a manuten\u00e7\u00e3o do im\u00f3vel?<\/strong><\/p>\n\n\n\n<h2 class=\"wp-block-heading\"><strong>Estado de abandono gera preocupa\u00e7\u00e3o<\/strong><\/h2>\n\n\n\n<p class=\"wp-block-paragraph\">O descaso com a manuten\u00e7\u00e3o do pr\u00e9dio <strong>n\u00e3o compromete apenas a est\u00e9tica urbana<\/strong>, mas tamb\u00e9m pode <strong>estimular atos de vandalismo e inseguran\u00e7a<\/strong> na regi\u00e3o. A situa\u00e7\u00e3o refor\u00e7a a <strong>Teoria das Janelas Quebradas<\/strong>, que aponta que <strong>ambientes degradados aumentam a sensa\u00e7\u00e3o de desordem e incentivam pr\u00e1ticas criminosas<\/strong>.<\/p>\n\n\n\n<p class=\"wp-block-paragraph\">A cobran\u00e7a do vereador tem como objetivo <strong>garantir provid\u00eancias urgentes<\/strong> para a conserva\u00e7\u00e3o do im\u00f3vel, evitando que sua deteriora\u00e7\u00e3o avance ainda mais e prejudique <strong>o funcionamento da Secretaria de Educa\u00e7\u00e3o<\/strong>.<\/p>\n\n\n\n<p class=\"wp-block-paragraph\">Agora, a popula\u00e7\u00e3o aguarda <strong>respostas da Prefeitura e da Secretaria de Educa\u00e7\u00e3o<\/strong> sobre as medidas que ser\u00e3o adotadas para resolver o problema!<\/p>\n","protected":false},"excerpt":{"rendered":"<p>O vereador Felipe Penedo de Barros (PL) apresentou um requerimento ao Poder Executivo solicitando informa\u00e7\u00f5es sobre a manuten\u00e7\u00e3o e conserva\u00e7\u00e3o do pr\u00e9dio utilizado como almoxarifado da Secretaria de Educa\u00e7\u00e3o de Limeira, localizado na Rua Cear\u00e1, n\u00ba 406 \u2013 Vila S\u00e3o Crist\u00f3v\u00e3o. A iniciativa surgiu ap\u00f3s vistorias no local apontarem um cen\u00e1rio preocupante de abandono, com [&hellip;]<\/p>\n","protected":false},"author":1,"featured_media":24826,"comment_status":"open","ping_status":"open","sticky":false,"template":"","format":"standard","meta":{"_jetpack_newsletter_access":"","_jetpack_dont_email_post_to_subs":false,"_jetpack_newsletter_tier_id":0,"_jetpack_memberships_contains_paywalled_content":false,"_mbp_banners":[],"_jetpack_feature_clip_id":0,"_jetpack_memberships_contains_paid_content":false,"footnotes":"","jetpack_publicize_message":"","jetpack_publicize_feature_enabled":true,"jetpack_social_post_already_shared":true,"jetpack_social_options":{"image_generator_settings":{"template":"highway","default_image_id":0,"font":"","enabled":false},"version":2},"jetpack_post_was_ever_published":false},"categories":[19],"tags":[],"class_list":["post-25865","post","type-post","status-publish","format-standard","has-post-thumbnail","category-politica"],"jetpack_publicize_connections":[],"jetpack-related-posts":[],"jetpack_shortlink":"https:\/\/wp.me\/p7Eq1F-6Jb","jetpack_sharing_enabled":true,"jetpack_featured_media_url":"https:\/\/i0.wp.com\/guialimeira.com.br\/news\/wp-content\/uploads\/2025\/02\/2025-02-25_felipe-penedo-cobra-explicacoes-sobre-quedas-de-energia_1.jpg?fit=1280%2C640&ssl=1","_links":{"self":[{"href":"https:\/\/guialimeira.com.br\/news\/wp-json\/wp\/v2\/posts\/25865","targetHints":{"allow":["GET"]}}],"collection":[{"href":"https:\/\/guialimeira.com.br\/news\/wp-json\/wp\/v2\/posts"}],"about":[{"href":"https:\/\/guialimeira.com.br\/news\/wp-json\/wp\/v2\/types\/post"}],"author":[{"embeddable":true,"href":"https:\/\/guialimeira.com.br\/news\/wp-json\/wp\/v2\/users\/1"}],"replies":[{"embeddable":true,"href":"https:\/\/guialimeira.com.br\/news\/wp-json\/wp\/v2\/comments?post=25865"}],"version-history":[{"count":1,"href":"https:\/\/guialimeira.com.br\/news\/wp-json\/wp\/v2\/posts\/25865\/revisions"}],"predecessor-version":[{"id":25866,"href":"https:\/\/guialimeira.com.br\/news\/wp-json\/wp\/v2\/posts\/25865\/revisions\/25866"}],"wp:featuredmedia":[{"embeddable":true,"href":"https:\/\/guialimeira.com.br\/news\/wp-json\/wp\/v2\/media\/24826"}],"wp:attachment":[{"href":"https:\/\/guialimeira.com.br\/news\/wp-json\/wp\/v2\/media?parent=25865"}],"wp:term":[{"taxonomy":"category","embeddable":true,"href":"https:\/\/guialimeira.com.br\/news\/wp-json\/wp\/v2\/categories?post=25865"},{"taxonomy":"post_tag","embeddable":true,"href":"https:\/\/guialimeira.com.br\/news\/wp-json\/wp\/v2\/tags?post=25865"}],"curies":[{"name":"wp","href":"https:\/\/api.w.org\/{rel}","templated":true}]}}