{"id":25858,"date":"2025-03-09T08:13:00","date_gmt":"2025-03-09T11:13:00","guid":{"rendered":"https:\/\/guialimeira.com.br\/?p=25858"},"modified":"2025-03-06T20:16:13","modified_gmt":"2025-03-06T23:16:13","slug":"vereadora-lu-bogo-questiona-contratacao-de-novos-agentes-de-transito-em-limeira","status":"publish","type":"post","link":"https:\/\/guialimeira.com.br\/news\/vereadora-lu-bogo-questiona-contratacao-de-novos-agentes-de-transito-em-limeira\/","title":{"rendered":"Vereadora Lu Bogo questiona contrata\u00e7\u00e3o de novos agentes de tr\u00e2nsito em Limeira"},"content":{"rendered":"\n<p class=\"wp-block-paragraph\">A vereadora <strong>Lu Bogo (PL)<\/strong> apresentou um requerimento ao <strong>Poder Executivo<\/strong> solicitando informa\u00e7\u00f5es sobre a <strong>contrata\u00e7\u00e3o de novos agentes de tr\u00e2nsito em Limeira<\/strong>. A demanda surgiu ap\u00f3s in\u00fameras reclama\u00e7\u00f5es de moradores sobre a <strong>falta de fiscaliza\u00e7\u00e3o e organiza\u00e7\u00e3o do tr\u00e2nsito<\/strong>, especialmente em \u00e1reas com grande fluxo de ve\u00edculos, como escolas, hospitais, postos de sa\u00fade e regi\u00f5es comerciais.<\/p>\n\n\n\n<h2 class=\"wp-block-heading\"><strong>Tr\u00e2nsito cada vez mais ca\u00f3tico<\/strong><\/h2>\n\n\n\n<p class=\"wp-block-paragraph\">Com o <strong>aumento da frota de ve\u00edculos<\/strong> na cidade, os problemas no tr\u00e2nsito tamb\u00e9m cresceram, tornando essencial a atua\u00e7\u00e3o de agentes para garantir a fluidez e a seguran\u00e7a vi\u00e1ria. Diante dessa realidade, a vereadora questiona se o munic\u00edpio <strong>j\u00e1 convocou todos os aprovados no \u00faltimo concurso p\u00fablico para agentes de tr\u00e2nsito<\/strong> e, caso contr\u00e1rio, qual o motivo da n\u00e3o convoca\u00e7\u00e3o.<\/p>\n\n\n\n<p class=\"wp-block-paragraph\">Al\u00e9m disso, Lu Bogo tamb\u00e9m solicita informa\u00e7\u00f5es sobre:<\/p>\n\n\n\n<p class=\"wp-block-paragraph\">\u2705 <strong>Quantos agentes foram chamados na \u00faltima convoca\u00e7\u00e3o?<\/strong><br>\u2705 <strong>Se h\u00e1 previs\u00e3o para a realiza\u00e7\u00e3o de um novo concurso p\u00fablico para agentes de tr\u00e2nsito?<\/strong><br>\u2705 <strong>Quantos profissionais est\u00e3o em atividade atualmente no munic\u00edpio?<\/strong><br>\u2705 <strong>Qual o n\u00famero ideal de agentes para atender a demanda do tr\u00e2nsito em Limeira?<\/strong><\/p>\n\n\n\n<h2 class=\"wp-block-heading\"><strong>Popula\u00e7\u00e3o clama por mais fiscaliza\u00e7\u00e3o<\/strong><\/h2>\n\n\n\n<p class=\"wp-block-paragraph\">A falta de agentes nas ruas tem sido uma <strong>reclama\u00e7\u00e3o recorrente<\/strong> da popula\u00e7\u00e3o, que enfrenta <strong>engarrafamentos, infra\u00e7\u00f5es frequentes e falta de organiza\u00e7\u00e3o em hor\u00e1rios de pico<\/strong>. Sem uma presen\u00e7a efetiva da fiscaliza\u00e7\u00e3o, motoristas e pedestres ficam mais expostos a riscos no tr\u00e2nsito.<\/p>\n\n\n\n<p class=\"wp-block-paragraph\">Por isso, a vereadora refor\u00e7a a import\u00e2ncia de um <strong>posicionamento oficial da Prefeitura<\/strong> para entender se h\u00e1 planejamento para refor\u00e7ar o quadro de agentes e melhorar a fiscaliza\u00e7\u00e3o no munic\u00edpio.<\/p>\n","protected":false},"excerpt":{"rendered":"<p>A vereadora Lu Bogo (PL) apresentou um requerimento ao Poder Executivo solicitando informa\u00e7\u00f5es sobre a contrata\u00e7\u00e3o de novos agentes de tr\u00e2nsito em Limeira. A demanda surgiu ap\u00f3s in\u00fameras reclama\u00e7\u00f5es de moradores sobre a falta de fiscaliza\u00e7\u00e3o e organiza\u00e7\u00e3o do tr\u00e2nsito, especialmente em \u00e1reas com grande fluxo de ve\u00edculos, como escolas, hospitais, postos de sa\u00fade e [&hellip;]<\/p>\n","protected":false},"author":1,"featured_media":25859,"comment_status":"open","ping_status":"open","sticky":false,"template":"","format":"standard","meta":{"_jetpack_newsletter_access":"","_jetpack_dont_email_post_to_subs":false,"_jetpack_newsletter_tier_id":0,"_jetpack_memberships_contains_paywalled_content":false,"_mbp_banners":[],"_jetpack_feature_clip_id":0,"_jetpack_memberships_contains_paid_content":false,"footnotes":"","jetpack_publicize_message":"","jetpack_publicize_feature_enabled":true,"jetpack_social_post_already_shared":true,"jetpack_social_options":{"image_generator_settings":{"template":"highway","default_image_id":0,"font":"","enabled":false},"version":2},"jetpack_post_was_ever_published":false},"categories":[19],"tags":[],"class_list":["post-25858","post","type-post","status-publish","format-standard","has-post-thumbnail","category-politica"],"jetpack_publicize_connections":[],"jetpack-related-posts":[],"jetpack_shortlink":"https:\/\/wp.me\/p7Eq1F-6J4","jetpack_sharing_enabled":true,"jetpack_featured_media_url":"https:\/\/i0.wp.com\/guialimeira.com.br\/news\/wp-content\/uploads\/2025\/03\/policial-regulando-o-conjunto-de-trafego-policial-parando-de-pe-com-dispositivo-de-camera-mostrando-sinal-de-stop-dando-sinal-para-dirigir-ilustracao-vetorial-de-conducao-segura-homem-de-uniform.jpg?fit=1480%2C740&ssl=1","_links":{"self":[{"href":"https:\/\/guialimeira.com.br\/news\/wp-json\/wp\/v2\/posts\/25858","targetHints":{"allow":["GET"]}}],"collection":[{"href":"https:\/\/guialimeira.com.br\/news\/wp-json\/wp\/v2\/posts"}],"about":[{"href":"https:\/\/guialimeira.com.br\/news\/wp-json\/wp\/v2\/types\/post"}],"author":[{"embeddable":true,"href":"https:\/\/guialimeira.com.br\/news\/wp-json\/wp\/v2\/users\/1"}],"replies":[{"embeddable":true,"href":"https:\/\/guialimeira.com.br\/news\/wp-json\/wp\/v2\/comments?post=25858"}],"version-history":[{"count":1,"href":"https:\/\/guialimeira.com.br\/news\/wp-json\/wp\/v2\/posts\/25858\/revisions"}],"predecessor-version":[{"id":25860,"href":"https:\/\/guialimeira.com.br\/news\/wp-json\/wp\/v2\/posts\/25858\/revisions\/25860"}],"wp:featuredmedia":[{"embeddable":true,"href":"https:\/\/guialimeira.com.br\/news\/wp-json\/wp\/v2\/media\/25859"}],"wp:attachment":[{"href":"https:\/\/guialimeira.com.br\/news\/wp-json\/wp\/v2\/media?parent=25858"}],"wp:term":[{"taxonomy":"category","embeddable":true,"href":"https:\/\/guialimeira.com.br\/news\/wp-json\/wp\/v2\/categories?post=25858"},{"taxonomy":"post_tag","embeddable":true,"href":"https:\/\/guialimeira.com.br\/news\/wp-json\/wp\/v2\/tags?post=25858"}],"curies":[{"name":"wp","href":"https:\/\/api.w.org\/{rel}","templated":true}]}}