{"id":25855,"date":"2025-03-07T13:59:00","date_gmt":"2025-03-07T16:59:00","guid":{"rendered":"https:\/\/guialimeira.com.br\/?p=25855"},"modified":"2025-03-06T20:02:25","modified_gmt":"2025-03-06T23:02:25","slug":"vereadora-lu-bogo-cobra-solucao-para-constantes-apagoes-em-limeira","status":"publish","type":"post","link":"https:\/\/guialimeira.com.br\/news\/vereadora-lu-bogo-cobra-solucao-para-constantes-apagoes-em-limeira\/","title":{"rendered":"Vereadora Lu Bogo cobra solu\u00e7\u00e3o para constantes apag\u00f5es em Limeira"},"content":{"rendered":"\n<p class=\"wp-block-paragraph\">A vereadora <strong>Lu Bogo (PL)<\/strong> solicitou informa\u00e7\u00f5es ao Poder Executivo sobre os <strong>constantes apag\u00f5es<\/strong> que t\u00eam afetado tanto a <strong>\u00e1rea urbana<\/strong> quanto a <strong>\u00e1rea rural de Limeira<\/strong>. O objetivo \u00e9 entender quais medidas est\u00e3o sendo tomadas, em parceria com a <strong>concession\u00e1ria Neoenergia<\/strong>, para minimizar os transtornos causados \u00e0 popula\u00e7\u00e3o.<\/p>\n\n\n\n<h2 class=\"wp-block-heading\"><strong>Falta de energia: um problema recorrente<\/strong><\/h2>\n\n\n\n<p class=\"wp-block-paragraph\">Os moradores de Limeira t\u00eam enfrentado <strong>frequentes quedas de energia<\/strong>, especialmente durante mudan\u00e7as clim\u00e1ticas e per\u00edodos de chuva. Relatos indicam que, em fevereiro deste ano, <strong>houve interrup\u00e7\u00f5es constantes no fornecimento de energia<\/strong>, afetando diversos bairros da cidade.<\/p>\n\n\n\n<p class=\"wp-block-paragraph\">Al\u00e9m do inc\u00f4modo, os apag\u00f5es t\u00eam causado <strong>danos a eletrodom\u00e9sticos<\/strong> como televisores, ar-condicionado, ventiladores, chuveiros e geladeiras. Muitos consumidores <strong>n\u00e3o conseguem aguardar o longo processo de ressarcimento da concession\u00e1ria<\/strong>, o que gera preju\u00edzos financeiros e insatisfa\u00e7\u00e3o.<\/p>\n\n\n\n<h2 class=\"wp-block-heading\"><strong>Principais questionamentos ao executivo<\/strong><\/h2>\n\n\n\n<p class=\"wp-block-paragraph\">Diante dessa situa\u00e7\u00e3o, a vereadora Lu Bogo encaminhou os seguintes questionamentos \u00e0 Prefeitura:<\/p>\n\n\n\n<p class=\"wp-block-paragraph\">\ud83d\udca1 <strong>O munic\u00edpio j\u00e1 entrou em contato com a concession\u00e1ria Neoenergia para buscar solu\u00e7\u00f5es para os apag\u00f5es frequentes?<\/strong><\/p>\n\n\n\n<p class=\"wp-block-paragraph\">\ud83d\udca1 <strong>Se sim, quais medidas ser\u00e3o adotadas para resolver o problema?<\/strong><\/p>\n\n\n\n<p class=\"wp-block-paragraph\">\ud83d\udca1 <strong>Se n\u00e3o, por que ainda n\u00e3o houve essa iniciativa?<\/strong><\/p>\n\n\n\n<h2 class=\"wp-block-heading\"><strong>Popula\u00e7\u00e3o precisa de respostas<\/strong><\/h2>\n\n\n\n<p class=\"wp-block-paragraph\">A falta de um fornecimento est\u00e1vel de energia afeta diretamente a <strong>qualidade de vida dos moradores<\/strong>, comprometendo desde tarefas simples do dia a dia at\u00e9 o funcionamento de com\u00e9rcios e ind\u00fastrias. A vereadora refor\u00e7a a necessidade de <strong>uma resposta oficial<\/strong>, pois a popula\u00e7\u00e3o n\u00e3o pode continuar sofrendo com essa situa\u00e7\u00e3o sem uma solu\u00e7\u00e3o clara e eficaz.<\/p>\n\n\n\n<p class=\"wp-block-paragraph\">Agora, aguardamos o posicionamento da Prefeitura e da Neoenergia sobre <strong>quais provid\u00eancias ser\u00e3o tomadas para garantir um servi\u00e7o de energia mais est\u00e1vel e confi\u00e1vel para Limeira<\/strong>.<\/p>\n","protected":false},"excerpt":{"rendered":"<p>A vereadora Lu Bogo (PL) solicitou informa\u00e7\u00f5es ao Poder Executivo sobre os constantes apag\u00f5es que t\u00eam afetado tanto a \u00e1rea urbana quanto a \u00e1rea rural de Limeira. O objetivo \u00e9 entender quais medidas est\u00e3o sendo tomadas, em parceria com a concession\u00e1ria Neoenergia, para minimizar os transtornos causados \u00e0 popula\u00e7\u00e3o. Falta de energia: um problema recorrente [&hellip;]<\/p>\n","protected":false},"author":1,"featured_media":25856,"comment_status":"open","ping_status":"open","sticky":false,"template":"","format":"standard","meta":{"_jetpack_newsletter_access":"","_jetpack_dont_email_post_to_subs":false,"_jetpack_newsletter_tier_id":0,"_jetpack_memberships_contains_paywalled_content":false,"_mbp_banners":[],"_jetpack_feature_clip_id":0,"_jetpack_memberships_contains_paid_content":false,"footnotes":"","jetpack_publicize_message":"","jetpack_publicize_feature_enabled":true,"jetpack_social_post_already_shared":true,"jetpack_social_options":{"image_generator_settings":{"template":"highway","default_image_id":0,"font":"","enabled":false},"version":2},"jetpack_post_was_ever_published":false},"categories":[19],"tags":[],"class_list":["post-25855","post","type-post","status-publish","format-standard","has-post-thumbnail","category-politica"],"jetpack_publicize_connections":[],"jetpack-related-posts":[],"jetpack_shortlink":"https:\/\/wp.me\/p7Eq1F-6J1","jetpack_sharing_enabled":true,"jetpack_featured_media_url":"https:\/\/i0.wp.com\/guialimeira.com.br\/news\/wp-content\/uploads\/2025\/03\/Luz-apagon-electricidad-640x360-1.jpg?fit=640%2C360&ssl=1","_links":{"self":[{"href":"https:\/\/guialimeira.com.br\/news\/wp-json\/wp\/v2\/posts\/25855","targetHints":{"allow":["GET"]}}],"collection":[{"href":"https:\/\/guialimeira.com.br\/news\/wp-json\/wp\/v2\/posts"}],"about":[{"href":"https:\/\/guialimeira.com.br\/news\/wp-json\/wp\/v2\/types\/post"}],"author":[{"embeddable":true,"href":"https:\/\/guialimeira.com.br\/news\/wp-json\/wp\/v2\/users\/1"}],"replies":[{"embeddable":true,"href":"https:\/\/guialimeira.com.br\/news\/wp-json\/wp\/v2\/comments?post=25855"}],"version-history":[{"count":1,"href":"https:\/\/guialimeira.com.br\/news\/wp-json\/wp\/v2\/posts\/25855\/revisions"}],"predecessor-version":[{"id":25857,"href":"https:\/\/guialimeira.com.br\/news\/wp-json\/wp\/v2\/posts\/25855\/revisions\/25857"}],"wp:featuredmedia":[{"embeddable":true,"href":"https:\/\/guialimeira.com.br\/news\/wp-json\/wp\/v2\/media\/25856"}],"wp:attachment":[{"href":"https:\/\/guialimeira.com.br\/news\/wp-json\/wp\/v2\/media?parent=25855"}],"wp:term":[{"taxonomy":"category","embeddable":true,"href":"https:\/\/guialimeira.com.br\/news\/wp-json\/wp\/v2\/categories?post=25855"},{"taxonomy":"post_tag","embeddable":true,"href":"https:\/\/guialimeira.com.br\/news\/wp-json\/wp\/v2\/tags?post=25855"}],"curies":[{"name":"wp","href":"https:\/\/api.w.org\/{rel}","templated":true}]}}