{"id":25851,"date":"2025-03-06T19:46:59","date_gmt":"2025-03-06T22:46:59","guid":{"rendered":"https:\/\/guialimeira.com.br\/?p=25851"},"modified":"2025-03-06T19:46:59","modified_gmt":"2025-03-06T22:46:59","slug":"charretes-comissao-de-meio-ambiente-discute-regulamentacao","status":"publish","type":"post","link":"https:\/\/guialimeira.com.br\/news\/charretes-comissao-de-meio-ambiente-discute-regulamentacao\/","title":{"rendered":"Charretes: Comiss\u00e3o de Meio Ambiente discute regulamenta\u00e7\u00e3o"},"content":{"rendered":"\n<figure class=\"wp-block-gallery has-nested-images columns-default is-cropped wp-block-gallery-1 is-layout-flex wp-block-gallery-is-layout-flex\"><\/figure>\n \r\n<br><img data-recalc-dims=\"1\" decoding=\"async\" src=\"https:\/\/i0.wp.com\/guialimeira.com.br\/wp-content\/uploads\/2025\/03\/2025-03-05_charretes-comissao-de-meio-ambiente-discute-regulamentacao_1.jpg?w=696&#038;ssl=1\" \/><br><div>\n\t\t\t\t\t<p>Em reuni\u00e3o extraordin\u00e1ria nesta quarta-feira, 5 de mar\u00e7o, a Comiss\u00e3o de Meio Ambiente da C\u00e2mara apresentou \u00e0s partes envolvidas o texto do projeto de lei que visa regulamentar o uso de charretes em Limeira. Participaram do encontro propriet\u00e1rios e charreteiros da cidade.<\/p><p>Iniciando a reuni\u00e3o, o presidente da Comiss\u00e3o, vereador Felipe Penedo (PL), fez a leitura da proposta para dar conhecimento a todos sobre o teor do texto. De acordo com ele, o objetivo \u00e9 uma regulamenta\u00e7\u00e3o b\u00e1sica para o uso de charretes para evitar que haja abusos tanto por parte dos propriet\u00e1rios, como tamb\u00e9m pelo Poder P\u00fablico.<\/p><p>A proposta determina a obrigatoriedade de que os condutores de charrete obtenham licen\u00e7a espec\u00edfica junto \u00e0 Prefeitura. Para tanto dever\u00e3o apresentar atestado de sa\u00fade do animal e utilizar charretes que atendam aos padr\u00f5es de seguran\u00e7a e conforto estabelecidos pela legisla\u00e7\u00e3o vigente.<\/p><p>Sobre os ve\u00edculos, a minuta do projeto de lei estabelece que deve estar\u00a0 em perfeito estado de funcionamento, com ilumina\u00e7\u00e3o adequada para circula\u00e7\u00e3o noturna e assentos para os passageiros.<\/p><p>Os deveres dos condutores tamb\u00e9m est\u00e3o previstos no texto. Eles dever\u00e3o zelar pelo bem-estar do animal, garantindo alimenta\u00e7\u00e3o, hidrata\u00e7\u00e3o e descanso adequados, n\u00e3o podem permitir o uso de animais em condi\u00e7\u00f5es de sa\u00fade prec\u00e1rias, e devem respeitar as normas de tr\u00e2nsito.<\/p><p>As san\u00e7\u00f5es para quem infringir as determina\u00e7\u00f5es da regulamenta\u00e7\u00e3o v\u00e3o de advert\u00eancia na primeira infra\u00e7\u00e3o, multa na segunda e suspens\u00e3o da licen\u00e7a e apreens\u00e3o da charrete em caso de reincid\u00eancia. Caso ocorra nova reincid\u00eancia o animal poder\u00e1 ser recolhido pelo Poder P\u00fablico.<\/p><p>Os charreteiros aproveitaram para tirar d\u00favidas sobre como funcionar\u00e1 a regulamenta\u00e7\u00e3o se a proposta tramitar na C\u00e2mara e for aprovada, e propuseram altera\u00e7\u00f5es e especifica\u00e7\u00f5es que devem constar no texto para evitar interpreta\u00e7\u00f5es subjetivas.\u00a0<\/p><p>Por enquanto os parlamentares estudam a minuta do projeto, que ainda n\u00e3o foi protocolado no Legislativo. A Comiss\u00e3o deliberou uma nova reuni\u00e3o com os charreteiros, a secret\u00e1ria de Meio Ambiente e veterin\u00e1rios do Setor Apreens\u00e3o de do Departamento de Prote\u00e7\u00e3o e Bem-Estar Animal no dia 20 de mar\u00e7o, \u00e0s 15h, para finalizar a proposta.\u00a0<\/p><p>S\u00e3o atribui\u00e7\u00f5es dos membros fiscalizar a implementa\u00e7\u00e3o de pol\u00edticas p\u00fablicas com tem\u00e1tica relacionada \u00e0 legisla\u00e7\u00e3o de defesa do meio ambiente, agricultura, recursos h\u00eddricos, saneamento, polui\u00e7\u00e3o ambiental, flora, fauna, controle e prote\u00e7\u00e3o animal, solo e desenvolvimento sustent\u00e1vel. Compete ainda ao colegiado receber den\u00fancias de viola\u00e7\u00e3o dos direitos dos animais, al\u00e9m de estudar e propor altera\u00e7\u00f5es na legisla\u00e7\u00e3o ambiental.\u00a0<\/p><p>Fazem parte do colegiado os vereadores Felipe Penedo (PL), presidente; Tatiane Lopes (Avante), vice-presidente e Helder do Taxi (PSD) secret\u00e1rio. As reuni\u00f5es acontecem regimentalmente \u00e0s quintas-feiras, \u00e0s 15h. Todas as delibera\u00e7\u00f5es foram registradas em <a href=\"https:\/\/consulta.limeira.sp.leg.br\/arquivo?Id=480711\" rel=\"noopener\">ata<\/a>.<\/p>\t\t\t\t<\/div>\r\n<br>\r\n<br><a href=\"https:\/\/www.limeira.sp.leg.br\/noticias\/view\/2025-03-05_charretes-comissao-de-meio-ambiente-discute-regulamentacao\" rel=\"noopener\">Informa\u00e7\u00f5es CML <\/a>","protected":false},"excerpt":{"rendered":"<p>Em reuni\u00e3o extraordin\u00e1ria nesta quarta-feira, 5 de mar\u00e7o, a Comiss\u00e3o de Meio Ambiente da C\u00e2mara apresentou \u00e0s partes envolvidas o texto do projeto de lei que visa regulamentar o uso de charretes em Limeira. Participaram do encontro propriet\u00e1rios e charreteiros da cidade. Iniciando a reuni\u00e3o, o presidente da Comiss\u00e3o, vereador Felipe Penedo (PL), fez a [&hellip;]<\/p>\n","protected":false},"author":1,"featured_media":25852,"comment_status":"open","ping_status":"open","sticky":false,"template":"","format":"standard","meta":{"_jetpack_newsletter_access":"","_jetpack_dont_email_post_to_subs":false,"_jetpack_newsletter_tier_id":0,"_jetpack_memberships_contains_paywalled_content":false,"_mbp_banners":[],"_jetpack_feature_clip_id":0,"_jetpack_memberships_contains_paid_content":false,"footnotes":"","jetpack_publicize_message":"","jetpack_publicize_feature_enabled":true,"jetpack_social_post_already_shared":true,"jetpack_social_options":{"image_generator_settings":{"template":"highway","default_image_id":0,"font":"","enabled":false},"version":2},"jetpack_post_was_ever_published":false},"categories":[19],"tags":[],"class_list":["post-25851","post","type-post","status-publish","format-standard","has-post-thumbnail","category-politica"],"jetpack_publicize_connections":[],"jetpack-related-posts":[],"jetpack_shortlink":"https:\/\/wp.me\/p7Eq1F-6IX","jetpack_sharing_enabled":true,"jetpack_featured_media_url":"https:\/\/i0.wp.com\/guialimeira.com.br\/news\/wp-content\/uploads\/2025\/03\/Charretes-Comissao-de-Meio-Ambiente-discute-regulamentacao.jpg?fit=1280%2C640&ssl=1","_links":{"self":[{"href":"https:\/\/guialimeira.com.br\/news\/wp-json\/wp\/v2\/posts\/25851","targetHints":{"allow":["GET"]}}],"collection":[{"href":"https:\/\/guialimeira.com.br\/news\/wp-json\/wp\/v2\/posts"}],"about":[{"href":"https:\/\/guialimeira.com.br\/news\/wp-json\/wp\/v2\/types\/post"}],"author":[{"embeddable":true,"href":"https:\/\/guialimeira.com.br\/news\/wp-json\/wp\/v2\/users\/1"}],"replies":[{"embeddable":true,"href":"https:\/\/guialimeira.com.br\/news\/wp-json\/wp\/v2\/comments?post=25851"}],"version-history":[{"count":1,"href":"https:\/\/guialimeira.com.br\/news\/wp-json\/wp\/v2\/posts\/25851\/revisions"}],"predecessor-version":[{"id":25853,"href":"https:\/\/guialimeira.com.br\/news\/wp-json\/wp\/v2\/posts\/25851\/revisions\/25853"}],"wp:featuredmedia":[{"embeddable":true,"href":"https:\/\/guialimeira.com.br\/news\/wp-json\/wp\/v2\/media\/25852"}],"wp:attachment":[{"href":"https:\/\/guialimeira.com.br\/news\/wp-json\/wp\/v2\/media?parent=25851"}],"wp:term":[{"taxonomy":"category","embeddable":true,"href":"https:\/\/guialimeira.com.br\/news\/wp-json\/wp\/v2\/categories?post=25851"},{"taxonomy":"post_tag","embeddable":true,"href":"https:\/\/guialimeira.com.br\/news\/wp-json\/wp\/v2\/tags?post=25851"}],"curies":[{"name":"wp","href":"https:\/\/api.w.org\/{rel}","templated":true}]}}