{"id":2585,"date":"2024-04-24T09:52:49","date_gmt":"2024-04-24T12:52:49","guid":{"rendered":"https:\/\/guialimeira.com.br\/2024\/04\/24\/relatorio-da-anistia-internacional-mostra-violencia-policial-no-mundo\/"},"modified":"2024-04-24T09:52:49","modified_gmt":"2024-04-24T12:52:49","slug":"relatorio-da-anistia-internacional-mostra-violencia-policial-no-mundo","status":"publish","type":"post","link":"https:\/\/guialimeira.com.br\/news\/relatorio-da-anistia-internacional-mostra-violencia-policial-no-mundo\/","title":{"rendered":"Relat\u00f3rio da Anistia Internacional mostra viol\u00eancia policial no mundo"},"content":{"rendered":"<p> <br \/>\n<\/p>\n<div>\n<p>Viol\u00eancia policial, dificuldade da popula\u00e7\u00e3o em acessar direitos b\u00e1sicos, demora na demarca\u00e7\u00e3o de terras ind\u00edgenas e na titula\u00e7\u00e3o de territ\u00f3rios quilombolas s\u00e3o alguns dos aspectos\u00a0que a organiza\u00e7\u00e3o n\u00e3o governamental (ONG) Anistia Internacional resgatou\u00a0para descrever o Brasil no relat\u00f3rio O Estado Dos Direitos Humanos no Mundo, divulgado nesta quarta-feira\u00a0(24).\u00a0<img data-recalc-dims=\"1\" decoding=\"async\" src=\"https:\/\/i0.wp.com\/agenciabrasil.ebc.com.br\/ebc.png?w=696&#038;ssl=1\" style=\"width:1px; height:1px; display:inline;\"\/><img data-recalc-dims=\"1\" decoding=\"async\" src=\"https:\/\/i0.wp.com\/agenciabrasil.ebc.com.br\/ebc.gif?w=696&#038;ssl=1\" style=\"width:1px; height:1px; display:inline;\"\/><\/p>\n<p>O documento cont\u00e9m an\u00e1lises de 156 pa\u00edses e dedica cerca de cinco p\u00e1ginas ao Brasil. No in\u00edcio do cap\u00edtulo sobre o pa\u00eds, destaca-se que o presidente Luiz In\u00e1cio Lula da Silva assumiu seu terceiro mandato com uma tentativa de golpe de Estado, que culminou na condena\u00e7\u00e3o de 30 pessoas at\u00e9 dezembro de 2023. At\u00e9 mar\u00e7o deste ano, o Supremo Tribunal Federal (STF) condenou 130 pessoas por envolvimento com os atos, responsabilizadas por crimes como associa\u00e7\u00e3o criminosa, aboli\u00e7\u00e3o violenta do Estado Democr\u00e1tico de Direito e deteriora\u00e7\u00e3o de patrim\u00f4nio tombado.<\/p>\n<p>A organiza\u00e7\u00e3o\u00a0lembra\u00a0ainda\u00a0que o principal oponente de Lula, o ex-presidente Jair <a href=\"https:\/\/agenciabrasil.ebc.com.br\/justica\/noticia\/2023-06\/por-5-votos-2-tse-torna-bolsonaro-inelegivel-por-oito-anos#:~:text=Por%205%20votos%20a%202%2C%20o%20Tribunal%20Superior%20Eleitoral%20(TSE,disputar%20as%20elei%C3%A7%C3%B5es%20at%C3%A9%202030\" target=\"_blank\" rel=\"noopener\">Bolsonaro, tornou-se ineleg\u00edvel<\/a> por oito anos, at\u00e9 2030, por decis\u00e3o do Tribunal Superior Eleitoral (TSE). A corte chegou a negar recurso ao qual Bolsonaro tinha direito, <a href=\"https:\/\/agenciabrasil.ebc.com.br\/justica\/noticia\/2023-09\/maioria-do-tse-mantem-decisao-que-declarou-bolsonaro-inelegivel\" target=\"_blank\" rel=\"noopener\">mantendo seu entendimento<\/a> quanto \u00e0 quest\u00e3o.<\/p>\n<p>A se\u00e7\u00e3o que trata do Brasil foi subdividida em direitos econ\u00f4micos, sociais e culturais;\u00a0uso excessivo da for\u00e7a; impunidade; pessoas defensoras dos direitos humanos;\u00a0direito a um meio ambiente saud\u00e1vel; direito dos povos ind\u00edgenas; viol\u00eancia sexual e de g\u00eanero; e direitos sexuais e reprodutivos. A Anistia recordou eventos clim\u00e1ticos recentes que afetaram a popula\u00e7\u00e3o de diversos estados, como S\u00e3o Paulo, Acre, Maranh\u00e3o e Par\u00e1, al\u00e9m de Manaus, com dezenas de milhares de pessoas atingidas. No caso do Acre, o contingente chegou a 32 mil pessoas, de acordo com o relat\u00f3rio.\u00a0<\/p>\n<h2>Trucul\u00eancia policial<\/h2>\n<p>Outro\u00a0problema\u00a0ainda em aberto, ressalta a organiza\u00e7\u00e3o, \u00e9 o total de 394 pessoas mortas durante a\u00e7\u00f5es\u00a0policiais na Bahia, no Rio de Janeiro e em S\u00e3o Paulo, onde foram realizadas as opera\u00e7\u00f5es Escudo e Ver\u00e3o, uma seguida da outra, para apurar den\u00fancias\u00a0de viola\u00e7\u00f5es de direitos humanos. Foram mencionadas, no documento, apenas as mortes do per\u00edodo de\u00a0julho a setembro de 2023, o que pressup\u00f5e que o n\u00famero \u00e9 ainda maior e a situa\u00e7\u00e3o mais grave.\u00a0<\/p>\n<p>A conduta dos policiais que atuaram nas opera\u00e7\u00f5es Escudo e Ver\u00e3o, que abrangeram a <a href=\"https:\/\/agenciabrasil.ebc.com.br\/direitos-humanos\/noticia\/2024-03\/ouvidoria-e-familias-denunciam-execucoes-pela-pm-na-baixada-santista\" target=\"_blank\" rel=\"noopener\">Baixada Santista<\/a>\u00a0foi questionada in\u00fameras vezes. Uma das organiza\u00e7\u00f5es que cobraram explica\u00e7\u00f5es das autoridades, anteriormente, foi a <a href=\"https:\/\/agenciabrasil.ebc.com.br\/geral\/noticia\/2023-11\/human-rights-watch-ve-falhas-em-investigacoes-da-operacao-escudo-em-sp\" target=\"_blank\" rel=\"noopener\">Human Rights Watch<\/a>. O Conselho Nacional de Direitos Humanos (CNDH) tamb\u00e9m alertou para os<a href=\"https:\/\/agenciabrasil.ebc.com.br\/direitos-humanos\/noticia\/2023-09\/mpsp-apura-legalidade-de-operacao-escudo-entidades-pedem-fim-da-acao\" target=\"_blank\" rel=\"noopener\"> abusos<\/a>, salientando, ap\u00f3s enviar uma comitiva que coletou depoimentos de pessoas ligadas \u00e0s v\u00edtimas, que os agentes de seguran\u00e7a cometeram, inclusive, torturas.<\/p>\n<p>&#8220;Interven\u00e7\u00f5es policiais continuaram a causar a morte de crian\u00e7as e adolescentes. Em 7 de agosto, <a href=\"https:\/\/agenciabrasil.ebc.com.br\/geral\/noticia\/2023-09\/caso-thiago-policiais-tem-prisao-preventiva-decretada-no-rio\" target=\"_blank\" rel=\"noopener\">Thiago Menezes<\/a>, de 13 anos, foi morto ilegalmente pela pol\u00edcia quando passeava em uma motocicleta. Em 4 de setembro, o Tribunal de Justi\u00e7a do Estado do Rio de Janeiro decretou a pris\u00e3o preventiva de quatro policiais envolvidos no homic\u00eddio. Em 12 de agosto, <a href=\"https:\/\/agenciabrasil.ebc.com.br\/geral\/noticia\/2023-08\/corpo-da-menina-eloah-e-enterrado-no-rio-familia-pede-justica\" target=\"_blank\" rel=\"noopener\">Eloah Passos<\/a>, de 5 anos de idade, foi atingida por uma bala perdida enquanto brincava dentro de casa. Em 16 de agosto, Helo\u00edsa Santos, de tr\u00eas anos, morreu ap\u00f3s ser baleada por um policial quando estava dentro de um carro com sua fam\u00edlia&#8221;, lembra a ONG\u00a0em outro trecho do relat\u00f3rio.<\/p>\n<p>O conjunto de fatos\u00a0que a organiza\u00e7\u00e3o\u00a0registra sobre os casos de impunidade de\u00a0policiais tamb\u00e9m preocupa. &#8220;O uso ilegal da for\u00e7a pela pol\u00edcia continuou sem ser\u00a0investigado de forma r\u00e1pida ou\u00a0eficaz.\u00a0O desaparecimento for\u00e7ado de Davi Fiuza,\u00a0de 16 anos, durante\u00a0batida policial em Salvador, na Bahia, em 2014,\u00a0permaneceu sem solu\u00e7\u00e3o. Tr\u00eas policiais\u00a0indiciados pelo assassinato do ativista Pedro\u00a0Henrique Cruz em 2018 em Tucano, tamb\u00e9m na Bahia,\u00a0ainda n\u00e3o haviam sido levados a julgamento,\u00a0e sua m\u00e3e, Ana Maria, continuava a sofrer\u00a0amea\u00e7as e intimida\u00e7\u00f5es&#8221;, diz a Anistia, que enviou representantes a uma reuni\u00e3o com o procurador-geral de Justi\u00e7a do Minist\u00e9rio P\u00fablico da Bahia, Pedro Maia, no \u00faltimo dia 16, para tratar da execu\u00e7\u00e3o do ativista Pedro Henrique Santos Cruz, que militava contra a viol\u00eancia policial no estado.\u00a0<\/p>\n<\/p><\/div>\n<p><br \/>\n<br \/><a href=\"https:\/\/agenciabrasil.ebc.com.br\/direitos-humanos\/noticia\/2024-04\/relatorio-da-anistia-internacional-mostra-violencia-policial-no-mundo\" rel=\"noopener\">Ag\u00eancia Brasil<\/a><\/p>\n","protected":false},"excerpt":{"rendered":"<p>Viol\u00eancia policial, dificuldade da popula\u00e7\u00e3o em acessar direitos b\u00e1sicos, demora na demarca\u00e7\u00e3o de terras ind\u00edgenas e na titula\u00e7\u00e3o de territ\u00f3rios quilombolas s\u00e3o alguns dos aspectos\u00a0que a organiza\u00e7\u00e3o n\u00e3o governamental (ONG) Anistia Internacional resgatou\u00a0para descrever o Brasil no relat\u00f3rio O Estado Dos Direitos Humanos no Mundo, divulgado nesta quarta-feira\u00a0(24).\u00a0 O documento cont\u00e9m an\u00e1lises de 156 pa\u00edses [&hellip;]<\/p>\n","protected":false},"author":1,"featured_media":2586,"comment_status":"open","ping_status":"open","sticky":false,"template":"","format":"standard","meta":{"_jetpack_newsletter_access":"","_jetpack_dont_email_post_to_subs":false,"_jetpack_newsletter_tier_id":0,"_jetpack_memberships_contains_paywalled_content":false,"_mbp_banners":[],"_jetpack_feature_clip_id":0,"_jetpack_memberships_contains_paid_content":false,"footnotes":"","jetpack_publicize_message":"","jetpack_publicize_feature_enabled":true,"jetpack_social_post_already_shared":true,"jetpack_social_options":{"image_generator_settings":{"template":"highway","default_image_id":0,"font":"","enabled":false},"version":2},"jetpack_post_was_ever_published":false},"categories":[22],"tags":[],"class_list":["post-2585","post","type-post","status-publish","format-standard","has-post-thumbnail","category-nacional"],"jetpack_publicize_connections":[],"jetpack-related-posts":[],"jetpack_shortlink":"https:\/\/wp.me\/p7Eq1F-FH","jetpack_sharing_enabled":true,"jetpack_featured_media_url":"https:\/\/i0.wp.com\/guialimeira.com.br\/news\/wp-content\/uploads\/2024\/04\/f2jnljwxqaeko-i-topaz.jpeg?fit=1600%2C800&ssl=1","_links":{"self":[{"href":"https:\/\/guialimeira.com.br\/news\/wp-json\/wp\/v2\/posts\/2585","targetHints":{"allow":["GET"]}}],"collection":[{"href":"https:\/\/guialimeira.com.br\/news\/wp-json\/wp\/v2\/posts"}],"about":[{"href":"https:\/\/guialimeira.com.br\/news\/wp-json\/wp\/v2\/types\/post"}],"author":[{"embeddable":true,"href":"https:\/\/guialimeira.com.br\/news\/wp-json\/wp\/v2\/users\/1"}],"replies":[{"embeddable":true,"href":"https:\/\/guialimeira.com.br\/news\/wp-json\/wp\/v2\/comments?post=2585"}],"version-history":[{"count":0,"href":"https:\/\/guialimeira.com.br\/news\/wp-json\/wp\/v2\/posts\/2585\/revisions"}],"wp:featuredmedia":[{"embeddable":true,"href":"https:\/\/guialimeira.com.br\/news\/wp-json\/wp\/v2\/media\/2586"}],"wp:attachment":[{"href":"https:\/\/guialimeira.com.br\/news\/wp-json\/wp\/v2\/media?parent=2585"}],"wp:term":[{"taxonomy":"category","embeddable":true,"href":"https:\/\/guialimeira.com.br\/news\/wp-json\/wp\/v2\/categories?post=2585"},{"taxonomy":"post_tag","embeddable":true,"href":"https:\/\/guialimeira.com.br\/news\/wp-json\/wp\/v2\/tags?post=2585"}],"curies":[{"name":"wp","href":"https:\/\/api.w.org\/{rel}","templated":true}]}}