{"id":25847,"date":"2025-03-07T08:39:00","date_gmt":"2025-03-07T11:39:00","guid":{"rendered":"https:\/\/guialimeira.com.br\/?p=25847"},"modified":"2025-03-06T19:44:24","modified_gmt":"2025-03-06T22:44:24","slug":"vereador-waguinho-da-santa-luzia-questiona-licitacao-para-transporte-escolar-em-limeira","status":"publish","type":"post","link":"https:\/\/guialimeira.com.br\/news\/vereador-waguinho-da-santa-luzia-questiona-licitacao-para-transporte-escolar-em-limeira\/","title":{"rendered":"Vereador Waguinho da Santa Luzia questiona licita\u00e7\u00e3o para transporte escolar em Limeira"},"content":{"rendered":"\n<p class=\"wp-block-paragraph\">O vereador <strong>Waguinho da Santa Luzia (Progressistas)<\/strong> solicitou informa\u00e7\u00f5es ao Poder Executivo sobre a <strong>licita\u00e7\u00e3o do transporte escolar<\/strong> em Limeira. O parlamentar questiona a possibilidade de melhorias na nova contrata\u00e7\u00e3o, especialmente a inclus\u00e3o de <strong>ar-condicionado nos \u00f4nibus<\/strong> e a renova\u00e7\u00e3o da frota.<\/p>\n\n\n\n<h2 class=\"wp-block-heading\"><strong>Climatiza\u00e7\u00e3o nos \u00f4nibus escolares: uma necessidade<\/strong><\/h2>\n\n\n\n<p class=\"wp-block-paragraph\">Com a proximidade do <strong>fim do contrato atual (maio de 2025)<\/strong>, a preocupa\u00e7\u00e3o com a <strong>qualidade do transporte escolar<\/strong> tem sido cada vez maior. Em resposta a um requerimento anterior (n\u00ba 458\/2024), a Prefeitura informou que o contrato vigente <strong>n\u00e3o prev\u00ea a instala\u00e7\u00e3o de ar-condicionado<\/strong> nos ve\u00edculos.<\/p>\n\n\n\n<p class=\"wp-block-paragraph\">No entanto, o intenso calor dentro dos \u00f4nibus tem gerado reclama\u00e7\u00f5es de <strong>pais, alunos e professores<\/strong>, pois as crian\u00e7as chegam \u00e0s escolas suadas e, muitas vezes, passando mal, o que pode comprometer o aprendizado. Diante disso, o vereador refor\u00e7a que a climatiza\u00e7\u00e3o nos ve\u00edculos <strong>n\u00e3o deve ser tratada como um luxo, mas sim como uma necessidade essencial<\/strong>.<\/p>\n\n\n\n<h2 class=\"wp-block-heading\"><strong>Principais questionamentos ao executivo<\/strong><\/h2>\n\n\n\n<p class=\"wp-block-paragraph\">Diante dessa realidade, Waguinho da Santa Luzia encaminhou os seguintes questionamentos \u00e0 Prefeitura:<\/p>\n\n\n\n<p class=\"wp-block-paragraph\">\ud83d\ude8c <strong>O novo edital de licita\u00e7\u00e3o do transporte escolar incluir\u00e1 a exig\u00eancia de ar-condicionado nos \u00f4nibus?<\/strong><\/p>\n\n\n\n<p class=\"wp-block-paragraph\">\ud83d\ude8c <strong>Qual o tempo de uso m\u00e9dio dos ve\u00edculos da frota atual?<\/strong><\/p>\n\n\n\n<p class=\"wp-block-paragraph\">\ud83d\ude8c <strong>H\u00e1 um estudo para renovar a frota com ve\u00edculos mais novos?<\/strong><\/p>\n\n\n\n<p class=\"wp-block-paragraph\">\ud83d\ude8c <strong>Caso as melhorias sejam inclu\u00eddas no novo contrato, qual ser\u00e1 a diferen\u00e7a de custo em rela\u00e7\u00e3o ao contrato atual?<\/strong><\/p>\n\n\n\n<h2 class=\"wp-block-heading\"><strong>Compromisso com o bem-estar dos estudantes<\/strong><\/h2>\n\n\n\n<p class=\"wp-block-paragraph\">O objetivo do requerimento \u00e9 garantir que <strong>o pr\u00f3ximo contrato do transporte escolar<\/strong> traga melhorias significativas para os alunos. Al\u00e9m do <strong>conforto t\u00e9rmico<\/strong>, a renova\u00e7\u00e3o da frota pode impactar diretamente na <strong>seguran\u00e7a e na efici\u00eancia do servi\u00e7o<\/strong>.<\/p>\n\n\n\n<p class=\"wp-block-paragraph\">Aguardamos o posicionamento da Prefeitura sobre <strong>as medidas que ser\u00e3o adotadas na pr\u00f3xima licita\u00e7\u00e3o<\/strong>, visando sempre o bem-estar dos estudantes da rede municipal de ensino.<\/p>\n","protected":false},"excerpt":{"rendered":"<p>O vereador Waguinho da Santa Luzia (Progressistas) solicitou informa\u00e7\u00f5es ao Poder Executivo sobre a licita\u00e7\u00e3o do transporte escolar em Limeira. O parlamentar questiona a possibilidade de melhorias na nova contrata\u00e7\u00e3o, especialmente a inclus\u00e3o de ar-condicionado nos \u00f4nibus e a renova\u00e7\u00e3o da frota. Climatiza\u00e7\u00e3o nos \u00f4nibus escolares: uma necessidade Com a proximidade do fim do contrato [&hellip;]<\/p>\n","protected":false},"author":1,"featured_media":25848,"comment_status":"open","ping_status":"open","sticky":false,"template":"","format":"standard","meta":{"_jetpack_newsletter_access":"","_jetpack_dont_email_post_to_subs":false,"_jetpack_newsletter_tier_id":0,"_jetpack_memberships_contains_paywalled_content":false,"_mbp_banners":[],"_jetpack_feature_clip_id":0,"_jetpack_memberships_contains_paid_content":false,"footnotes":"","jetpack_publicize_message":"","jetpack_publicize_feature_enabled":true,"jetpack_social_post_already_shared":true,"jetpack_social_options":{"image_generator_settings":{"template":"highway","default_image_id":0,"font":"","enabled":false},"version":2},"jetpack_post_was_ever_published":false},"categories":[19],"tags":[],"class_list":["post-25847","post","type-post","status-publish","format-standard","has-post-thumbnail","category-politica"],"jetpack_publicize_connections":[],"jetpack-related-posts":[],"jetpack_shortlink":"https:\/\/wp.me\/p7Eq1F-6IT","jetpack_sharing_enabled":true,"jetpack_featured_media_url":"https:\/\/i0.wp.com\/guialimeira.com.br\/news\/wp-content\/uploads\/2025\/03\/transporte-escolar.png?fit=768%2C543&ssl=1","_links":{"self":[{"href":"https:\/\/guialimeira.com.br\/news\/wp-json\/wp\/v2\/posts\/25847","targetHints":{"allow":["GET"]}}],"collection":[{"href":"https:\/\/guialimeira.com.br\/news\/wp-json\/wp\/v2\/posts"}],"about":[{"href":"https:\/\/guialimeira.com.br\/news\/wp-json\/wp\/v2\/types\/post"}],"author":[{"embeddable":true,"href":"https:\/\/guialimeira.com.br\/news\/wp-json\/wp\/v2\/users\/1"}],"replies":[{"embeddable":true,"href":"https:\/\/guialimeira.com.br\/news\/wp-json\/wp\/v2\/comments?post=25847"}],"version-history":[{"count":1,"href":"https:\/\/guialimeira.com.br\/news\/wp-json\/wp\/v2\/posts\/25847\/revisions"}],"predecessor-version":[{"id":25849,"href":"https:\/\/guialimeira.com.br\/news\/wp-json\/wp\/v2\/posts\/25847\/revisions\/25849"}],"wp:featuredmedia":[{"embeddable":true,"href":"https:\/\/guialimeira.com.br\/news\/wp-json\/wp\/v2\/media\/25848"}],"wp:attachment":[{"href":"https:\/\/guialimeira.com.br\/news\/wp-json\/wp\/v2\/media?parent=25847"}],"wp:term":[{"taxonomy":"category","embeddable":true,"href":"https:\/\/guialimeira.com.br\/news\/wp-json\/wp\/v2\/categories?post=25847"},{"taxonomy":"post_tag","embeddable":true,"href":"https:\/\/guialimeira.com.br\/news\/wp-json\/wp\/v2\/tags?post=25847"}],"curies":[{"name":"wp","href":"https:\/\/api.w.org\/{rel}","templated":true}]}}