{"id":25838,"date":"2025-03-06T21:13:00","date_gmt":"2025-03-07T00:13:00","guid":{"rendered":"https:\/\/guialimeira.com.br\/?p=25838"},"modified":"2025-03-06T19:26:18","modified_gmt":"2025-03-06T22:26:18","slug":"vereadora-isabelly-carvalho-solicita-informacoes-sobre-a-escola-municipal-de-cultura-e-arte-emcea","status":"publish","type":"post","link":"https:\/\/guialimeira.com.br\/news\/vereadora-isabelly-carvalho-solicita-informacoes-sobre-a-escola-municipal-de-cultura-e-arte-emcea\/","title":{"rendered":"Vereadora Isabelly Carvalho solicita informa\u00e7\u00f5es sobre a Escola Municipal de Cultura e Arte (EMCEA)"},"content":{"rendered":"\n<p class=\"wp-block-paragraph\">A vereadora <strong>Isabelly Maria de Carvalho (PT)<\/strong> apresentou um requerimento ao Poder Executivo solicitando esclarecimentos sobre o funcionamento da <strong>Escola Municipal de Cultura e Arte (EMCEA)<\/strong>, um dos principais espa\u00e7os de ensino cultural em Limeira. O pedido tem como objetivo fiscalizar as condi\u00e7\u00f5es da institui\u00e7\u00e3o e garantir que ela continue cumprindo seu papel de fomentar a arte e a cultura na cidade.<\/p>\n\n\n\n<h2 class=\"wp-block-heading\"><strong>Principais Questionamentos Feitos \u00e0 Prefeitura<\/strong><\/h2>\n\n\n\n<p class=\"wp-block-paragraph\">A parlamentar levantou uma s\u00e9rie de questionamentos sobre a estrutura e a gest\u00e3o da EMCEA, incluindo:<\/p>\n\n\n\n<p class=\"wp-block-paragraph\">\ud83c\udfad <strong>Qual a hist\u00f3ria da escola?<\/strong> \u2013 Quantos anos de exist\u00eancia a EMCEA possui?<\/p>\n\n\n\n<p class=\"wp-block-paragraph\">\ud83c\udfad <strong>Quais cursos s\u00e3o oferecidos?<\/strong> \u2013 Quais tipos de aulas e atividades art\u00edsticas s\u00e3o ministradas?<\/p>\n\n\n\n<p class=\"wp-block-paragraph\">\ud83c\udfad <strong>Qual a estrutura da equipe?<\/strong> \u2013 Quem comp\u00f5e o corpo docente da escola e qual \u00e9 a carga hor\u00e1ria dos professores?<\/p>\n\n\n\n<p class=\"wp-block-paragraph\">\ud83c\udfad <strong>Remunera\u00e7\u00e3o e planejamento<\/strong> \u2013 Quantas aulas cada professor ministra, como funciona o hor\u00e1rio de planejamento e qual \u00e9 a faixa salarial dos docentes?<\/p>\n\n\n\n<p class=\"wp-block-paragraph\">\ud83c\udfad <strong>N\u00famero de alunos e fluxo di\u00e1rio<\/strong> \u2013 Quantos estudantes est\u00e3o matriculados atualmente e qual o volume di\u00e1rio de pessoas que circulam na escola?<\/p>\n\n\n\n<p class=\"wp-block-paragraph\">\ud83c\udfad <strong>Situa\u00e7\u00e3o dos cargos<\/strong> \u2013 Existem cargos vagos na EMCEA? Se sim, quais s\u00e3o esses cargos e h\u00e1 previs\u00e3o para novas contrata\u00e7\u00f5es?<\/p>\n\n\n\n<h2 class=\"wp-block-heading\"><strong>A Import\u00e2ncia da EMCEA para Limeira<\/strong><\/h2>\n\n\n\n<p class=\"wp-block-paragraph\">A vereadora Isabelly Carvalho refor\u00e7ou a relev\u00e2ncia da EMCEA como um espa\u00e7o <strong>fundamental para a forma\u00e7\u00e3o art\u00edstica e cultural<\/strong> dos limeirenses, especialmente crian\u00e7as, adolescentes e jovens. A escola \u00e9 uma refer\u00eancia na regi\u00e3o por oferecer <strong>ensino p\u00fablico de qualidade em diversas express\u00f5es art\u00edsticas<\/strong>, promovendo o acesso \u00e0 cultura e incentivando o desenvolvimento de talentos.<\/p>\n\n\n\n<p class=\"wp-block-paragraph\">\ud83d\udccc <strong>Destaques sobre a EMCEA:<\/strong><br>\u2705 Escola p\u00fablica de ensino art\u00edstico<br>\u2705 Refer\u00eancia cultural em Limeira e regi\u00e3o<br>\u2705 Fomento \u00e0 arte como ferramenta de transforma\u00e7\u00e3o social<br>\u2705 Acesso gratuito a cursos de diversas modalidades<\/p>\n\n\n\n<h2 class=\"wp-block-heading\"><strong>Por que esse requerimento \u00e9 importante?<\/strong><\/h2>\n\n\n\n<p class=\"wp-block-paragraph\">O requerimento faz parte da fun\u00e7\u00e3o do Legislativo de <strong>fiscalizar a gest\u00e3o p\u00fablica e garantir transpar\u00eancia nas a\u00e7\u00f5es do Executivo<\/strong>. A vereadora Isabelly Carvalho busca entender a estrutura da EMCEA para <strong>garantir melhores condi\u00e7\u00f5es de ensino<\/strong>, valoriza\u00e7\u00e3o dos profissionais e acesso cont\u00ednuo \u00e0 arte para a popula\u00e7\u00e3o.<\/p>\n\n\n\n<p class=\"wp-block-paragraph\">Agora, aguarda-se o posicionamento da Prefeitura para esclarecer a atual situa\u00e7\u00e3o da escola e apontar <strong>poss\u00edveis melhorias na sua gest\u00e3o e funcionamento<\/strong>.<\/p>\n","protected":false},"excerpt":{"rendered":"<p>A vereadora Isabelly Maria de Carvalho (PT) apresentou um requerimento ao Poder Executivo solicitando esclarecimentos sobre o funcionamento da Escola Municipal de Cultura e Arte (EMCEA), um dos principais espa\u00e7os de ensino cultural em Limeira. O pedido tem como objetivo fiscalizar as condi\u00e7\u00f5es da institui\u00e7\u00e3o e garantir que ela continue cumprindo seu papel de fomentar [&hellip;]<\/p>\n","protected":false},"author":1,"featured_media":4492,"comment_status":"open","ping_status":"open","sticky":false,"template":"","format":"standard","meta":{"_jetpack_newsletter_access":"","_jetpack_dont_email_post_to_subs":false,"_jetpack_newsletter_tier_id":0,"_jetpack_memberships_contains_paywalled_content":false,"_mbp_banners":[],"_jetpack_feature_clip_id":0,"_jetpack_memberships_contains_paid_content":false,"footnotes":"","jetpack_publicize_message":"","jetpack_publicize_feature_enabled":true,"jetpack_social_post_already_shared":true,"jetpack_social_options":{"image_generator_settings":{"template":"highway","default_image_id":0,"font":"","enabled":false},"version":2},"jetpack_post_was_ever_published":false},"categories":[19],"tags":[],"class_list":["post-25838","post","type-post","status-publish","format-standard","has-post-thumbnail","category-politica"],"jetpack_publicize_connections":[],"jetpack-related-posts":[],"jetpack_shortlink":"https:\/\/wp.me\/p7Eq1F-6IK","jetpack_sharing_enabled":true,"jetpack_featured_media_url":"https:\/\/i0.wp.com\/guialimeira.com.br\/news\/wp-content\/uploads\/2024\/05\/SP-Escola-de-Teatro-abre-66-vagas-nos-cursos-tecnicos.png?fit=300%2C170&ssl=1","_links":{"self":[{"href":"https:\/\/guialimeira.com.br\/news\/wp-json\/wp\/v2\/posts\/25838","targetHints":{"allow":["GET"]}}],"collection":[{"href":"https:\/\/guialimeira.com.br\/news\/wp-json\/wp\/v2\/posts"}],"about":[{"href":"https:\/\/guialimeira.com.br\/news\/wp-json\/wp\/v2\/types\/post"}],"author":[{"embeddable":true,"href":"https:\/\/guialimeira.com.br\/news\/wp-json\/wp\/v2\/users\/1"}],"replies":[{"embeddable":true,"href":"https:\/\/guialimeira.com.br\/news\/wp-json\/wp\/v2\/comments?post=25838"}],"version-history":[{"count":1,"href":"https:\/\/guialimeira.com.br\/news\/wp-json\/wp\/v2\/posts\/25838\/revisions"}],"predecessor-version":[{"id":25843,"href":"https:\/\/guialimeira.com.br\/news\/wp-json\/wp\/v2\/posts\/25838\/revisions\/25843"}],"wp:featuredmedia":[{"embeddable":true,"href":"https:\/\/guialimeira.com.br\/news\/wp-json\/wp\/v2\/media\/4492"}],"wp:attachment":[{"href":"https:\/\/guialimeira.com.br\/news\/wp-json\/wp\/v2\/media?parent=25838"}],"wp:term":[{"taxonomy":"category","embeddable":true,"href":"https:\/\/guialimeira.com.br\/news\/wp-json\/wp\/v2\/categories?post=25838"},{"taxonomy":"post_tag","embeddable":true,"href":"https:\/\/guialimeira.com.br\/news\/wp-json\/wp\/v2\/tags?post=25838"}],"curies":[{"name":"wp","href":"https:\/\/api.w.org\/{rel}","templated":true}]}}