{"id":25835,"date":"2025-03-06T19:09:02","date_gmt":"2025-03-06T22:09:02","guid":{"rendered":"https:\/\/guialimeira.com.br\/?p=25835"},"modified":"2025-03-06T19:09:04","modified_gmt":"2025-03-06T22:09:04","slug":"vereadora-lu-bogo-questiona-prefeitura-sobre-renovacao-da-carteirinha-pcd-para-gratuidade-no-transporte-coletivo","status":"publish","type":"post","link":"https:\/\/guialimeira.com.br\/news\/vereadora-lu-bogo-questiona-prefeitura-sobre-renovacao-da-carteirinha-pcd-para-gratuidade-no-transporte-coletivo\/","title":{"rendered":"Vereadora Lu Bogo questiona Prefeitura sobre renova\u00e7\u00e3o da carteirinha PCD para gratuidade no transporte coletivo"},"content":{"rendered":"\n<p class=\"wp-block-paragraph\">A vereadora <strong>Lu Bogo (PL)<\/strong> apresentou um requerimento ao Poder Executivo solicitando informa\u00e7\u00f5es sobre o <strong>processo de renova\u00e7\u00e3o da Carteirinha PCD<\/strong>, que garante a gratuidade no transporte coletivo municipal para pessoas com defici\u00eancia. O objetivo do pedido \u00e9 esclarecer se a legisla\u00e7\u00e3o vigente est\u00e1 sendo devidamente cumprida e se h\u00e1 medidas para evitar transtornos aos benefici\u00e1rios.<\/p>\n\n\n\n<h2 class=\"wp-block-heading\"><strong>Quais foram os questionamentos feitos pela vereadora?<\/strong><\/h2>\n\n\n\n<p class=\"wp-block-paragraph\">A parlamentar solicitou \u00e0 Prefeitura que esclare\u00e7a os seguintes pontos:<\/p>\n\n\n\n<p class=\"wp-block-paragraph\">\u2705 <strong>A Lei Municipal 5.961\/2017, que regulamenta o Passe Livre para Pessoas com Defici\u00eancia, est\u00e1 sendo cumprida integralmente?<\/strong><\/p>\n\n\n\n<p class=\"wp-block-paragraph\">\u2705 <strong>O artigo 3\u00ba da lei, que determina validade de um ano para a carteirinha, exceto nos casos de defici\u00eancia permanente (onde a validade deve ser de cinco anos), est\u00e1 sendo respeitado?<\/strong><\/p>\n\n\n\n<p class=\"wp-block-paragraph\">\u2705 <strong>Por que, mesmo apresentando laudo m\u00e9dico que comprova defici\u00eancia permanente, os benefici\u00e1rios ainda precisam apresentar um novo laudo a cada renova\u00e7\u00e3o?<\/strong><\/p>\n\n\n\n<p class=\"wp-block-paragraph\">\u2705 <strong>Quantas renova\u00e7\u00f5es da Carteirinha PCD s\u00e3o realizadas anualmente e, especificamente, a cada cinco anos?<\/strong><\/p>\n\n\n\n<h2 class=\"wp-block-heading\"><strong>A justificativa do requerimento<\/strong><\/h2>\n\n\n\n<p class=\"wp-block-paragraph\">A vereadora Lu Bogo destacou que muitos mun\u00edcipes t\u00eam relatado dificuldades no processo de renova\u00e7\u00e3o da carteirinha. Segundo os benefici\u00e1rios, mesmo em casos de <strong>doen\u00e7as permanentes e irrevers\u00edveis<\/strong>, h\u00e1 a exig\u00eancia de um <strong>novo laudo m\u00e9dico<\/strong>, o que gera grande transtorno.<\/p>\n\n\n\n<p class=\"wp-block-paragraph\">\ud83d\udccc <strong>Principais problemas enfrentados pelos usu\u00e1rios:<\/strong><\/p>\n\n\n\n<ul class=\"wp-block-list\">\n<li><strong>Dificuldade para agendar consultas m\u00e9dicas<\/strong> para obten\u00e7\u00e3o do laudo atualizado.<\/li>\n\n\n\n<li><strong>Atrasos no processo de renova\u00e7\u00e3o<\/strong>, deixando algumas pessoas sem acesso ao transporte gratuito por semanas.<\/li>\n\n\n\n<li><strong>Exig\u00eancias burocr\u00e1ticas desnecess\u00e1rias<\/strong> para quem j\u00e1 tem um diagn\u00f3stico definitivo.<\/li>\n<\/ul>\n\n\n\n<p class=\"wp-block-paragraph\">Diante dessas dificuldades, a vereadora busca <strong>respostas oficiais da Prefeitura<\/strong> e poss\u00edveis solu\u00e7\u00f5es para garantir mais agilidade e efici\u00eancia no processo de renova\u00e7\u00e3o da Carteirinha PCD.<\/p>\n\n\n\n<h2 class=\"wp-block-heading\"><strong>O que esperar a partir de agora?<\/strong><\/h2>\n\n\n\n<p class=\"wp-block-paragraph\">Com o requerimento encaminhado, aguarda-se um posicionamento do Poder Executivo para entender se h\u00e1 <strong>planos de simplifica\u00e7\u00e3o no processo de renova\u00e7\u00e3o<\/strong> e se a legisla\u00e7\u00e3o municipal est\u00e1 sendo aplicada corretamente.<\/p>\n\n\n\n<p class=\"wp-block-paragraph\">O objetivo \u00e9 assegurar que as <strong>pessoas com defici\u00eancia tenham seus direitos respeitados<\/strong>, evitando burocracias desnecess\u00e1rias e garantindo acesso cont\u00ednuo ao transporte p\u00fablico gratuito.<\/p>\n","protected":false},"excerpt":{"rendered":"<p>A vereadora Lu Bogo (PL) apresentou um requerimento ao Poder Executivo solicitando informa\u00e7\u00f5es sobre o processo de renova\u00e7\u00e3o da Carteirinha PCD, que garante a gratuidade no transporte coletivo municipal para pessoas com defici\u00eancia. O objetivo do pedido \u00e9 esclarecer se a legisla\u00e7\u00e3o vigente est\u00e1 sendo devidamente cumprida e se h\u00e1 medidas para evitar transtornos aos [&hellip;]<\/p>\n","protected":false},"author":1,"featured_media":25836,"comment_status":"open","ping_status":"open","sticky":false,"template":"","format":"standard","meta":{"_jetpack_newsletter_access":"","_jetpack_dont_email_post_to_subs":false,"_jetpack_newsletter_tier_id":0,"_jetpack_memberships_contains_paywalled_content":false,"_mbp_banners":[],"_jetpack_feature_clip_id":0,"_jetpack_memberships_contains_paid_content":false,"footnotes":"","jetpack_publicize_message":"","jetpack_publicize_feature_enabled":true,"jetpack_social_post_already_shared":true,"jetpack_social_options":{"image_generator_settings":{"template":"highway","default_image_id":0,"font":"","enabled":false},"version":2},"jetpack_post_was_ever_published":false},"categories":[19],"tags":[],"class_list":["post-25835","post","type-post","status-publish","format-standard","has-post-thumbnail","category-politica"],"jetpack_publicize_connections":[],"jetpack-related-posts":[],"jetpack_shortlink":"https:\/\/wp.me\/p7Eq1F-6IH","jetpack_sharing_enabled":true,"jetpack_featured_media_url":"https:\/\/i0.wp.com\/guialimeira.com.br\/news\/wp-content\/uploads\/2025\/03\/carteira-pdc.jpeg?fit=275%2C183&ssl=1","_links":{"self":[{"href":"https:\/\/guialimeira.com.br\/news\/wp-json\/wp\/v2\/posts\/25835","targetHints":{"allow":["GET"]}}],"collection":[{"href":"https:\/\/guialimeira.com.br\/news\/wp-json\/wp\/v2\/posts"}],"about":[{"href":"https:\/\/guialimeira.com.br\/news\/wp-json\/wp\/v2\/types\/post"}],"author":[{"embeddable":true,"href":"https:\/\/guialimeira.com.br\/news\/wp-json\/wp\/v2\/users\/1"}],"replies":[{"embeddable":true,"href":"https:\/\/guialimeira.com.br\/news\/wp-json\/wp\/v2\/comments?post=25835"}],"version-history":[{"count":1,"href":"https:\/\/guialimeira.com.br\/news\/wp-json\/wp\/v2\/posts\/25835\/revisions"}],"predecessor-version":[{"id":25837,"href":"https:\/\/guialimeira.com.br\/news\/wp-json\/wp\/v2\/posts\/25835\/revisions\/25837"}],"wp:featuredmedia":[{"embeddable":true,"href":"https:\/\/guialimeira.com.br\/news\/wp-json\/wp\/v2\/media\/25836"}],"wp:attachment":[{"href":"https:\/\/guialimeira.com.br\/news\/wp-json\/wp\/v2\/media?parent=25835"}],"wp:term":[{"taxonomy":"category","embeddable":true,"href":"https:\/\/guialimeira.com.br\/news\/wp-json\/wp\/v2\/categories?post=25835"},{"taxonomy":"post_tag","embeddable":true,"href":"https:\/\/guialimeira.com.br\/news\/wp-json\/wp\/v2\/tags?post=25835"}],"curies":[{"name":"wp","href":"https:\/\/api.w.org\/{rel}","templated":true}]}}