{"id":25832,"date":"2025-03-06T18:46:04","date_gmt":"2025-03-06T21:46:04","guid":{"rendered":"https:\/\/guialimeira.com.br\/?p=25832"},"modified":"2025-03-06T18:46:04","modified_gmt":"2025-03-06T21:46:04","slug":"costa-junior-articula-apoio-da-prefeitura-para-realizacao-de-aula-de-jiu-jitsu-em-escola-municipal","status":"publish","type":"post","link":"https:\/\/guialimeira.com.br\/news\/costa-junior-articula-apoio-da-prefeitura-para-realizacao-de-aula-de-jiu-jitsu-em-escola-municipal\/","title":{"rendered":"Costa Junior articula apoio da Prefeitura para realiza\u00e7\u00e3o de aula de Jiu-Jitsu em escola municipal"},"content":{"rendered":"\n<figure class=\"wp-block-gallery has-nested-images columns-default is-cropped wp-block-gallery-1 is-layout-flex wp-block-gallery-is-layout-flex\"><\/figure>\n \r\n<br><img data-recalc-dims=\"1\" decoding=\"async\" src=\"https:\/\/i0.wp.com\/guialimeira.com.br\/wp-content\/uploads\/2025\/03\/2025-03-06_costa-junior-articula-apoio-da-prefeitura-para-realizacao-de-aula-de-jiujitsu-em-escola-m.jpeg?w=696&#038;ssl=1\" \/><br><div>\n\t\t\t\t\t<p>Alunos da Escola Municipal de Educa\u00e7\u00e3o Infantil e Ensino Fundamental (Emeief) Professora Maria Madalena Vasconcellos da Silva participar\u00e3o neste s\u00e1bado, 8 de mar\u00e7o, da aula inaugural de <i>Jiu-Jitsu, <\/i>no Jardim Santina. A a\u00e7\u00e3o \u00e9 parte de projeto volunt\u00e1rio do professor Jo\u00e3o Vitor, e recebeu apoio da Prefeitura ap\u00f3s pedido do vereador Costa Junior (Podemos).<\/p><p>Segundo o parlamentar, o projeto visa proporcionar aos alunos da institui\u00e7\u00e3o a pr\u00e1tica desse esporte de combate. Ele solicitou \u00e0 Secretaria de Educa\u00e7\u00e3o o apoio para realiza\u00e7\u00e3o do projeto volunt\u00e1rio conduzido pelo professor Jo\u00e3o Vitor e que j\u00e1 atende crian\u00e7as da regi\u00e3o do Cecap.\u00a0\u00a0\u00a0<\/p><p>Costa explicou que a aula inaugural marca o in\u00edcio de um programa que pretende incentivar a pr\u00e1tica de esportes e o desenvolvimento de valores como disciplina, respeito e supera\u00e7\u00e3o entre os estudantes. O vereador ressaltou ainda, que o suporte da Secretaria de Educa\u00e7\u00e3o, por meio da dire\u00e7\u00e3o da escola, foi fundamental na viabiliza\u00e7\u00e3o do projeto.<\/p><p>&#8220;Fico muito feliz em ver essa parceria dando frutos. O esporte \u00e9 uma das melhores formas de promover a integra\u00e7\u00e3o, a educa\u00e7\u00e3o e a cidadania entre os jovens. Agrade\u00e7o \u00e0 Secretaria de Educa\u00e7\u00e3o e \u00e0 dire\u00e7\u00e3o da escola pelo empenho em transformar essa ideia em realidade\u201d, declarou o parlamentar.\u00a0<\/p><p><i>Do Gabinete Parlamentar \u2013 Vereador\u00a0 Costa Junior (Podemos)<\/i><\/p><p><i>*Fotos do Gabinete parlamentar<\/i><\/p><p><strong>As mat\u00e9rias de origem dos Gabinetes Parlamentares s\u00e3o de inteira\u00a0 responsabilidade dos parlamentares e de suas assessorias. S\u00e3o devidamente assinadas e n\u00e3o refletem, necessariamente, a opini\u00e3o institucional da C\u00e2mara Municipal de Limeira.<\/strong><\/p>\t\t\t\t<\/div>\r\n<br>\r\n<br><a href=\"https:\/\/www.limeira.sp.leg.br\/noticias\/view\/2025-03-06_costa-junior-articula-apoio-da-prefeitura-para-realizacao-de-aula-de-jiujitsu-em-escola-municipal\" rel=\"noopener\">Informa\u00e7\u00f5es CML <\/a>","protected":false},"excerpt":{"rendered":"<p>Alunos da Escola Municipal de Educa\u00e7\u00e3o Infantil e Ensino Fundamental (Emeief) Professora Maria Madalena Vasconcellos da Silva participar\u00e3o neste s\u00e1bado, 8 de mar\u00e7o, da aula inaugural de Jiu-Jitsu, no Jardim Santina. A a\u00e7\u00e3o \u00e9 parte de projeto volunt\u00e1rio do professor Jo\u00e3o Vitor, e recebeu apoio da Prefeitura ap\u00f3s pedido do vereador Costa Junior (Podemos). Segundo [&hellip;]<\/p>\n","protected":false},"author":1,"featured_media":25833,"comment_status":"open","ping_status":"open","sticky":false,"template":"","format":"standard","meta":{"_jetpack_newsletter_access":"","_jetpack_dont_email_post_to_subs":false,"_jetpack_newsletter_tier_id":0,"_jetpack_memberships_contains_paywalled_content":false,"_mbp_banners":[],"_jetpack_feature_clip_id":0,"_jetpack_memberships_contains_paid_content":false,"footnotes":"","jetpack_publicize_message":"","jetpack_publicize_feature_enabled":true,"jetpack_social_post_already_shared":true,"jetpack_social_options":{"image_generator_settings":{"template":"highway","default_image_id":0,"font":"","enabled":false},"version":2},"jetpack_post_was_ever_published":false},"categories":[19],"tags":[],"class_list":["post-25832","post","type-post","status-publish","format-standard","has-post-thumbnail","category-politica"],"jetpack_publicize_connections":[],"jetpack-related-posts":[],"jetpack_shortlink":"https:\/\/wp.me\/p7Eq1F-6IE","jetpack_sharing_enabled":true,"jetpack_featured_media_url":"https:\/\/i0.wp.com\/guialimeira.com.br\/news\/wp-content\/uploads\/2025\/03\/Costa-Junior-articula-apoio-da-Prefeitura-para-realizacao-de-aula.jpeg?fit=1280%2C640&ssl=1","_links":{"self":[{"href":"https:\/\/guialimeira.com.br\/news\/wp-json\/wp\/v2\/posts\/25832","targetHints":{"allow":["GET"]}}],"collection":[{"href":"https:\/\/guialimeira.com.br\/news\/wp-json\/wp\/v2\/posts"}],"about":[{"href":"https:\/\/guialimeira.com.br\/news\/wp-json\/wp\/v2\/types\/post"}],"author":[{"embeddable":true,"href":"https:\/\/guialimeira.com.br\/news\/wp-json\/wp\/v2\/users\/1"}],"replies":[{"embeddable":true,"href":"https:\/\/guialimeira.com.br\/news\/wp-json\/wp\/v2\/comments?post=25832"}],"version-history":[{"count":1,"href":"https:\/\/guialimeira.com.br\/news\/wp-json\/wp\/v2\/posts\/25832\/revisions"}],"predecessor-version":[{"id":25834,"href":"https:\/\/guialimeira.com.br\/news\/wp-json\/wp\/v2\/posts\/25832\/revisions\/25834"}],"wp:featuredmedia":[{"embeddable":true,"href":"https:\/\/guialimeira.com.br\/news\/wp-json\/wp\/v2\/media\/25833"}],"wp:attachment":[{"href":"https:\/\/guialimeira.com.br\/news\/wp-json\/wp\/v2\/media?parent=25832"}],"wp:term":[{"taxonomy":"category","embeddable":true,"href":"https:\/\/guialimeira.com.br\/news\/wp-json\/wp\/v2\/categories?post=25832"},{"taxonomy":"post_tag","embeddable":true,"href":"https:\/\/guialimeira.com.br\/news\/wp-json\/wp\/v2\/tags?post=25832"}],"curies":[{"name":"wp","href":"https:\/\/api.w.org\/{rel}","templated":true}]}}