{"id":25821,"date":"2025-03-06T17:44:30","date_gmt":"2025-03-06T20:44:30","guid":{"rendered":"https:\/\/guialimeira.com.br\/?p=25821"},"modified":"2025-03-06T17:44:30","modified_gmt":"2025-03-06T20:44:30","slug":"mariana-calsa-questiona-prefeitura-sobre-climatizacao-de-salas-e-cobertura-das-quadras-escolares","status":"publish","type":"post","link":"https:\/\/guialimeira.com.br\/news\/mariana-calsa-questiona-prefeitura-sobre-climatizacao-de-salas-e-cobertura-das-quadras-escolares\/","title":{"rendered":"Mariana Calsa questiona Prefeitura sobre climatiza\u00e7\u00e3o de salas e cobertura das quadras escolares"},"content":{"rendered":"\n<figure class=\"wp-block-gallery has-nested-images columns-default is-cropped wp-block-gallery-1 is-layout-flex wp-block-gallery-is-layout-flex\"><\/figure>\n \r\n<br><img data-recalc-dims=\"1\" decoding=\"async\" src=\"https:\/\/i0.wp.com\/guialimeira.com.br\/wp-content\/uploads\/2025\/03\/2025-03-06_mariana-calsa-questiona-prefeitura-sobre-climatizacao-de-salas-e-cobertura-das-quadras-es.jpeg?w=696&#038;ssl=1\" \/><br><div>\n\t\t\t\t\t<p>A vereadora Mariana Calsa (MDB) protocolou, no final de fevereiro, dois requerimentos com pedidos de informa\u00e7\u00f5es \u00e0 Prefeitura sobre as medidas de conten\u00e7\u00e3o das altas temperaturas nas escolas municipais, questionando as a\u00e7\u00f5es relacionadas \u00e0 climatiza\u00e7\u00e3o das salas de aula e \u00e0 cobertura das quadras esportivas. Os documentos ser\u00e3o encaminhados ao prefeito Murilo F\u00e9lix e ao secret\u00e1rio de Educa\u00e7\u00e3o, Ant\u00f4nio Montesano.<\/p><p>O <a href=\"https:\/\/consulta.limeira.sp.leg.br\/Documentos\/Pesquisa?Pesquisa=Avancada&amp;id=79&amp;pagina=1&amp;Modulo=8&amp;Documento=138&amp;Numeracao=Documento&amp;NumeroInicial=88&amp;AnoInicial=2025&amp;DataInicial=&amp;NumeroFinal=&amp;AnoFinal=&amp;DataFinal=&amp;Situacao=0&amp;Classificacao=0&amp;TipoAutor=Todos&amp;AutoriaId=0&amp;Iniciativa=Nenhum&amp;NoTexto=false&amp;Assunto=&amp;Observacoes=\" rel=\"noopener\">Requerimento N\u00b088\/2025<\/a> solicita esclarecimentos sobre a quantidade de salas com aparelhos de ar-condicionado e ventiladores, al\u00e9m de informa\u00e7\u00f5es sobre o planejamento estrat\u00e9gico para ampliar a estrutura nos locais que necessitam de melhorias. J\u00e1 o <a href=\"https:\/\/consulta.limeira.sp.leg.br\/Documentos\/Documento\/366686\" rel=\"noopener\">Requerimento N\u00b083\/2025<\/a> questiona o andamento dos processos junto ao Fundo Nacional de Desenvolvimento da Educa\u00e7\u00e3o (FNDE), com o objetivo de receber recursos federais para o custeio da cobertura das quadras esportivas.<\/p><p>\u201c\u00c9 fundamental garantir que a educa\u00e7\u00e3o seja uma prioridade para o munic\u00edpio. As altas temperaturas prejudicam o desenvolvimento das atividades escolares, comprometendo a aprendizagem e trazendo malef\u00edcios f\u00edsicos aos alunos e professores, como desidrata\u00e7\u00e3o, cansa\u00e7o e fraqueza\u201d, destacou Mariana Calsa.<\/p><p>A vereadora visitou diversas escolas da cidade para discutir o problema e ouviu relatos de professores e equipes de gest\u00e3o sobre a situa\u00e7\u00e3o. Na Escola Municipal de Educa\u00e7\u00e3o Infantil e Ensino Fundamental\u00a0 (Emeief) M\u00e1rio de Souza Queiroz Filho, a professora de educa\u00e7\u00e3o f\u00edsica, Dryelli Caroline Ceccato Meneghin, relatou as dificuldades para realizar atividades f\u00edsicas devido \u00e0 falta de um espa\u00e7o adequado. \u201cOs alunos mesmos me dizem: \u2018professora, n\u00e3o quero ir para a quadra\u2019, mesmo sendo essa a atividade favorita deles. Por conta do calor, se torna invi\u00e1vel\u201d, comentou.<\/p>\t\t\t\t<\/div>\r\n<br>\r\n<br><a href=\"https:\/\/www.limeira.sp.leg.br\/noticias\/view\/2025-03-06_mariana-calsa-questiona-prefeitura-sobre-climatizacao-de-salas-e-cobertura-das-quadras-escolares\" rel=\"noopener\">Informa\u00e7\u00f5es CML <\/a>","protected":false},"excerpt":{"rendered":"<p>A vereadora Mariana Calsa (MDB) protocolou, no final de fevereiro, dois requerimentos com pedidos de informa\u00e7\u00f5es \u00e0 Prefeitura sobre as medidas de conten\u00e7\u00e3o das altas temperaturas nas escolas municipais, questionando as a\u00e7\u00f5es relacionadas \u00e0 climatiza\u00e7\u00e3o das salas de aula e \u00e0 cobertura das quadras esportivas. Os documentos ser\u00e3o encaminhados ao prefeito Murilo F\u00e9lix e ao [&hellip;]<\/p>\n","protected":false},"author":1,"featured_media":25822,"comment_status":"open","ping_status":"open","sticky":false,"template":"","format":"standard","meta":{"_jetpack_newsletter_access":"","_jetpack_dont_email_post_to_subs":false,"_jetpack_newsletter_tier_id":0,"_jetpack_memberships_contains_paywalled_content":false,"_mbp_banners":[],"_jetpack_feature_clip_id":0,"_jetpack_memberships_contains_paid_content":false,"footnotes":"","jetpack_publicize_message":"","jetpack_publicize_feature_enabled":true,"jetpack_social_post_already_shared":true,"jetpack_social_options":{"image_generator_settings":{"template":"highway","default_image_id":0,"font":"","enabled":false},"version":2},"jetpack_post_was_ever_published":false},"categories":[19],"tags":[],"class_list":["post-25821","post","type-post","status-publish","format-standard","has-post-thumbnail","category-politica"],"jetpack_publicize_connections":[],"jetpack-related-posts":[],"jetpack_shortlink":"https:\/\/wp.me\/p7Eq1F-6It","jetpack_sharing_enabled":true,"jetpack_featured_media_url":"https:\/\/i0.wp.com\/guialimeira.com.br\/news\/wp-content\/uploads\/2025\/03\/Mariana-Calsa-questiona-Prefeitura-sobre-climatizacao-de-salas-e-cobertura.jpeg?fit=1280%2C640&ssl=1","_links":{"self":[{"href":"https:\/\/guialimeira.com.br\/news\/wp-json\/wp\/v2\/posts\/25821","targetHints":{"allow":["GET"]}}],"collection":[{"href":"https:\/\/guialimeira.com.br\/news\/wp-json\/wp\/v2\/posts"}],"about":[{"href":"https:\/\/guialimeira.com.br\/news\/wp-json\/wp\/v2\/types\/post"}],"author":[{"embeddable":true,"href":"https:\/\/guialimeira.com.br\/news\/wp-json\/wp\/v2\/users\/1"}],"replies":[{"embeddable":true,"href":"https:\/\/guialimeira.com.br\/news\/wp-json\/wp\/v2\/comments?post=25821"}],"version-history":[{"count":1,"href":"https:\/\/guialimeira.com.br\/news\/wp-json\/wp\/v2\/posts\/25821\/revisions"}],"predecessor-version":[{"id":25823,"href":"https:\/\/guialimeira.com.br\/news\/wp-json\/wp\/v2\/posts\/25821\/revisions\/25823"}],"wp:featuredmedia":[{"embeddable":true,"href":"https:\/\/guialimeira.com.br\/news\/wp-json\/wp\/v2\/media\/25822"}],"wp:attachment":[{"href":"https:\/\/guialimeira.com.br\/news\/wp-json\/wp\/v2\/media?parent=25821"}],"wp:term":[{"taxonomy":"category","embeddable":true,"href":"https:\/\/guialimeira.com.br\/news\/wp-json\/wp\/v2\/categories?post=25821"},{"taxonomy":"post_tag","embeddable":true,"href":"https:\/\/guialimeira.com.br\/news\/wp-json\/wp\/v2\/tags?post=25821"}],"curies":[{"name":"wp","href":"https:\/\/api.w.org\/{rel}","templated":true}]}}