{"id":25819,"date":"2025-03-06T17:39:51","date_gmt":"2025-03-06T20:39:51","guid":{"rendered":"https:\/\/guialimeira.com.br\/2025\/03\/06\/vendas-da-industria-de-transformacao-de-sp-crescem-184-em-janeiro\/"},"modified":"2025-03-06T17:39:51","modified_gmt":"2025-03-06T20:39:51","slug":"vendas-da-industria-de-transformacao-de-sp-crescem-184-em-janeiro","status":"publish","type":"post","link":"https:\/\/guialimeira.com.br\/news\/vendas-da-industria-de-transformacao-de-sp-crescem-184-em-janeiro\/","title":{"rendered":"Vendas da ind\u00fastria de transforma\u00e7\u00e3o de SP crescem 18,4% em janeiro"},"content":{"rendered":"<p> <br \/>\n<\/p>\n<div>\n<p><strong>As vendas da ind\u00fastria de transforma\u00e7\u00e3o do estado de S\u00e3o Paulo cresceram 18,4% em janeiro<\/strong>, em compara\u00e7\u00e3o com o primeiro m\u00eas de 2024. Em rela\u00e7\u00e3o a dezembro do ano passado, a alta foi de 15,7%. Os dados s\u00e3o da Federa\u00e7\u00e3o da Ind\u00fastria do Estado de S\u00e3o Paulo (Fiesp).<img data-recalc-dims=\"1\" decoding=\"async\" src=\"https:\/\/i0.wp.com\/agenciabrasil.ebc.com.br\/ebc.png?w=696&#038;ssl=1\" style=\"width:1px; height:1px; display:inline;\"\/><img data-recalc-dims=\"1\" decoding=\"async\" src=\"https:\/\/i0.wp.com\/agenciabrasil.ebc.com.br\/ebc.gif?w=696&#038;ssl=1\" style=\"width:1px; height:1px; display:inline;\"\/><\/p>\n<p>De acordo com a entidade, <strong>o crescimento, at\u00edpico para o primeiro m\u00eas do ano, foi influenciado principalmente pelo crescimento nas vendas de setores como o de ve\u00edculos, o de produtos de metal e de metalurgia.<\/strong><\/p>\n<p>As horas trabalhadas na produ\u00e7\u00e3o tamb\u00e9m tiveram alta em janeiro. Subiram 0,7% em rela\u00e7\u00e3o a dezembro e 3,6% em rela\u00e7\u00e3o a janeiro de 2024. <strong>J\u00e1 em rela\u00e7\u00e3o aos sal\u00e1rios, n\u00e3o houve varia\u00e7\u00e3o em janeiro comparado a dezembro<\/strong>, mas houve alta de 0,7% em compara\u00e7\u00e3o a janeiro de 2024.<\/p>\n<p><strong>O N\u00edvel de Utiliza\u00e7\u00e3o da Capacidade Instalada (Nuci) da ind\u00fastria paulista ficou em 74,2% em janeiro<\/strong>, 2,8 pontos percentuais abaixo da m\u00e9dia para os meses de janeiro, de 77%, calculada desde 2007.<\/p>\n<p>      <!-- Relacionada --><\/p>\n<p>            <!-- Relacionada -->\n    <\/div>\n<p><br \/>\n<br \/><a href=\"https:\/\/agenciabrasil.ebc.com.br\/economia\/noticia\/2025-03\/vendas-da-industria-de-transformacao-de-sp-crescem-184-em-janeiro\" rel=\"noopener\">Ag\u00eancia Brasil<\/a><\/p>\n","protected":false},"excerpt":{"rendered":"<p>As vendas da ind\u00fastria de transforma\u00e7\u00e3o do estado de S\u00e3o Paulo cresceram 18,4% em janeiro, em compara\u00e7\u00e3o com o primeiro m\u00eas de 2024. Em rela\u00e7\u00e3o a dezembro do ano passado, a alta foi de 15,7%. Os dados s\u00e3o da Federa\u00e7\u00e3o da Ind\u00fastria do Estado de S\u00e3o Paulo (Fiesp). De acordo com a entidade, o crescimento, [&hellip;]<\/p>\n","protected":false},"author":1,"featured_media":13580,"comment_status":"open","ping_status":"open","sticky":false,"template":"","format":"standard","meta":{"_jetpack_newsletter_access":"","_jetpack_dont_email_post_to_subs":false,"_jetpack_newsletter_tier_id":0,"_jetpack_memberships_contains_paywalled_content":false,"_mbp_banners":[],"_jetpack_feature_clip_id":0,"_jetpack_memberships_contains_paid_content":false,"footnotes":"","jetpack_publicize_message":"","jetpack_publicize_feature_enabled":true,"jetpack_social_post_already_shared":true,"jetpack_social_options":{"image_generator_settings":{"template":"highway","default_image_id":0,"font":"","enabled":false},"version":2},"jetpack_post_was_ever_published":false},"categories":[24],"tags":[],"class_list":["post-25819","post","type-post","status-publish","format-standard","has-post-thumbnail","category-economia"],"jetpack_publicize_connections":[],"jetpack-related-posts":[],"jetpack_shortlink":"https:\/\/wp.me\/p7Eq1F-6Ir","jetpack_sharing_enabled":true,"jetpack_featured_media_url":"https:\/\/i0.wp.com\/guialimeira.com.br\/news\/wp-content\/uploads\/2024\/09\/carros-patio-montadora-sao_bernargo_sp1-marcelo_camargo.jpg?fit=1600%2C800&ssl=1","_links":{"self":[{"href":"https:\/\/guialimeira.com.br\/news\/wp-json\/wp\/v2\/posts\/25819","targetHints":{"allow":["GET"]}}],"collection":[{"href":"https:\/\/guialimeira.com.br\/news\/wp-json\/wp\/v2\/posts"}],"about":[{"href":"https:\/\/guialimeira.com.br\/news\/wp-json\/wp\/v2\/types\/post"}],"author":[{"embeddable":true,"href":"https:\/\/guialimeira.com.br\/news\/wp-json\/wp\/v2\/users\/1"}],"replies":[{"embeddable":true,"href":"https:\/\/guialimeira.com.br\/news\/wp-json\/wp\/v2\/comments?post=25819"}],"version-history":[{"count":0,"href":"https:\/\/guialimeira.com.br\/news\/wp-json\/wp\/v2\/posts\/25819\/revisions"}],"wp:featuredmedia":[{"embeddable":true,"href":"https:\/\/guialimeira.com.br\/news\/wp-json\/wp\/v2\/media\/13580"}],"wp:attachment":[{"href":"https:\/\/guialimeira.com.br\/news\/wp-json\/wp\/v2\/media?parent=25819"}],"wp:term":[{"taxonomy":"category","embeddable":true,"href":"https:\/\/guialimeira.com.br\/news\/wp-json\/wp\/v2\/categories?post=25819"},{"taxonomy":"post_tag","embeddable":true,"href":"https:\/\/guialimeira.com.br\/news\/wp-json\/wp\/v2\/tags?post=25819"}],"curies":[{"name":"wp","href":"https:\/\/api.w.org\/{rel}","templated":true}]}}