{"id":25798,"date":"2025-03-06T16:36:52","date_gmt":"2025-03-06T19:36:52","guid":{"rendered":"https:\/\/guialimeira.com.br\/2025\/03\/06\/lula-sanchez-e-ramaphosa-2025-sera-decisivo-para-multilateralismo\/"},"modified":"2025-03-06T16:36:52","modified_gmt":"2025-03-06T19:36:52","slug":"lula-sanchez-e-ramaphosa-2025-sera-decisivo-para-multilateralismo","status":"publish","type":"post","link":"https:\/\/guialimeira.com.br\/news\/lula-sanchez-e-ramaphosa-2025-sera-decisivo-para-multilateralismo\/","title":{"rendered":"Lula, S\u00e1nchez e Ramaphosa: 2025 ser\u00e1 decisivo para multilateralismo"},"content":{"rendered":"<p> <br \/>\n<\/p>\n<div>\n<p>O presidente Luiz In\u00e1cio Lula da Silva e os presidentes da \u00c1frica do Sul, Cyril Ramaphosa, e da Espanha, Pedro S\u00e1nchez, defendem\u00a0que as reuni\u00f5es internacionais previstas para 2025 n\u00e3o podem ser \u201capenas mais-do-mesmo\u201d,\u00a0<strong>precisam entregar \u201cprogressos reais\u201d para o enfrentamento dos desafios do planeta.<\/strong>\u00a0Juntos, os\u00a0l\u00edderes assinam artigo <a href=\"https:\/\/www.gov.br\/planalto\/pt-br\/acompanhe-o-planalto\/artigos\/unindo-forcas-para-superar-desafios-globais\" target=\"_blank\" rel=\"noopener\">publicado em diversos ve\u00edculos<\/a> de imprensa, nesta quinta-feira (6), como <a href=\"https:\/\/oglobo.globo.com\/opiniao\/artigos\/coluna\/2025\/03\/unindo-forcas-para-superar-desafios-globais.ghtml\" target=\"_blank\" rel=\"noopener\">O Globo<\/a>, <a href=\"https:\/\/www.aljazeera.com\/opinions\/2025\/3\/6\/multilateralism-can-and-must-deliver\" target=\"_blank\" rel=\"noopener\">Al Jazeera<\/a>\u00a0e <a href=\"https:\/\/legrandcontinent.eu\/fr\/2025\/03\/06\/lula-ramaphosa-sanchez-unir-nos-forces-pour-relever-les-defis-mondiaux\/\" target=\"_blank\" rel=\"noopener\">Le Grand Continent<\/a>.<img data-recalc-dims=\"1\" decoding=\"async\" src=\"https:\/\/i0.wp.com\/agenciabrasil.ebc.com.br\/ebc.png?w=696&#038;ssl=1\" style=\"width:1px; height:1px; display:inline;\"\/><img data-recalc-dims=\"1\" decoding=\"async\" src=\"https:\/\/i0.wp.com\/agenciabrasil.ebc.com.br\/ebc.gif?w=696&#038;ssl=1\" style=\"width:1px; height:1px; display:inline;\"\/><\/p>\n<p>Para os presidentes, 2025 ser\u00e1 um ano decisivo para o multilateralismo. Ele citaram os encontros que ocorrer\u00e3o em cada um dos tr\u00eas\u00a0pa\u00edses: a <strong>4\u00aa Confer\u00eancia Internacional sobre Financiamento para o Desenvolvimento (FfD4), em Sevilha, na Espanha; a 30\u00aa Confer\u00eancia das Partes (COP30) da Conven\u00e7\u00e3o das Na\u00e7\u00f5es Unidas sobre Mudan\u00e7a do Clima, em Bel\u00e9m (PA), no Brasil; e a C\u00fapula do G20 (grupo das 20 maiores economias do mundo), em Joanesburgo, na \u00c1frica do Sul.<\/strong><\/p>\n<blockquote>\n<p>\u201cOs desafios que se apresentam diante de n\u00f3s \u2014 desigualdades crescentes, mudan\u00e7as clim\u00e1ticas e o d\u00e9ficit de financiamento para o desenvolvimento sustent\u00e1vel \u2014 s\u00e3o urgentes e est\u00e3o interconectados. \u00c9 preciso tomar a\u00e7\u00f5es coordenadas e corajosas para abord\u00e1-los \u2014 e n\u00e3o recuar ao isolamento, a a\u00e7\u00f5es unilaterais ou a rupturas\u201d, escrevem.<\/p>\n<\/blockquote>\n<p>O multilateralismo se\u00a0refere \u00e0 coopera\u00e7\u00e3o conjunta de um grupo de pa\u00edses em torno de interesses comuns. Desde que assumiu o terceiro mandato, o presidente <strong>Lula vem criticando o <a href=\"https:\/\/agenciabrasil.ebc.com.br\/internacional\/noticia\/2023-09\/na-onu-lula-diz-que-multilateralismo-global-vem-sendo-corroido\" target=\"_blank\" rel=\"noopener\">enfraquecimento dos organismos multilaterais<\/a><\/strong>\u00a0e defendendo a reforma no sistema de governan\u00e7a global. Em 2024, o tema foi uma das prioridades do Brasil na <a href=\"https:\/\/agenciabrasil.ebc.com.br\/meio-ambiente\/noticia\/2024-11\/declaracao-final-do-g20-reitera-metas-do-acordo-de-paris\" target=\"_blank\" rel=\"noopener\">presid\u00eancia do G20<\/a>, que neste ano est\u00e1 com a \u00c1frica do Sul.<\/p>\n<blockquote>\n<p>\u201cA confian\u00e7a no multilateralismo est\u00e1 sob tens\u00e3o; e, no entanto, nunca houve tanta necessidade de di\u00e1logo e coopera\u00e7\u00e3o global\u201d, afirmam.<\/p>\n<\/blockquote>\n<p>Para os presidentes, <strong>G20,\u00a0COP30 e FfD4 devem servir como marcos de um compromisso renovado com a inclus\u00e3o, o desenvolvimento sustent\u00e1vel e a prosperidade compartilhada<\/strong>. &#8220;Isso exigir\u00e1 forte vontade pol\u00edtica, a plena participa\u00e7\u00e3o de todos os atores relevantes, uma mentalidade criativa e a habilidade de compreender os condicionantes e as prioridades de todas as economias\u201d, acrescentam.<\/p>\n<p>Lula, S\u00e1nchez e Ramaphosa alertam\u00a0sobre o <a href=\"https:\/\/agenciabrasil.ebc.com.br\/politica\/noticia\/2024-05\/lula-alerta-sobre-endividamento-de-paises-africanos\" target=\"_blank\" rel=\"noopener\">alto endividamentos\u00a0dos pa\u00edses<\/a> <a href=\"https:\/\/agenciabrasil.ebc.com.br\/politica\/noticia\/2024-05\/lula-alerta-sobre-endividamento-de-paises-africanos\" target=\"_blank\" rel=\"noopener\">em desenvolvimento<\/a> e aumento das desigualdades de renda no \u00e2mbito interno e tamb\u00e9m entre as na\u00e7\u00f5es. \u201cMuitos pa\u00edses em desenvolvimento sofrem com o peso insustent\u00e1vel de d\u00edvidas, espa\u00e7os limitados de a\u00e7\u00e3o fiscal e barreiras que dificultam o acesso justo ao capital. Servi\u00e7os b\u00e1sicos, como sa\u00fade e educa\u00e7\u00e3o, t\u00eam de competir com taxas de juros crescentes. Trata-se n\u00e3o apenas de uma falha moral; mas de um risco econ\u00f4mico para todos\u201d, defendem.<\/p>\n<p>Para eles, a arquitetura <a href=\"https:\/\/agenciabrasil.ebc.com.br\/politica\/noticia\/2024-02\/g20-lula-quer-pautar-mudancas-na-onu-e-papel-de-fmi-e-banco-mundial\" target=\"_blank\" rel=\"noopener\">financeira global precisa ser reformada<\/a>\u00a0a fim de \u201cdar mais voz e representatividade aos pa\u00edses do Sul Global, assim como acesso mais justo e previs\u00edvel a recursos\u201d.<\/p>\n<blockquote>\n<p>\u201c\u00c9 preciso avan\u00e7ar nas iniciativas de al\u00edvio da d\u00edvida, promover mecanismos de financiamento inovadores e identificar e abordar as causas do alto custo do capital para a maioria dos pa\u00edses em desenvolvimento\u201d, afirmam os presidentes.<\/p>\n<\/blockquote>\n<p>A expectativa para a COP30, em Bel\u00e9m, <strong>\u00e9 que os pa\u00edses apresentem <a href=\"https:\/\/agenciabrasil.ebc.com.br\/meio-ambiente\/noticia\/2024-11\/cop29-fecha-acordo-climatico-e-chefe-da-onu-critica-resultado\" target=\"_blank\" rel=\"noopener\">compromissos mais ambiciosos<\/a> para limitar o aumento da temperatura da Terra e se estabele\u00e7a o financiamento da a\u00e7\u00e3o clim\u00e1tica aos pa\u00edses em desenvolvimento, em, ao menos, US$ 1,3 trilh\u00e3o por ano at\u00e9 2025<\/strong>.<\/p>\n<p>\u201cPrecisamos aumentar significativamente o financiamento para a adapta\u00e7\u00e3o clim\u00e1tica, alavancar os investimentos do setor privado e assegurar que os Bancos Multilaterais de Desenvolvimento assumam um papel mais relevante no financiamento clim\u00e1tico. A confer\u00eancia de Sevilha complementar\u00e1 esses esfor\u00e7os, assegurando que o financiamento clim\u00e1tico n\u00e3o prejudique o desenvolvimento\u201d, argumentam.<\/p>\n<p>Na carta, os tr\u00eas pa\u00edses se comprometem a\u00a0trabalhar em Sevilha\u00a0no sentido de mobilizar capital p\u00fablico e privado para o desenvolvimento sustent\u00e1vel, reconhecendo a insepar\u00e1vel rela\u00e7\u00e3o entre estabilidade financeira e a\u00e7\u00e3o clim\u00e1tica. &#8220;Em Joanesburgo, o G20 reafirmar\u00e1 a import\u00e2ncia de um crescimento econ\u00f4mico inclusivo. E, em Bel\u00e9m, estaremos lado a lado para proteger o nosso planeta\u201d, complementam\u00a0os presidentes.<\/p>\n<p>      <!-- Relacionada --><\/p>\n<p>            <!-- Relacionada -->\n    <\/div>\n<p><br \/>\n<br \/><a href=\"https:\/\/agenciabrasil.ebc.com.br\/internacional\/noticia\/2025-03\/lula-sanchez-e-ramaphosa-2025-sera-decisivo-para-multilateralismo\" rel=\"noopener\">Ag\u00eancia Brasil <\/a><\/p>\n","protected":false},"excerpt":{"rendered":"<p>O presidente Luiz In\u00e1cio Lula da Silva e os presidentes da \u00c1frica do Sul, Cyril Ramaphosa, e da Espanha, Pedro S\u00e1nchez, defendem\u00a0que as reuni\u00f5es internacionais previstas para 2025 n\u00e3o podem ser \u201capenas mais-do-mesmo\u201d,\u00a0precisam entregar \u201cprogressos reais\u201d para o enfrentamento dos desafios do planeta.\u00a0Juntos, os\u00a0l\u00edderes assinam artigo publicado em diversos ve\u00edculos de imprensa, nesta quinta-feira (6), [&hellip;]<\/p>\n","protected":false},"author":1,"featured_media":25799,"comment_status":"open","ping_status":"open","sticky":false,"template":"","format":"standard","meta":{"_jetpack_newsletter_access":"","_jetpack_dont_email_post_to_subs":false,"_jetpack_newsletter_tier_id":0,"_jetpack_memberships_contains_paywalled_content":false,"_mbp_banners":[],"_jetpack_feature_clip_id":0,"_jetpack_memberships_contains_paid_content":false,"footnotes":"","jetpack_publicize_message":"","jetpack_publicize_feature_enabled":true,"jetpack_social_post_already_shared":true,"jetpack_social_options":{"image_generator_settings":{"template":"highway","default_image_id":0,"font":"","enabled":false},"version":2},"jetpack_post_was_ever_published":false},"categories":[25],"tags":[],"class_list":["post-25798","post","type-post","status-publish","format-standard","has-post-thumbnail","category-internacional"],"jetpack_publicize_connections":[],"jetpack-related-posts":[],"jetpack_shortlink":"https:\/\/wp.me\/p7Eq1F-6I6","jetpack_sharing_enabled":true,"jetpack_featured_media_url":"https:\/\/i0.wp.com\/guialimeira.com.br\/news\/wp-content\/uploads\/2025\/03\/49722239312_0728ed410d_o.jpg?fit=1600%2C800&ssl=1","_links":{"self":[{"href":"https:\/\/guialimeira.com.br\/news\/wp-json\/wp\/v2\/posts\/25798","targetHints":{"allow":["GET"]}}],"collection":[{"href":"https:\/\/guialimeira.com.br\/news\/wp-json\/wp\/v2\/posts"}],"about":[{"href":"https:\/\/guialimeira.com.br\/news\/wp-json\/wp\/v2\/types\/post"}],"author":[{"embeddable":true,"href":"https:\/\/guialimeira.com.br\/news\/wp-json\/wp\/v2\/users\/1"}],"replies":[{"embeddable":true,"href":"https:\/\/guialimeira.com.br\/news\/wp-json\/wp\/v2\/comments?post=25798"}],"version-history":[{"count":0,"href":"https:\/\/guialimeira.com.br\/news\/wp-json\/wp\/v2\/posts\/25798\/revisions"}],"wp:featuredmedia":[{"embeddable":true,"href":"https:\/\/guialimeira.com.br\/news\/wp-json\/wp\/v2\/media\/25799"}],"wp:attachment":[{"href":"https:\/\/guialimeira.com.br\/news\/wp-json\/wp\/v2\/media?parent=25798"}],"wp:term":[{"taxonomy":"category","embeddable":true,"href":"https:\/\/guialimeira.com.br\/news\/wp-json\/wp\/v2\/categories?post=25798"},{"taxonomy":"post_tag","embeddable":true,"href":"https:\/\/guialimeira.com.br\/news\/wp-json\/wp\/v2\/tags?post=25798"}],"curies":[{"name":"wp","href":"https:\/\/api.w.org\/{rel}","templated":true}]}}