{"id":25791,"date":"2025-03-06T16:15:58","date_gmt":"2025-03-06T19:15:58","guid":{"rendered":"https:\/\/guialimeira.com.br\/?p=25791"},"modified":"2025-03-06T16:16:00","modified_gmt":"2025-03-06T19:16:00","slug":"suzano-e-instituto-alianca-tem-vagas-abertas-para-capacitacao-profissional-gratuita","status":"publish","type":"post","link":"https:\/\/guialimeira.com.br\/news\/suzano-e-instituto-alianca-tem-vagas-abertas-para-capacitacao-profissional-gratuita\/","title":{"rendered":"\u00a0Suzano e Instituto Alian\u00e7a t\u00eam vagas abertas para capacita\u00e7\u00e3o profissional gratuita"},"content":{"rendered":"\n<p class=\"wp-block-paragraph\"><em>Programa Rotas e Travessias, que qualifica jovens de 17 a 24 anos para o mercado de trabalho, recebe inscri\u00e7\u00f5es at\u00e9 amanh\u00e3 (07\/03)<\/em><\/p>\n\n\n\n<p class=\"wp-block-paragraph\">O Instituto Alian\u00e7a, em parceria com a Suzano, maior produtora mundial de celulose e refer\u00eancia global na fabrica\u00e7\u00e3o de bioprodutos, Funda\u00e7\u00e3o Forge e Zurich Foundation, recebe at\u00e9 amanh\u00e3 (07\/03) as inscri\u00e7\u00f5es para a nova turma do programa de forma\u00e7\u00e3o profissional Rotas e Travessias. A iniciativa oferece cursos gratuitos para jovens de 17 a 24 anos de&nbsp;Americana, Limeira e Campinas, visando ampliar a inclus\u00e3o no mercado de trabalho. Al\u00e9m dessas cidades, o projeto tamb\u00e9m abrange outras cidades do Estado de S\u00e3o Paulo, como S\u00e3o Jos\u00e9 dos Campos e Jacare\u00ed. De acordo com o Instituto Alian\u00e7a, mais de 70% dos jovens que concluem essa forma\u00e7\u00e3o conseguem inser\u00e7\u00e3o no mercado de trabalho.&nbsp;<\/p>\n\n\n\n<p class=\"wp-block-paragraph\">Com dura\u00e7\u00e3o de tr\u00eas meses e realizado totalmente on-line, o curso \u00e9 focado no desenvolvimento de compet\u00eancias socioemocionais, digitais e empreendedoras, al\u00e9m de preparar os participantes para processos seletivos. Ao final do programa, os(as) alunos(as) que completarem a forma\u00e7\u00e3o receber\u00e3o certificado pela Universidade Estadual do Cear\u00e1 (UECE).&nbsp; Com o apoio a essa iniciativa, a Suzano refor\u00e7a seu compromisso com o desenvolvimento sustent\u00e1vel e social. Giordano Bruno Barbosa, gerente executivo de Relacionamento Social da Suzano, afirma que o apoio ao projeto est\u00e1 alinhado com as metas sociais da companhia. \u201cEstamos engajados(as) com o desenvolvimento social das \u00e1reas onde temos atua\u00e7\u00e3o. At\u00e9 2030, a Suzano se compromete a tirar 200 mil pessoas da linha da pobreza, e a inser\u00e7\u00e3o profissional de jovens \u00e9 um dos pilares fundamentais para que consigamos alcan\u00e7ar essa meta\u201d, afirma.<\/p>\n\n\n\n<p class=\"wp-block-paragraph\">O programa Rotas e Travessias tem como meta formar 800 jovens at\u00e9 2025, promovendo desenvolvimento social e econ\u00f4mico nas comunidades atendidas, al\u00e9m de oferecer ferramentas para que os participantes tenham mais oportunidades profissionais, contribuindo para sua autonomia e crescimento no mercado de trabalho. \u201cNossa metodologia n\u00e3o se limita \u00e0 capacita\u00e7\u00e3o t\u00e9cnica; ela \u00e9 um convite \u00e0 transforma\u00e7\u00e3o. Oferecemos aos jovens as ferramentas necess\u00e1rias para que possam construir um futuro repleto de oportunidades e autonomia. Acreditamos que, ao investir no potencial desses jovens, estamos contribuindo n\u00e3o apenas para suas trajet\u00f3rias individuais, mas tamb\u00e9m para o desenvolvimento social e econ\u00f4mico das comunidades em que est\u00e3o inseridos\u201d, ressalta Adenil Vieira, diretora do Instituto Alian\u00e7a.<\/p>\n\n\n\n<p class=\"wp-block-paragraph\">As inscri\u00e7\u00f5es podem ser feitas por meio do site do&nbsp;<a href=\"https:\/\/institutoalianca.org.br\/rotas\/\" target=\"_blank\" rel=\"noreferrer noopener\">Instituto Alian\u00e7a<\/a>, e a forma\u00e7\u00e3o tem in\u00edcio marcado para 10 de mar\u00e7o. Para participar, al\u00e9m de se enquadrarem na faixa et\u00e1ria, os jovens devem atender aos seguintes crit\u00e9rios: estar cursando o 3\u00ba ano ou ter conclu\u00eddo o Ensino M\u00e9dio em escola p\u00fablica; possuir o certificado de reservista (homens); ser residente nos munic\u00edpios de execu\u00e7\u00e3o do programa; e ter o desejo de ingressar no mercado de trabalho. Para garantir o acesso \u00e0 educa\u00e7\u00e3o, os participantes receber\u00e3o tablets com internet, facilitando a participa\u00e7\u00e3o nas aulas, que acontecer\u00e3o em dois encontros semanais.<\/p>\n\n\n\n<p class=\"wp-block-paragraph\"><strong><u>Servi\u00e7o<\/u><\/strong><br><strong>Programa: Rotas e Travessias \u2013 Turma 2025<\/strong><br>Inscri\u00e7\u00f5es: at\u00e9 7 de mar\u00e7o de 2025<br>Link para inscri\u00e7\u00f5es:<a href=\"https:\/\/institutoalianca.org.br\/rotas\/\" target=\"_blank\" rel=\"noreferrer noopener\">&nbsp;https:\/\/institutoalianca.org.br\/rotas\/<br><\/a>P\u00fablico-alvo: Jovens de 17 a 24 anos das cidades de Americana, Limeira, Campinas,&nbsp;Jacare\u00ed e S\u00e3o Jos\u00e9 dos Campos.&nbsp;&nbsp;<br>Metodologia: 100% on-line (empr\u00e9stimo de tablet com acesso \u00e0 internet)<br>Carga Hor\u00e1ria: 200 horas<br>Turno: manh\u00e3 ou tarde<br>In\u00edcio das Aulas: 10 de mar\u00e7o de 2025<\/p>\n\n\n\n<p class=\"wp-block-paragraph\"><strong>Sobre o Instituto Alian\u00e7a<\/strong><\/p>\n\n\n\n<p class=\"wp-block-paragraph\">O Instituto Alian\u00e7a, fundado em 2002, atua com foco na inclus\u00e3o social e no desenvolvimento sustent\u00e1vel. Em 2023, implementou 21 projetos que alcan\u00e7aram 214 munic\u00edpios, beneficiando mais de 570 mil pessoas com suas iniciativas. Saiba mais em&nbsp;<a href=\"http:\/\/www.institutoalianca.org.br\/\" target=\"_blank\" rel=\"noreferrer noopener\">www.institutoalianca.org.br<br><\/a><\/p>\n\n\n\n<p class=\"wp-block-paragraph\"><strong>Sobre a Suzano<\/strong><\/p>\n\n\n\n<p class=\"wp-block-paragraph\">A Suzano \u00e9 a maior produtora mundial de celulose, uma das maiores produtoras de pap\u00e9is da Am\u00e9rica Latina, l\u00edder no segmento de papel higi\u00eanico no Brasil e refer\u00eancia no desenvolvimento de solu\u00e7\u00f5es sustent\u00e1veis e inovadoras a partir de mat\u00e9ria-prima de fonte renov\u00e1vel. Nossos produtos e solu\u00e7\u00f5es est\u00e3o presentes na vida de mais de 2 bilh\u00f5es de pessoas, abastecem mais de 100 pa\u00edses e incluem celulose; pap\u00e9is para imprimir e escrever; pap\u00e9is para embalagens, copos e canudos; pap\u00e9is sanit\u00e1rios e produtos absorventes; al\u00e9m de novos bioprodutos desenvolvidos para atender \u00e0 demanda global. A inova\u00e7\u00e3o e a sustentabilidade orientam nosso prop\u00f3sito de \u201cRenovar a vida a partir da \u00e1rvore\u201d e nosso trabalho no enfrentamento dos desafios da sociedade e do planeta. Com mais de 100 anos de hist\u00f3ria, temos a\u00e7\u00f5es nas bolsas do Brasil (SUZB3) e dos Estados Unidos (SUZ). Saiba mais na p\u00e1gina:<a href=\"http:\/\/www.suzano.com.br\/\" target=\"_blank\" rel=\"noreferrer noopener\">&nbsp;<\/a><a href=\"http:\/\/www.suzano.com.br\/\" target=\"_blank\" rel=\"noreferrer noopener\">www.suzano.com.br<\/a>.<\/p>\n","protected":false},"excerpt":{"rendered":"<p>Programa Rotas e Travessias, que qualifica jovens de 17 a 24 anos para o mercado de trabalho, recebe inscri\u00e7\u00f5es at\u00e9 amanh\u00e3 (07\/03) O Instituto Alian\u00e7a, em parceria com a Suzano, maior produtora mundial de celulose e refer\u00eancia global na fabrica\u00e7\u00e3o de bioprodutos, Funda\u00e7\u00e3o Forge e Zurich Foundation, recebe at\u00e9 amanh\u00e3 (07\/03) as inscri\u00e7\u00f5es para a [&hellip;]<\/p>\n","protected":false},"author":2,"featured_media":25792,"comment_status":"open","ping_status":"open","sticky":false,"template":"","format":"standard","meta":{"_jetpack_newsletter_access":"","_jetpack_dont_email_post_to_subs":false,"_jetpack_newsletter_tier_id":0,"_jetpack_memberships_contains_paywalled_content":false,"_mbp_banners":[],"_jetpack_feature_clip_id":0,"_jetpack_memberships_contains_paid_content":false,"footnotes":"","jetpack_publicize_message":"","jetpack_publicize_feature_enabled":true,"jetpack_social_post_already_shared":true,"jetpack_social_options":{"image_generator_settings":{"template":"highway","default_image_id":0,"font":"","enabled":false},"version":2},"jetpack_post_was_ever_published":false},"categories":[16],"tags":[],"class_list":["post-25791","post","type-post","status-publish","format-standard","has-post-thumbnail","category-local"],"jetpack_publicize_connections":[],"jetpack-related-posts":[],"jetpack_shortlink":"https:\/\/wp.me\/p7Eq1F-6HZ","jetpack_sharing_enabled":true,"jetpack_featured_media_url":"https:\/\/i0.wp.com\/guialimeira.com.br\/news\/wp-content\/uploads\/2025\/03\/Jovens-do-programa-Rotas-e-Travessias-e-equipe-do-Instituto-Alianca_credito-Dphotografia-1.png?fit=2500%2C1667&ssl=1","_links":{"self":[{"href":"https:\/\/guialimeira.com.br\/news\/wp-json\/wp\/v2\/posts\/25791","targetHints":{"allow":["GET"]}}],"collection":[{"href":"https:\/\/guialimeira.com.br\/news\/wp-json\/wp\/v2\/posts"}],"about":[{"href":"https:\/\/guialimeira.com.br\/news\/wp-json\/wp\/v2\/types\/post"}],"author":[{"embeddable":true,"href":"https:\/\/guialimeira.com.br\/news\/wp-json\/wp\/v2\/users\/2"}],"replies":[{"embeddable":true,"href":"https:\/\/guialimeira.com.br\/news\/wp-json\/wp\/v2\/comments?post=25791"}],"version-history":[{"count":1,"href":"https:\/\/guialimeira.com.br\/news\/wp-json\/wp\/v2\/posts\/25791\/revisions"}],"predecessor-version":[{"id":25793,"href":"https:\/\/guialimeira.com.br\/news\/wp-json\/wp\/v2\/posts\/25791\/revisions\/25793"}],"wp:featuredmedia":[{"embeddable":true,"href":"https:\/\/guialimeira.com.br\/news\/wp-json\/wp\/v2\/media\/25792"}],"wp:attachment":[{"href":"https:\/\/guialimeira.com.br\/news\/wp-json\/wp\/v2\/media?parent=25791"}],"wp:term":[{"taxonomy":"category","embeddable":true,"href":"https:\/\/guialimeira.com.br\/news\/wp-json\/wp\/v2\/categories?post=25791"},{"taxonomy":"post_tag","embeddable":true,"href":"https:\/\/guialimeira.com.br\/news\/wp-json\/wp\/v2\/tags?post=25791"}],"curies":[{"name":"wp","href":"https:\/\/api.w.org\/{rel}","templated":true}]}}