{"id":2578,"date":"2024-04-24T08:27:44","date_gmt":"2024-04-24T11:27:44","guid":{"rendered":"https:\/\/guialimeira.com.br\/2024\/04\/24\/sema-oferece-curso-sobre-fabricacao-de-alimentos-minimamente-processados-portal-do-municipio-de-piracicaba\/"},"modified":"2024-04-24T08:27:44","modified_gmt":"2024-04-24T11:27:44","slug":"sema-oferece-curso-sobre-fabricacao-de-alimentos-minimamente-processados-portal-do-municipio-de-piracicaba","status":"publish","type":"post","link":"https:\/\/guialimeira.com.br\/news\/sema-oferece-curso-sobre-fabricacao-de-alimentos-minimamente-processados-portal-do-municipio-de-piracicaba\/","title":{"rendered":"Sema oferece curso sobre fabrica\u00e7\u00e3o de alimentos minimamente processados \u2013 Portal do Munic\u00edpio de Piracicaba"},"content":{"rendered":"<p> <br \/>\n<\/p>\n<div itemprop=\"articleBody\">\n<div class=\"m-auto col-lg-8\">\n<p>Fruto de mais uma parceria entre Prefeitura de Piracicaba, por meio da Sema (Secretaria de Agricultura e Abastecimento), Sebrae e Senar, est\u00e3o abertas as inscri\u00e7\u00f5es at\u00e9 sexta-feira, 26\/04, do curso gratuito de boas pr\u00e1ticas de fabrica\u00e7\u00e3o para alimentos de origem vegetal, com foco para os minimamente processados.<\/p>\n<p>As aulas ser\u00e3o ministradas na Cozinha Experimental da Sema (Av. Dr. Paulo de Moraes, 2113 \u2013 Paulista), nos dias 16, 17, 23 e 24 de maio, das 7h \u00e0s 17h, com carga hor\u00e1ria de 32 horas.<\/p>\n<p>O curso tem por objetivo apresentar os requisitos legais para in\u00edcio e formaliza\u00e7\u00e3o da produ\u00e7\u00e3o de produtos de origem vegetal e abordar o processamento m\u00ednimo de vegetais, permitindo a agrega\u00e7\u00e3o de valor aos produtos agr\u00edcolas, aumentando a renda dos produtores e reduzindo as perdas p\u00f3s-colheita.<\/p>\n<p>De acordo com a nutricionista da Sema, La\u00eds Feitoza, a demanda pela compra dos alimentos minimamente processados t\u00eam crescido no mercado, pois al\u00e9m de serem mais pr\u00e1ticos para o preparo dos consumidores, proporcionam maior padroniza\u00e7\u00e3o, preserva\u00e7\u00e3o do frescor e da qualidade e contribuem para a redu\u00e7\u00e3o do desperd\u00edcio. \u201cQueremos que esse curso sirva como aprendizado e oportunidade de aprimoramento principalmente para os produtores de hortali\u00e7as e as agroind\u00fastrias de pequenos agricultores\u201d, disse.<\/p>\n<p>Os interessados devem fazer a inscri\u00e7\u00e3o pelo link\u00a0<a href=\"https:\/\/bit.ly\/origemveg\" target=\"_blank\" rel=\"noreferrer noopener\">https:\/\/bit.ly\/origemveg<\/a>\u00a0ou entrando em contato com a Sema, no telefone (19) 3437-4000.\u00a0Ser\u00e3o oferecidas 16 vagas e a Sema entrar\u00e1 em contato por telefone com os selecionados.<\/p>\n<figure class=\"wp-block-image size-large\"><img data-recalc-dims=\"1\" fetchpriority=\"high\" decoding=\"async\" width=\"696\" height=\"464\" src=\"https:\/\/i0.wp.com\/piracicaba.sp.gov.br\/wp-content\/uploads\/2024\/04\/Demanda-pela-compra-dos-alimentos-minimamente-processados-tem-crescido-no-mercado_Foto_Thais_Passos_SEMA-1024x683.jpg?resize=696%2C464&#038;ssl=1\" alt=\"\" class=\"wp-image-77705\" srcset=\"https:\/\/piracicaba.sp.gov.br\/wp-content\/uploads\/2024\/04\/Demanda-pela-compra-dos-alimentos-minimamente-processados-tem-crescido-no-mercado_Foto_Thais_Passos_SEMA-1024x683.jpg 1024w, https:\/\/piracicaba.sp.gov.br\/wp-content\/uploads\/2024\/04\/Demanda-pela-compra-dos-alimentos-minimamente-processados-tem-crescido-no-mercado_Foto_Thais_Passos_SEMA-300x200.jpg 300w, https:\/\/piracicaba.sp.gov.br\/wp-content\/uploads\/2024\/04\/Demanda-pela-compra-dos-alimentos-minimamente-processados-tem-crescido-no-mercado_Foto_Thais_Passos_SEMA-768x512.jpg 768w, https:\/\/piracicaba.sp.gov.br\/wp-content\/uploads\/2024\/04\/Demanda-pela-compra-dos-alimentos-minimamente-processados-tem-crescido-no-mercado_Foto_Thais_Passos_SEMA-1536x1024.jpg 1536w, https:\/\/piracicaba.sp.gov.br\/wp-content\/uploads\/2024\/04\/Demanda-pela-compra-dos-alimentos-minimamente-processados-tem-crescido-no-mercado_Foto_Thais_Passos_SEMA-2048x1365.jpg 2048w\" sizes=\"(max-width: 1024px) 100vw, 1024px\"\/><figcaption class=\"wp-element-caption\"><strong><em><sub><sup>Demanda pela compra dos alimentos minimamente processados t\u00eam crescido no mercado<\/sup><\/sub><\/em><\/strong><\/figcaption><\/figure>\n<figure class=\"wp-block-image size-large\"><img data-recalc-dims=\"1\" loading=\"lazy\" decoding=\"async\" width=\"696\" height=\"522\" src=\"https:\/\/i0.wp.com\/piracicaba.sp.gov.br\/wp-content\/uploads\/2024\/04\/Curso-sera-ministrado-na-Cozinha-Experimental-da-Sema_Foto_Thais_Passos_SEMA--1024x768.jpg?resize=696%2C522&#038;ssl=1\" alt=\"\" class=\"wp-image-77706\" srcset=\"https:\/\/piracicaba.sp.gov.br\/wp-content\/uploads\/2024\/04\/Curso-sera-ministrado-na-Cozinha-Experimental-da-Sema_Foto_Thais_Passos_SEMA--1024x768.jpg 1024w, https:\/\/piracicaba.sp.gov.br\/wp-content\/uploads\/2024\/04\/Curso-sera-ministrado-na-Cozinha-Experimental-da-Sema_Foto_Thais_Passos_SEMA--300x225.jpg 300w, https:\/\/piracicaba.sp.gov.br\/wp-content\/uploads\/2024\/04\/Curso-sera-ministrado-na-Cozinha-Experimental-da-Sema_Foto_Thais_Passos_SEMA--768x576.jpg 768w, https:\/\/piracicaba.sp.gov.br\/wp-content\/uploads\/2024\/04\/Curso-sera-ministrado-na-Cozinha-Experimental-da-Sema_Foto_Thais_Passos_SEMA--1536x1152.jpg 1536w, https:\/\/piracicaba.sp.gov.br\/wp-content\/uploads\/2024\/04\/Curso-sera-ministrado-na-Cozinha-Experimental-da-Sema_Foto_Thais_Passos_SEMA--2048x1536.jpg 2048w\" sizes=\"auto, (max-width: 1024px) 100vw, 1024px\"\/><figcaption class=\"wp-element-caption\"><em><strong><sub><sup>Curso ser\u00e1 ministrado na Cozinha Experimental da Sema<\/sup><\/sub><\/strong><\/em><\/figcaption><\/figure>\n<\/div>\n<\/div>\n<p><br \/>\n<br \/><a href=\"https:\/\/piracicaba.sp.gov.br\/noticias\/sema-oferece-curso-sobre-fabricacao-de-alimentos-minimamente-processados\/\" rel=\"noopener\">Informa\u00e7\u00f5es PMP <\/a><\/p>\n","protected":false},"excerpt":{"rendered":"<p>Fruto de mais uma parceria entre Prefeitura de Piracicaba, por meio da Sema (Secretaria de Agricultura e Abastecimento), Sebrae e Senar, est\u00e3o abertas as inscri\u00e7\u00f5es at\u00e9 sexta-feira, 26\/04, do curso gratuito de boas pr\u00e1ticas de fabrica\u00e7\u00e3o para alimentos de origem vegetal, com foco para os minimamente processados. As aulas ser\u00e3o ministradas na Cozinha Experimental da [&hellip;]<\/p>\n","protected":false},"author":1,"featured_media":2579,"comment_status":"open","ping_status":"open","sticky":false,"template":"","format":"standard","meta":{"_jetpack_newsletter_access":"","_jetpack_dont_email_post_to_subs":false,"_jetpack_newsletter_tier_id":0,"_jetpack_memberships_contains_paywalled_content":false,"_mbp_banners":[],"_jetpack_feature_clip_id":0,"_jetpack_memberships_contains_paid_content":false,"footnotes":"","jetpack_publicize_message":"","jetpack_publicize_feature_enabled":true,"jetpack_social_post_already_shared":true,"jetpack_social_options":{"image_generator_settings":{"template":"highway","default_image_id":0,"font":"","enabled":false},"version":2},"jetpack_post_was_ever_published":false},"categories":[20],"tags":[],"class_list":["post-2578","post","type-post","status-publish","format-standard","has-post-thumbnail","category-regiao"],"jetpack_publicize_connections":[],"jetpack-related-posts":[],"jetpack_shortlink":"https:\/\/wp.me\/p7Eq1F-FA","jetpack_sharing_enabled":true,"jetpack_featured_media_url":"https:\/\/i0.wp.com\/guialimeira.com.br\/news\/wp-content\/uploads\/2024\/04\/Demanda-pela-compra-dos-alimentos-minimamente-processados-tem-crescido-no-mercado_Foto_Thais_Passos_SEMA-1024x683.jpg?fit=1024%2C683&ssl=1","_links":{"self":[{"href":"https:\/\/guialimeira.com.br\/news\/wp-json\/wp\/v2\/posts\/2578","targetHints":{"allow":["GET"]}}],"collection":[{"href":"https:\/\/guialimeira.com.br\/news\/wp-json\/wp\/v2\/posts"}],"about":[{"href":"https:\/\/guialimeira.com.br\/news\/wp-json\/wp\/v2\/types\/post"}],"author":[{"embeddable":true,"href":"https:\/\/guialimeira.com.br\/news\/wp-json\/wp\/v2\/users\/1"}],"replies":[{"embeddable":true,"href":"https:\/\/guialimeira.com.br\/news\/wp-json\/wp\/v2\/comments?post=2578"}],"version-history":[{"count":0,"href":"https:\/\/guialimeira.com.br\/news\/wp-json\/wp\/v2\/posts\/2578\/revisions"}],"wp:featuredmedia":[{"embeddable":true,"href":"https:\/\/guialimeira.com.br\/news\/wp-json\/wp\/v2\/media\/2579"}],"wp:attachment":[{"href":"https:\/\/guialimeira.com.br\/news\/wp-json\/wp\/v2\/media?parent=2578"}],"wp:term":[{"taxonomy":"category","embeddable":true,"href":"https:\/\/guialimeira.com.br\/news\/wp-json\/wp\/v2\/categories?post=2578"},{"taxonomy":"post_tag","embeddable":true,"href":"https:\/\/guialimeira.com.br\/news\/wp-json\/wp\/v2\/tags?post=2578"}],"curies":[{"name":"wp","href":"https:\/\/api.w.org\/{rel}","templated":true}]}}