{"id":25762,"date":"2025-03-06T11:19:39","date_gmt":"2025-03-06T14:19:39","guid":{"rendered":"https:\/\/guialimeira.com.br\/?p=25762"},"modified":"2025-03-06T11:19:41","modified_gmt":"2025-03-06T14:19:41","slug":"vereador-waguinho-da-santa-luzia-solicita-informacoes-sobre-a-construcao-de-uma-upa-no-parque-hipolito","status":"publish","type":"post","link":"https:\/\/guialimeira.com.br\/news\/vereador-waguinho-da-santa-luzia-solicita-informacoes-sobre-a-construcao-de-uma-upa-no-parque-hipolito\/","title":{"rendered":"Vereador Waguinho da Santa Luzia solicita informa\u00e7\u00f5es sobre a constru\u00e7\u00e3o de uma UPA no Parque Hip\u00f3lito"},"content":{"rendered":"\n<p class=\"wp-block-paragraph\">O vereador <strong>Waguinho da Santa Luzia (Progressistas)<\/strong> encaminhou um requerimento ao Poder Executivo solicitando informa\u00e7\u00f5es sobre a <strong>possibilidade de constru\u00e7\u00e3o de uma Unidade de Pronto Atendimento (UPA) no bairro Parque Hip\u00f3lito<\/strong>, em Limeira. A solicita\u00e7\u00e3o visa esclarecer se h\u00e1 algum planejamento em andamento para a implementa\u00e7\u00e3o desse importante equipamento de sa\u00fade na regi\u00e3o.<\/p>\n\n\n\n<h2 class=\"wp-block-heading\"><strong>O que foi solicitado?<\/strong><\/h2>\n\n\n\n<p class=\"wp-block-paragraph\">O requerimento busca respostas para os seguintes questionamentos:<\/p>\n\n\n\n<p class=\"wp-block-paragraph\">\u2705 <strong>Existe algum projeto em tramita\u00e7\u00e3o na Prefeitura para a constru\u00e7\u00e3o de uma UPA no Parque Hip\u00f3lito?<\/strong><br>\u27a1\ufe0f Caso a resposta seja afirmativa, solicita-se o n\u00famero do processo administrativo e a fase em que o projeto se encontra.<br>\u27a1\ufe0f Caso a resposta seja negativa, pede-se que sejam informados os motivos.<\/p>\n\n\n\n<p class=\"wp-block-paragraph\">\u2705 <strong>Caso haja a possibilidade de constru\u00e7\u00e3o da UPA, seria vi\u00e1vel utilizar a \u00e1rea livre do terreno onde j\u00e1 est\u00e1 localizada a UBS Hip\u00f3lito?<\/strong><br>\u27a1\ufe0f A proposta considera a <strong>facilidade de acesso ao sistema de sa\u00fade p\u00fablica<\/strong> para os moradores da regi\u00e3o.<\/p>\n\n\n\n<h2 class=\"wp-block-heading\"><strong>Justificativa para a solicita\u00e7\u00e3o<\/strong><\/h2>\n\n\n\n<p class=\"wp-block-paragraph\">O pedido tem como objetivo garantir <strong>mais estrutura e atendimento de qualidade<\/strong> para a popula\u00e7\u00e3o do Parque Hip\u00f3lito e bairros vizinhos. A constru\u00e7\u00e3o de uma UPA nesse local poderia <strong>desafogar o atendimento de urg\u00eancia e emerg\u00eancia<\/strong>, reduzindo o tempo de espera e melhorando o servi\u00e7o prestado \u00e0 comunidade.<\/p>\n\n\n\n<p class=\"wp-block-paragraph\">Al\u00e9m disso, a possibilidade de utilizar um <strong>terreno j\u00e1 vinculado \u00e0 \u00e1rea da sa\u00fade<\/strong>, onde est\u00e1 localizada a UBS Hip\u00f3lito, poderia <strong>otimizar recursos p\u00fablicos e garantir uma integra\u00e7\u00e3o eficiente<\/strong> entre os servi\u00e7os j\u00e1 oferecidos e a nova unidade.<\/p>\n\n\n\n<h2 class=\"wp-block-heading\"><strong>A import\u00e2ncia da amplia\u00e7\u00e3o da rede de sa\u00fade<\/strong><\/h2>\n\n\n\n<p class=\"wp-block-paragraph\">A demanda por atendimento emergencial tem sido crescente em diversas regi\u00f5es, tornando essencial a <strong>expans\u00e3o da infraestrutura de sa\u00fade<\/strong>. A instala\u00e7\u00e3o de uma UPA no Parque Hip\u00f3lito seria um passo importante para garantir que os moradores tenham acesso r\u00e1pido e eficiente a atendimentos m\u00e9dicos em casos de urg\u00eancia.<\/p>\n\n\n\n<p class=\"wp-block-paragraph\">Agora, aguarda-se a resposta da Prefeitura para entender quais s\u00e3o os planos da administra\u00e7\u00e3o municipal em rela\u00e7\u00e3o a essa demanda essencial para a popula\u00e7\u00e3o.<\/p>\n","protected":false},"excerpt":{"rendered":"<p>O vereador Waguinho da Santa Luzia (Progressistas) encaminhou um requerimento ao Poder Executivo solicitando informa\u00e7\u00f5es sobre a possibilidade de constru\u00e7\u00e3o de uma Unidade de Pronto Atendimento (UPA) no bairro Parque Hip\u00f3lito, em Limeira. A solicita\u00e7\u00e3o visa esclarecer se h\u00e1 algum planejamento em andamento para a implementa\u00e7\u00e3o desse importante equipamento de sa\u00fade na regi\u00e3o. O que [&hellip;]<\/p>\n","protected":false},"author":1,"featured_media":25765,"comment_status":"open","ping_status":"open","sticky":false,"template":"","format":"standard","meta":{"_jetpack_newsletter_access":"","_jetpack_dont_email_post_to_subs":false,"_jetpack_newsletter_tier_id":0,"_jetpack_memberships_contains_paywalled_content":false,"_mbp_banners":[],"_jetpack_feature_clip_id":0,"_jetpack_memberships_contains_paid_content":false,"footnotes":"","jetpack_publicize_message":"","jetpack_publicize_feature_enabled":true,"jetpack_social_post_already_shared":true,"jetpack_social_options":{"image_generator_settings":{"template":"highway","default_image_id":0,"font":"","enabled":false},"version":2},"jetpack_post_was_ever_published":false},"categories":[19,15],"tags":[],"class_list":["post-25762","post","type-post","status-publish","format-standard","has-post-thumbnail","category-politica","category-saude"],"jetpack_publicize_connections":[],"jetpack-related-posts":[],"jetpack_shortlink":"https:\/\/wp.me\/p7Eq1F-6Hw","jetpack_sharing_enabled":true,"jetpack_featured_media_url":"https:\/\/i0.wp.com\/guialimeira.com.br\/news\/wp-content\/uploads\/2025\/03\/saude-limeira.png?fit=1016%2C762&ssl=1","_links":{"self":[{"href":"https:\/\/guialimeira.com.br\/news\/wp-json\/wp\/v2\/posts\/25762","targetHints":{"allow":["GET"]}}],"collection":[{"href":"https:\/\/guialimeira.com.br\/news\/wp-json\/wp\/v2\/posts"}],"about":[{"href":"https:\/\/guialimeira.com.br\/news\/wp-json\/wp\/v2\/types\/post"}],"author":[{"embeddable":true,"href":"https:\/\/guialimeira.com.br\/news\/wp-json\/wp\/v2\/users\/1"}],"replies":[{"embeddable":true,"href":"https:\/\/guialimeira.com.br\/news\/wp-json\/wp\/v2\/comments?post=25762"}],"version-history":[{"count":1,"href":"https:\/\/guialimeira.com.br\/news\/wp-json\/wp\/v2\/posts\/25762\/revisions"}],"predecessor-version":[{"id":25766,"href":"https:\/\/guialimeira.com.br\/news\/wp-json\/wp\/v2\/posts\/25762\/revisions\/25766"}],"wp:featuredmedia":[{"embeddable":true,"href":"https:\/\/guialimeira.com.br\/news\/wp-json\/wp\/v2\/media\/25765"}],"wp:attachment":[{"href":"https:\/\/guialimeira.com.br\/news\/wp-json\/wp\/v2\/media?parent=25762"}],"wp:term":[{"taxonomy":"category","embeddable":true,"href":"https:\/\/guialimeira.com.br\/news\/wp-json\/wp\/v2\/categories?post=25762"},{"taxonomy":"post_tag","embeddable":true,"href":"https:\/\/guialimeira.com.br\/news\/wp-json\/wp\/v2\/tags?post=25762"}],"curies":[{"name":"wp","href":"https:\/\/api.w.org\/{rel}","templated":true}]}}