{"id":25757,"date":"2025-03-06T10:32:56","date_gmt":"2025-03-06T13:32:56","guid":{"rendered":"https:\/\/guialimeira.com.br\/2025\/03\/06\/hoteis-do-rio-de-janeiro-terminam-carnaval-com-ocupacao-de-9862\/"},"modified":"2025-03-06T10:32:56","modified_gmt":"2025-03-06T13:32:56","slug":"hoteis-do-rio-de-janeiro-terminam-carnaval-com-ocupacao-de-9862","status":"publish","type":"post","link":"https:\/\/guialimeira.com.br\/news\/hoteis-do-rio-de-janeiro-terminam-carnaval-com-ocupacao-de-9862\/","title":{"rendered":"Hot\u00e9is do Rio de Janeiro terminam carnaval com ocupa\u00e7\u00e3o de 98,62%"},"content":{"rendered":"<p> <br \/>\n<\/p>\n<div>\n<p>Os <strong>hot\u00e9is do Rio de Janeiro atravessaram o per\u00edodo de carnaval com ocupa\u00e7\u00e3o m\u00e9dia dos leitos em 98,62%<\/strong>. O \u00edndice de procura supera os 86,92% registrados em 2024. Os dados s\u00e3o do Hot\u00e9isRIO, o sindicato de donos de meios de hospedagem da capital carioca.<img data-recalc-dims=\"1\" decoding=\"async\" src=\"https:\/\/i0.wp.com\/agenciabrasil.ebc.com.br\/ebc.png?w=696&#038;ssl=1\" style=\"width:1px; height:1px; display:inline;\"\/><img data-recalc-dims=\"1\" decoding=\"async\" src=\"https:\/\/i0.wp.com\/agenciabrasil.ebc.com.br\/ebc.gif?w=696&#038;ssl=1\" style=\"width:1px; height:1px; display:inline;\"\/><\/p>\n<p>A <strong>regi\u00e3o da cidade mais procurada pelos turistas foi o Centro &#8211; onde acontecem os desfiles das escolas de samba e se apresentam in\u00fameros blocos de rua \u2013 e os bairros da zona sul e da Barra da Tijuca e Recreio dos Bandeirantes, na zona oeste, onde se localizam as praias e in\u00fameros blocos carnavalescos.<\/strong><\/p>\n<h2><strong>\u00cdndice de ocupa\u00e7\u00e3o nos principais bairros:<\/strong><\/h2>\n<p>Centro (99,37%)<\/p>\n<p>Leme\/ Copacabana (99,18%)<\/p>\n<p>Flamengo\/ Botafogo (99,05%)<\/p>\n<p>Ipanema\/ Leblon (98,82%)<\/p>\n<p>Barra da Tijuca\/ Recreio\/ S\u00e3o Conrado (96,69%)<\/p>\n<blockquote>\n<p>O presidente do Hot\u00e9isRIO, Alfredo Lopes, celebrou o carnaval de hot\u00e9is cheios. \u201cBons resultados para a cadeia do turismo \u2013 bares, restaurantes e shoppings -, com benef\u00edcios para a arrecada\u00e7\u00e3o da cidade\u201d.<\/p>\n<\/blockquote>\n<h2>Dinheiro na cidade<\/h2>\n<p>A <strong>prefeitura do Rio de Janeiro estimou que o carnaval movimentaria R$ 5,7 bilh\u00f5es na cidade<\/strong>. Eram esperados 8 milh\u00f5es de foli\u00f5es &#8211; entre cariocas e visitantes &#8211; nos diversos eventos carnavalescos, como blocos, bailes populares e desfiles.<\/p>\n<p><strong>A grande maioria (6 milh\u00f5es), nos blocos de rua. Contando o pr\u00e9-carnaval e o pr\u00f3ximo s\u00e1bado (8), a cidade conta com 457 apresenta\u00e7\u00f5es de blocos autorizadas<\/strong>.<\/p>\n<h2>Regi\u00e3o dos lagos<\/h2>\n<p>Em rela\u00e7\u00e3o \u00e0s demais regi\u00f5es tur\u00edsticas do estado, a Associa\u00e7\u00e3o Brasileira da Ind\u00fastria de Hot\u00e9is do Rio de Janeiro (ABIH-RJ) informou que os locais com maior ocupa\u00e7\u00e3o foram Arraial do Cabo (96,40%) e Cabo Frio (95,50%).<\/p>\n<p>As duas cidades ficam na regi\u00e3o dos lagos, onde o grande atrativo s\u00e3o as praias. <a href=\"https:\/\/www.gov.br\/turismo\/pt-br\/assuntos\/noticias\/arraial-do-cabo-rj-e-a-capital-nacional-do-mergulho\" target=\"_blank\" rel=\"noopener\">Arraial do Cabo \u00e9 reconhecida formalmente como capital nacional do mergulho<\/a>.<\/p>\n<p>\u00a0<\/p>\n<p>      <!-- Relacionada --><\/p>\n<p>            <!-- Relacionada -->\n    <\/div>\n<p><br \/>\n<br \/><a href=\"https:\/\/agenciabrasil.ebc.com.br\/economia\/noticia\/2025-03\/hoteis-do-rio-de-janeiro-terminam-carnaval-com-ocupacao-de-9862\" rel=\"noopener\">Ag\u00eancia Brasil<\/a><\/p>\n","protected":false},"excerpt":{"rendered":"<p>Os hot\u00e9is do Rio de Janeiro atravessaram o per\u00edodo de carnaval com ocupa\u00e7\u00e3o m\u00e9dia dos leitos em 98,62%. O \u00edndice de procura supera os 86,92% registrados em 2024. Os dados s\u00e3o do Hot\u00e9isRIO, o sindicato de donos de meios de hospedagem da capital carioca. A regi\u00e3o da cidade mais procurada pelos turistas foi o Centro [&hellip;]<\/p>\n","protected":false},"author":1,"featured_media":25758,"comment_status":"open","ping_status":"open","sticky":false,"template":"","format":"standard","meta":{"_jetpack_newsletter_access":"","_jetpack_dont_email_post_to_subs":false,"_jetpack_newsletter_tier_id":0,"_jetpack_memberships_contains_paywalled_content":false,"_mbp_banners":[],"_jetpack_feature_clip_id":0,"_jetpack_memberships_contains_paid_content":false,"footnotes":"","jetpack_publicize_message":"","jetpack_publicize_feature_enabled":true,"jetpack_social_post_already_shared":true,"jetpack_social_options":{"image_generator_settings":{"template":"highway","default_image_id":0,"font":"","enabled":false},"version":2},"jetpack_post_was_ever_published":false},"categories":[24],"tags":[],"class_list":["post-25757","post","type-post","status-publish","format-standard","has-post-thumbnail","category-economia"],"jetpack_publicize_connections":[],"jetpack-related-posts":[],"jetpack_shortlink":"https:\/\/wp.me\/p7Eq1F-6Hr","jetpack_sharing_enabled":true,"jetpack_featured_media_url":"https:\/\/i0.wp.com\/guialimeira.com.br\/news\/wp-content\/uploads\/2025\/03\/abr170413_tng7201_praias_rio_de_janeiro.jpg?fit=1600%2C800&ssl=1","_links":{"self":[{"href":"https:\/\/guialimeira.com.br\/news\/wp-json\/wp\/v2\/posts\/25757","targetHints":{"allow":["GET"]}}],"collection":[{"href":"https:\/\/guialimeira.com.br\/news\/wp-json\/wp\/v2\/posts"}],"about":[{"href":"https:\/\/guialimeira.com.br\/news\/wp-json\/wp\/v2\/types\/post"}],"author":[{"embeddable":true,"href":"https:\/\/guialimeira.com.br\/news\/wp-json\/wp\/v2\/users\/1"}],"replies":[{"embeddable":true,"href":"https:\/\/guialimeira.com.br\/news\/wp-json\/wp\/v2\/comments?post=25757"}],"version-history":[{"count":0,"href":"https:\/\/guialimeira.com.br\/news\/wp-json\/wp\/v2\/posts\/25757\/revisions"}],"wp:featuredmedia":[{"embeddable":true,"href":"https:\/\/guialimeira.com.br\/news\/wp-json\/wp\/v2\/media\/25758"}],"wp:attachment":[{"href":"https:\/\/guialimeira.com.br\/news\/wp-json\/wp\/v2\/media?parent=25757"}],"wp:term":[{"taxonomy":"category","embeddable":true,"href":"https:\/\/guialimeira.com.br\/news\/wp-json\/wp\/v2\/categories?post=25757"},{"taxonomy":"post_tag","embeddable":true,"href":"https:\/\/guialimeira.com.br\/news\/wp-json\/wp\/v2\/tags?post=25757"}],"curies":[{"name":"wp","href":"https:\/\/api.w.org\/{rel}","templated":true}]}}