{"id":25745,"date":"2025-03-06T07:29:52","date_gmt":"2025-03-06T10:29:52","guid":{"rendered":"https:\/\/guialimeira.com.br\/2025\/03\/06\/inss-comeca-a-pagar-beneficios-antecipados-nesta-quinta\/"},"modified":"2025-03-06T07:29:52","modified_gmt":"2025-03-06T10:29:52","slug":"inss-comeca-a-pagar-beneficios-antecipados-nesta-quinta","status":"publish","type":"post","link":"https:\/\/guialimeira.com.br\/news\/inss-comeca-a-pagar-beneficios-antecipados-nesta-quinta\/","title":{"rendered":"INSS come\u00e7a a pagar benef\u00edcios antecipados nesta quinta"},"content":{"rendered":"<p> <br \/>\n<\/p>\n<div>\n<p>Os <strong>aposentados e pensionistas com cart\u00e3o de final 4, 7 e 8 recebem nesta quinta-feira (6) os benef\u00edcios antecipados do Instituto Nacional do Seguro Social (INSS) de mar\u00e7o.<\/strong> O dinheiro ser\u00e1 pago junto com os benef\u00edcios destinados a cart\u00f5es de final 3, que originalmente receberiam nesta quinta.<img data-recalc-dims=\"1\" decoding=\"async\" src=\"https:\/\/i0.wp.com\/agenciabrasil.ebc.com.br\/ebc.png?w=696&#038;ssl=1\" style=\"width:1px; height:1px; display:inline;\"\/><img data-recalc-dims=\"1\" decoding=\"async\" src=\"https:\/\/i0.wp.com\/agenciabrasil.ebc.com.br\/ebc.gif?w=696&#038;ssl=1\" style=\"width:1px; height:1px; display:inline;\"\/><\/p>\n<p><strong>Na sexta-feira (7), o INSS pagar\u00e1 antecipadamente os benef\u00edcios de final 0. O dinheiro ser\u00e1 depositado junto com os benef\u00edcios de final 5, inicialmente previstos para sexta.<\/strong><\/p>\n<p><strong>Para conferir o final do benef\u00edcio, basta olhar no cart\u00e3o o n\u00famero que vem antes do d\u00edgito verificador. No caso do benef\u00edcio 999.999.993-9, o n\u00famero que define o dia de pagamento \u00e9 o 3, que vem antes do tra\u00e7o.<\/strong><\/p>\n<p>O <strong>pagamento foi antecipado por causa do carnaval de 2025, que neste ano caiu no in\u00edcio de mar\u00e7o.<\/strong> Normalmente, o INSS pagar os benef\u00edcios relativos a um m\u00eas na \u00faltima semana do m\u00eas corrente e na primeira semana do m\u00eas seguinte. No entanto, com os dias de feriado banc\u00e1rio no carnaval, o pagamento de fevereiro seria interrompido e s\u00f3 seria conclu\u00eddo na segunda semana de mar\u00e7o.<\/p>\n<p><strong>A antecipa\u00e7\u00e3o beneficiar\u00e1 15,2 milh\u00f5es de segurados. Segundo o Pal\u00e1cio do Planalto, a medida foi determinada pelo presidente Luiz In\u00e1cio Lula da Silva.<\/strong><\/p>\n<p>\u00a0<\/p>\n<p>      <!-- Relacionada --><\/p>\n<p>            <!-- Relacionada -->\n    <\/div>\n<p><br \/>\n<br \/><a href=\"https:\/\/agenciabrasil.ebc.com.br\/economia\/noticia\/2025-03\/inss-comeca-pagar-beneficios-antecipados-nesta-quinta\" rel=\"noopener\">Ag\u00eancia Brasil<\/a><\/p>\n","protected":false},"excerpt":{"rendered":"<p>Os aposentados e pensionistas com cart\u00e3o de final 4, 7 e 8 recebem nesta quinta-feira (6) os benef\u00edcios antecipados do Instituto Nacional do Seguro Social (INSS) de mar\u00e7o. O dinheiro ser\u00e1 pago junto com os benef\u00edcios destinados a cart\u00f5es de final 3, que originalmente receberiam nesta quinta. Na sexta-feira (7), o INSS pagar\u00e1 antecipadamente os [&hellip;]<\/p>\n","protected":false},"author":1,"featured_media":25746,"comment_status":"open","ping_status":"open","sticky":false,"template":"","format":"standard","meta":{"_jetpack_newsletter_access":"","_jetpack_dont_email_post_to_subs":false,"_jetpack_newsletter_tier_id":0,"_jetpack_memberships_contains_paywalled_content":false,"_mbp_banners":[],"_jetpack_feature_clip_id":0,"_jetpack_memberships_contains_paid_content":false,"footnotes":"","jetpack_publicize_message":"","jetpack_publicize_feature_enabled":true,"jetpack_social_post_already_shared":true,"jetpack_social_options":{"image_generator_settings":{"template":"highway","default_image_id":0,"font":"","enabled":false},"version":2},"jetpack_post_was_ever_published":false},"categories":[24],"tags":[],"class_list":["post-25745","post","type-post","status-publish","format-standard","has-post-thumbnail","category-economia"],"jetpack_publicize_connections":[],"jetpack-related-posts":[],"jetpack_shortlink":"https:\/\/wp.me\/p7Eq1F-6Hf","jetpack_sharing_enabled":true,"jetpack_featured_media_url":"https:\/\/i0.wp.com\/guialimeira.com.br\/news\/wp-content\/uploads\/2025\/03\/0d9a5836.jpg?fit=1600%2C800&ssl=1","_links":{"self":[{"href":"https:\/\/guialimeira.com.br\/news\/wp-json\/wp\/v2\/posts\/25745","targetHints":{"allow":["GET"]}}],"collection":[{"href":"https:\/\/guialimeira.com.br\/news\/wp-json\/wp\/v2\/posts"}],"about":[{"href":"https:\/\/guialimeira.com.br\/news\/wp-json\/wp\/v2\/types\/post"}],"author":[{"embeddable":true,"href":"https:\/\/guialimeira.com.br\/news\/wp-json\/wp\/v2\/users\/1"}],"replies":[{"embeddable":true,"href":"https:\/\/guialimeira.com.br\/news\/wp-json\/wp\/v2\/comments?post=25745"}],"version-history":[{"count":0,"href":"https:\/\/guialimeira.com.br\/news\/wp-json\/wp\/v2\/posts\/25745\/revisions"}],"wp:featuredmedia":[{"embeddable":true,"href":"https:\/\/guialimeira.com.br\/news\/wp-json\/wp\/v2\/media\/25746"}],"wp:attachment":[{"href":"https:\/\/guialimeira.com.br\/news\/wp-json\/wp\/v2\/media?parent=25745"}],"wp:term":[{"taxonomy":"category","embeddable":true,"href":"https:\/\/guialimeira.com.br\/news\/wp-json\/wp\/v2\/categories?post=25745"},{"taxonomy":"post_tag","embeddable":true,"href":"https:\/\/guialimeira.com.br\/news\/wp-json\/wp\/v2\/tags?post=25745"}],"curies":[{"name":"wp","href":"https:\/\/api.w.org\/{rel}","templated":true}]}}