{"id":25728,"date":"2025-03-05T20:19:01","date_gmt":"2025-03-05T23:19:01","guid":{"rendered":"https:\/\/guialimeira.com.br\/2025\/03\/05\/dolar-tem-maior-queda-diaria-em-dois-anos-e-meio-e-fecha-a-r-575\/"},"modified":"2025-03-05T20:19:01","modified_gmt":"2025-03-05T23:19:01","slug":"dolar-tem-maior-queda-diaria-em-dois-anos-e-meio-e-fecha-a-r-575","status":"publish","type":"post","link":"https:\/\/guialimeira.com.br\/news\/dolar-tem-maior-queda-diaria-em-dois-anos-e-meio-e-fecha-a-r-575\/","title":{"rendered":"D\u00f3lar tem maior queda di\u00e1ria em dois anos e meio e fecha a R$ 5,75"},"content":{"rendered":"<p> <br \/>\n<\/p>\n<div>\n<p>O mercado financeiro retornou do carnaval em clima de al\u00edvio. Numa sess\u00e3o de curta dura\u00e7\u00e3o, o <strong>d\u00f3lar teve a maior queda em mais de dois anos e meio e dissipou a alta do fim de fevereiro<\/strong>. A bolsa teve pequena alta, apesar da queda na cota\u00e7\u00e3o do petr\u00f3leo.<img data-recalc-dims=\"1\" decoding=\"async\" src=\"https:\/\/i0.wp.com\/agenciabrasil.ebc.com.br\/ebc.png?w=696&#038;ssl=1\" style=\"width:1px; height:1px; display:inline;\"\/><img data-recalc-dims=\"1\" decoding=\"async\" src=\"https:\/\/i0.wp.com\/agenciabrasil.ebc.com.br\/ebc.gif?w=696&#038;ssl=1\" style=\"width:1px; height:1px; display:inline;\"\/><\/p>\n<p>O <strong>d\u00f3lar comercial encerrou esta quarta-feira (5) vendido a R$ 5,756<\/strong>, com recuo de R$ 0,16 (-2,71%). A cota\u00e7\u00e3o operou em baixa durante toda a sess\u00e3o e fechou pr\u00f3xima da m\u00ednima do dia em meio a sinais de desacelera\u00e7\u00e3o na economia norte-americana e com a revers\u00e3o de medidas comerciais anunciadas pelo presidente Donald Trump.<\/p>\n<p>Esse foi o maior recuo di\u00e1rio da moeda norte-americana desde 3 de outubro de 2022, quando o d\u00f3lar tinha ca\u00eddo 4,03% no dia seguinte ao primeiro turno das elei\u00e7\u00f5es presidenciais. Em 2025, a divisa acumula queda de 6,86%.<\/p>\n<p>No mercado de a\u00e7\u00f5es, o otimismo foi menor. <strong>O \u00edndice Ibovespa, da B3, fechou aos 123.047 pontos, com alta de 0,2%.<\/strong><\/p>\n<p>Apesar da alta nas bolsas norte-americanas, a bolsa brasileira foi influenciada pela forte queda nas a\u00e7\u00f5es de petroleiras em todo o mundo, por causa do recuo do petr\u00f3leo no mercado internacional.<\/p>\n<p><strong>O barril do tipo Brent, usado nas negocia\u00e7\u00f5es internacionais, caiu 2,36% nesta segunda e fechou a US$ 69,46<\/strong> em meio a not\u00edcias de aumento de estoques de petr\u00f3leo nos Estados Unidos e not\u00edcias de plano da Opep+ de elevar a produ\u00e7\u00e3o em abril.<\/p>\n<p><strong>As a\u00e7\u00f5es da Petrobras, as mais negociadas no Ibovespa, ca\u00edram 4,61%<\/strong> nos pap\u00e9is ordin\u00e1rios (sem direito a voto em assembleia de acionistas). Os pap\u00e9is preferenciais (com prefer\u00eancia na distribui\u00e7\u00e3o de dividendos) recuaram 3,65%.<\/p>\n<p>Em rela\u00e7\u00e3o ao d\u00f3lar, a divisa refletiu sinais de desacelera\u00e7\u00e3o na economia norte-americana. Al\u00e9m disso, a decis\u00e3o de Donald Trump de adiar para abril o in\u00edcio da eleva\u00e7\u00e3o de tarifas em 25% para os produtos do M\u00e9xico e do Canad\u00e1 fez a cota\u00e7\u00e3o cair ainda mais no fim da tarde.<\/p>\n<p><em>* com informa\u00e7\u00f5es da Reuters<\/em><\/p>\n<p>      <!-- Relacionada --><\/p>\n<p>            <!-- Relacionada -->\n    <\/div>\n<p><br \/>\n<br \/><a href=\"https:\/\/agenciabrasil.ebc.com.br\/economia\/noticia\/2025-03\/dolar-tem-maior-queda-diaria-em-dois-anos-e-meio-e-fecha-r-575\" rel=\"noopener\">Ag\u00eancia Brasil<\/a><\/p>\n","protected":false},"excerpt":{"rendered":"<p>O mercado financeiro retornou do carnaval em clima de al\u00edvio. Numa sess\u00e3o de curta dura\u00e7\u00e3o, o d\u00f3lar teve a maior queda em mais de dois anos e meio e dissipou a alta do fim de fevereiro. A bolsa teve pequena alta, apesar da queda na cota\u00e7\u00e3o do petr\u00f3leo. O d\u00f3lar comercial encerrou esta quarta-feira (5) [&hellip;]<\/p>\n","protected":false},"author":1,"featured_media":1072,"comment_status":"open","ping_status":"open","sticky":false,"template":"","format":"standard","meta":{"_jetpack_newsletter_access":"","_jetpack_dont_email_post_to_subs":false,"_jetpack_newsletter_tier_id":0,"_jetpack_memberships_contains_paywalled_content":false,"_mbp_banners":[],"_jetpack_feature_clip_id":0,"_jetpack_memberships_contains_paid_content":false,"footnotes":"","jetpack_publicize_message":"","jetpack_publicize_feature_enabled":true,"jetpack_social_post_already_shared":true,"jetpack_social_options":{"image_generator_settings":{"template":"highway","default_image_id":0,"font":"","enabled":false},"version":2},"jetpack_post_was_ever_published":false},"categories":[24],"tags":[],"class_list":["post-25728","post","type-post","status-publish","format-standard","has-post-thumbnail","category-economia"],"jetpack_publicize_connections":[],"jetpack-related-posts":[],"jetpack_shortlink":"https:\/\/wp.me\/p7Eq1F-6GY","jetpack_sharing_enabled":true,"jetpack_featured_media_url":"https:\/\/i0.wp.com\/guialimeira.com.br\/news\/wp-content\/uploads\/2024\/04\/1712359003_dolar_moeda_0803221206.jpg?fit=1600%2C800&ssl=1","_links":{"self":[{"href":"https:\/\/guialimeira.com.br\/news\/wp-json\/wp\/v2\/posts\/25728","targetHints":{"allow":["GET"]}}],"collection":[{"href":"https:\/\/guialimeira.com.br\/news\/wp-json\/wp\/v2\/posts"}],"about":[{"href":"https:\/\/guialimeira.com.br\/news\/wp-json\/wp\/v2\/types\/post"}],"author":[{"embeddable":true,"href":"https:\/\/guialimeira.com.br\/news\/wp-json\/wp\/v2\/users\/1"}],"replies":[{"embeddable":true,"href":"https:\/\/guialimeira.com.br\/news\/wp-json\/wp\/v2\/comments?post=25728"}],"version-history":[{"count":0,"href":"https:\/\/guialimeira.com.br\/news\/wp-json\/wp\/v2\/posts\/25728\/revisions"}],"wp:featuredmedia":[{"embeddable":true,"href":"https:\/\/guialimeira.com.br\/news\/wp-json\/wp\/v2\/media\/1072"}],"wp:attachment":[{"href":"https:\/\/guialimeira.com.br\/news\/wp-json\/wp\/v2\/media?parent=25728"}],"wp:term":[{"taxonomy":"category","embeddable":true,"href":"https:\/\/guialimeira.com.br\/news\/wp-json\/wp\/v2\/categories?post=25728"},{"taxonomy":"post_tag","embeddable":true,"href":"https:\/\/guialimeira.com.br\/news\/wp-json\/wp\/v2\/tags?post=25728"}],"curies":[{"name":"wp","href":"https:\/\/api.w.org\/{rel}","templated":true}]}}