{"id":25722,"date":"2025-03-05T19:18:00","date_gmt":"2025-03-05T22:18:00","guid":{"rendered":"https:\/\/guialimeira.com.br\/2025\/03\/05\/inadimplencia-das-familias-na-cidade-de-sp-cai-para-19-de-fevereiro\/"},"modified":"2025-03-05T19:18:00","modified_gmt":"2025-03-05T22:18:00","slug":"inadimplencia-das-familias-na-cidade-de-sp-cai-para-19-de-fevereiro","status":"publish","type":"post","link":"https:\/\/guialimeira.com.br\/news\/inadimplencia-das-familias-na-cidade-de-sp-cai-para-19-de-fevereiro\/","title":{"rendered":"Inadimpl\u00eancia das fam\u00edlias na cidade de SP cai para 19% de fevereiro\u00a0"},"content":{"rendered":"<p> <br \/>\n<\/p>\n<div>\n<p><strong>O volume de fam\u00edlias inadimplentes no munic\u00edpio de S\u00e3o Paulo caiu em fevereiro e chegou a 19%. <\/strong>Este \u00e9 o segundo melhor resultado desde janeiro de 2023, s\u00f3 perdendo para setembro de 2024, quando foi registrada inadimpl\u00eancia de 18,9%.\u00a0<img data-recalc-dims=\"1\" decoding=\"async\" src=\"https:\/\/i0.wp.com\/agenciabrasil.ebc.com.br\/ebc.png?w=696&#038;ssl=1\" style=\"width:1px; height:1px; display:inline;\"\/><img data-recalc-dims=\"1\" decoding=\"async\" src=\"https:\/\/i0.wp.com\/agenciabrasil.ebc.com.br\/ebc.gif?w=696&#038;ssl=1\" style=\"width:1px; height:1px; display:inline;\"\/><\/p>\n<p>Em janeiro, a inadimpl\u00eancia foi de 19,6% e, em dezembro de 2024, 19,5%.\u00a0<\/p>\n<p><strong>Em n\u00famero absolutos, na compara\u00e7\u00e3o anual, foram 108 mil lares que sa\u00edram da situa\u00e7\u00e3o de inadimpl\u00eancia em fevereiro.\u00a0<\/strong><\/p>\n<p>Os dados foram divulgados nesta quarta-feira (5), s\u00e3o da Pesquisa do Endividamento e Inadimpl\u00eancia do Consumidor (PEIC) da Federa\u00e7\u00e3o do Com\u00e9rcio de Bens, Servi\u00e7os e Turismo do Estado de S\u00e3o Paulo (FecomercioSP).<\/p>\n<p>De acordo com a entidade,<strong> a queda na inadimpl\u00eancia decorre da eleva\u00e7\u00e3o da renda dos brasileiros e da reduzida taxa de desemprego<\/strong>.\u00a0<\/p>\n<blockquote>\n<p>\u201cO mercado de trabalho em seu melhor momento e uma consequente massa de renda historicamente alta \u2013 R$ 40,6 bilh\u00f5es no \u00faltimo trimestre de 2024, na capital paulista, o maior volume da s\u00e9rie hist\u00f3rica do IBGE \u2013 fizeram com que o volume de fam\u00edlias inadimplentes em S\u00e3o Paulo ca\u00edsse novamente em fevereiro\u201d, destacou a Fecom\u00e9rcio, em nota.<\/p>\n<\/blockquote>\n<p>Segundo os dados, a inadimpl\u00eancia das fam\u00edlias do munic\u00edpio de S\u00e3o Paulo est\u00e1 abaixo da casa dos 20% desde agosto de 2024, ap\u00f3s ficar mais de dois anos acima desse patamar.<\/p>\n<p>O tempo m\u00e9dio de atraso nas d\u00edvidas, que em fevereiro estava em 63,1 dias, era 66,2 dias no mesmo m\u00eas do ano passado. \u201cEsse \u00e9 um dado relevante, na an\u00e1lise da Federa\u00e7\u00e3o, porque significa que o juro rolado com a despesa n\u00e3o quitada tende a ser menor, o que favorece um retorno mais r\u00e1pido da fam\u00edlia ao ambiente de consumo\u201d, ressaltou a FecomercioSP.<\/p>\n<h2>Fam\u00edlias com d\u00edvidas a pagar<\/h2>\n<p>De acordo com o levantamento, a porcentagem de fam\u00edlias com d\u00edvidas a pagar em fevereiro, no munic\u00edpio de S\u00e3o Paulo, foi 67,7% \u2013 em janeiro era 67,2% e, em fevereiro de 2024, 68,1%. Em n\u00fameros absolutos, s\u00e3o 2,77 milh\u00f5es de casas endividadas na cidade em fevereiro de 2025.\u00a0<\/p>\n<blockquote>\n<p>\u201cA leitura da entidade \u00e9 que esse fen\u00f4meno pode ser tamb\u00e9m efeito do mercado de trabalho aquecido e da massa de renda, que faz com que mais pessoas fa\u00e7am compras de m\u00e9dio prazo\u201d.<\/p>\n<\/blockquote>\n<p>De acordo com a FecomercioSP, o alto endividamento pode ser explicado em raz\u00e3o de a maior parte das d\u00edvidas serem feitas com cart\u00e3o de cr\u00e9dito &#8211; 82% das fam\u00edlias endividadas citam a fatura como a despesa a ser paga.\u00a0<\/p>\n<h2>Fam\u00edlias sem condi\u00e7\u00f5es de pagar as d\u00edvidas<\/h2>\n<p>A pesquisa mostra ainda que a porcentagem de fam\u00edlias sem condi\u00e7\u00f5es de pagar as d\u00edvidas atrasadas tamb\u00e9m caiu em fevereiro: de 8,7% em janeiro, para 8,3%, em fevereiro. No segundo m\u00eas\u00a0 de 2024, esse n\u00famero era 9,4%.<\/p>\n<p>      <!-- Relacionada --><\/p>\n<p>            <!-- Relacionada -->\n    <\/div>\n<p><br \/>\n<br \/><a href=\"https:\/\/agenciabrasil.ebc.com.br\/economia\/noticia\/2025-03\/inadimplencia-das-familias-na-cidade-de-sp-cai-para-19-de-fevereiro\" rel=\"noopener\">Ag\u00eancia Brasil<\/a><\/p>\n","protected":false},"excerpt":{"rendered":"<p>O volume de fam\u00edlias inadimplentes no munic\u00edpio de S\u00e3o Paulo caiu em fevereiro e chegou a 19%. Este \u00e9 o segundo melhor resultado desde janeiro de 2023, s\u00f3 perdendo para setembro de 2024, quando foi registrada inadimpl\u00eancia de 18,9%.\u00a0 Em janeiro, a inadimpl\u00eancia foi de 19,6% e, em dezembro de 2024, 19,5%.\u00a0 Em n\u00famero absolutos, [&hellip;]<\/p>\n","protected":false},"author":1,"featured_media":10187,"comment_status":"open","ping_status":"open","sticky":false,"template":"","format":"standard","meta":{"_jetpack_newsletter_access":"","_jetpack_dont_email_post_to_subs":false,"_jetpack_newsletter_tier_id":0,"_jetpack_memberships_contains_paywalled_content":false,"_mbp_banners":[],"_jetpack_feature_clip_id":0,"_jetpack_memberships_contains_paid_content":false,"footnotes":"","jetpack_publicize_message":"","jetpack_publicize_feature_enabled":true,"jetpack_social_post_already_shared":true,"jetpack_social_options":{"image_generator_settings":{"template":"highway","default_image_id":0,"font":"","enabled":false},"version":2},"jetpack_post_was_ever_published":false},"categories":[24],"tags":[],"class_list":["post-25722","post","type-post","status-publish","format-standard","has-post-thumbnail","category-economia"],"jetpack_publicize_connections":[],"jetpack-related-posts":[],"jetpack_shortlink":"https:\/\/wp.me\/p7Eq1F-6GS","jetpack_sharing_enabled":true,"jetpack_featured_media_url":"https:\/\/i0.wp.com\/guialimeira.com.br\/news\/wp-content\/uploads\/2024\/07\/economia_1609210425_0.jpg?fit=1600%2C800&ssl=1","_links":{"self":[{"href":"https:\/\/guialimeira.com.br\/news\/wp-json\/wp\/v2\/posts\/25722","targetHints":{"allow":["GET"]}}],"collection":[{"href":"https:\/\/guialimeira.com.br\/news\/wp-json\/wp\/v2\/posts"}],"about":[{"href":"https:\/\/guialimeira.com.br\/news\/wp-json\/wp\/v2\/types\/post"}],"author":[{"embeddable":true,"href":"https:\/\/guialimeira.com.br\/news\/wp-json\/wp\/v2\/users\/1"}],"replies":[{"embeddable":true,"href":"https:\/\/guialimeira.com.br\/news\/wp-json\/wp\/v2\/comments?post=25722"}],"version-history":[{"count":0,"href":"https:\/\/guialimeira.com.br\/news\/wp-json\/wp\/v2\/posts\/25722\/revisions"}],"wp:featuredmedia":[{"embeddable":true,"href":"https:\/\/guialimeira.com.br\/news\/wp-json\/wp\/v2\/media\/10187"}],"wp:attachment":[{"href":"https:\/\/guialimeira.com.br\/news\/wp-json\/wp\/v2\/media?parent=25722"}],"wp:term":[{"taxonomy":"category","embeddable":true,"href":"https:\/\/guialimeira.com.br\/news\/wp-json\/wp\/v2\/categories?post=25722"},{"taxonomy":"post_tag","embeddable":true,"href":"https:\/\/guialimeira.com.br\/news\/wp-json\/wp\/v2\/tags?post=25722"}],"curies":[{"name":"wp","href":"https:\/\/api.w.org\/{rel}","templated":true}]}}