{"id":2566,"date":"2024-04-24T04:23:43","date_gmt":"2024-04-24T07:23:43","guid":{"rendered":"https:\/\/guialimeira.com.br\/2024\/04\/24\/aulas-de-ginastica-localizada-sao-oferecidas-as-tercas-e-quintas-no-ginasio-da-vila-sonia-portal-do-municipio-de-piracicaba\/"},"modified":"2024-04-24T04:23:43","modified_gmt":"2024-04-24T07:23:43","slug":"aulas-de-ginastica-localizada-sao-oferecidas-as-tercas-e-quintas-no-ginasio-da-vila-sonia-portal-do-municipio-de-piracicaba","status":"publish","type":"post","link":"https:\/\/guialimeira.com.br\/news\/aulas-de-ginastica-localizada-sao-oferecidas-as-tercas-e-quintas-no-ginasio-da-vila-sonia-portal-do-municipio-de-piracicaba\/","title":{"rendered":"aulas de gin\u00e1stica localizada s\u00e3o oferecidas \u00e0s ter\u00e7as e quintas, no Gin\u00e1sio da Vila S\u00f4nia \u2013 Portal do Munic\u00edpio de Piracicaba"},"content":{"rendered":"<p> <br \/>\n<\/p>\n<div>\n<p><em>Atividades s\u00e3o oferecidas ao p\u00fablico adulto \u00e0s ter\u00e7as e quintas, das 8h \u00e0s 9h<\/em><\/p>\n<div class=\"wp-block-image\">\n<figure class=\"aligncenter size-large\"><img data-recalc-dims=\"1\" fetchpriority=\"high\" decoding=\"async\" width=\"696\" height=\"404\" src=\"https:\/\/i0.wp.com\/piracicaba.sp.gov.br\/wp-content\/uploads\/2024\/04\/Professor-Vlademir-Olegario-comanda-o-grupo-no-ginasio-da-VIla-Sonia-1024x594.jpeg?resize=696%2C404&#038;ssl=1\" alt=\"\" class=\"wp-image-77660\" srcset=\"https:\/\/piracicaba.sp.gov.br\/wp-content\/uploads\/2024\/04\/Professor-Vlademir-Olegario-comanda-o-grupo-no-ginasio-da-VIla-Sonia-1024x594.jpeg 1024w, https:\/\/piracicaba.sp.gov.br\/wp-content\/uploads\/2024\/04\/Professor-Vlademir-Olegario-comanda-o-grupo-no-ginasio-da-VIla-Sonia-300x174.jpeg 300w, https:\/\/piracicaba.sp.gov.br\/wp-content\/uploads\/2024\/04\/Professor-Vlademir-Olegario-comanda-o-grupo-no-ginasio-da-VIla-Sonia-768x445.jpeg 768w, https:\/\/piracicaba.sp.gov.br\/wp-content\/uploads\/2024\/04\/Professor-Vlademir-Olegario-comanda-o-grupo-no-ginasio-da-VIla-Sonia.jpeg 1207w\" sizes=\"(max-width: 1024px) 100vw, 1024px\"\/><figcaption class=\"wp-element-caption\"><strong>Professor Vlademir Oleg\u00e1rio comanda a turma de gin\u00e1stica localizada, no gin\u00e1sio da VIla S\u00f4nia<\/strong><\/figcaption><\/figure>\n<\/div>\n<p>Se voc\u00ea vive na Vila S\u00f4nia e demais localidades da regi\u00e3o Norte e est\u00e1 na idade adulta, saiba que n\u00e3o h\u00e1 motivos para ficar em casa, ao menos nas manh\u00e3s das ter\u00e7as e quintas-feiras, quando a agita\u00e7\u00e3o toma conta do Gin\u00e1sio Poliesportivo Roberto Filetti, na Vila S\u00f4nia. Na quadra deste espa\u00e7o esportivo mantido pela Prefeitura de Piracicaba, a popula\u00e7\u00e3o aproveita os benef\u00edcios das aulas de gin\u00e1stica localizada, oferecidas gratuitamente sempre \u00e0s ter\u00e7as e quintas-feiras, das 8h \u00e0s 9h.<\/p>\n<p>De acordo com o professor de Educa\u00e7\u00e3o F\u00edsica da Selam (Secretaria de Esportes, Lazer e Atividades Motoras) Vlademir Francisco Oleg\u00e1rio, respons\u00e1vel pelas aulas, o objetivo \u00e9 proporcionar o bem-estar f\u00edsico e mental aos participantes por meio de atividades moderadas, que permitem momentos de lazer e de integra\u00e7\u00e3o social.<\/p>\n<p>Milena Amorim, 42 anos, \u00e9 uma das integrantes do projeto Vivendo com Sa\u00fade, que re\u00fane cerca de 60 a 70 moradores da Vila S\u00f4nia e regi\u00e3o. \u201cAntigamente faz\u00edamos nossas atividades nas pra\u00e7as do bairro e hoje, aqui no gin\u00e1sio municipal, temos as aulas de gin\u00e1stica localizada que trazem in\u00fameros benef\u00edcios e j\u00e1 ajudaram muitas de n\u00f3s a vencer a depress\u00e3o e o sedentarismo\u201d, disse Milena.<\/p>\n<div class=\"wp-block-image\">\n<figure class=\"aligncenter size-large\"><img data-recalc-dims=\"1\" loading=\"lazy\" decoding=\"async\" width=\"696\" height=\"462\" src=\"https:\/\/i0.wp.com\/piracicaba.sp.gov.br\/wp-content\/uploads\/2024\/04\/Milena-Amorim-diz-que-as-atividades-funcionam-como-uma-terapia-mental-1024x679.jpeg?resize=696%2C462&#038;ssl=1\" alt=\"\" class=\"wp-image-77661\" srcset=\"https:\/\/piracicaba.sp.gov.br\/wp-content\/uploads\/2024\/04\/Milena-Amorim-diz-que-as-atividades-funcionam-como-uma-terapia-mental-1024x679.jpeg 1024w, https:\/\/piracicaba.sp.gov.br\/wp-content\/uploads\/2024\/04\/Milena-Amorim-diz-que-as-atividades-funcionam-como-uma-terapia-mental-300x199.jpeg 300w, https:\/\/piracicaba.sp.gov.br\/wp-content\/uploads\/2024\/04\/Milena-Amorim-diz-que-as-atividades-funcionam-como-uma-terapia-mental-768x509.jpeg 768w, https:\/\/piracicaba.sp.gov.br\/wp-content\/uploads\/2024\/04\/Milena-Amorim-diz-que-as-atividades-funcionam-como-uma-terapia-mental.jpeg 1242w\" sizes=\"auto, (max-width: 1024px) 100vw, 1024px\"\/><figcaption class=\"wp-element-caption\"><strong>Milena Amorim diz que as atividades funcionam como uma terapia mental<\/strong><\/figcaption><\/figure>\n<\/div>\n<p>Uma das mais velhas da turma \u00e9 Maria L\u00facia Bortoleto Fuzatto, 81 anos, que contou que caminha em m\u00e9dia 20 quarteir\u00f5es entre a ida e a volta de sua casa ao gin\u00e1sio, s\u00f3 para participar das aulas do professor Vlademir. \u201cN\u00e3o tenho pregui\u00e7a. Essas aulas me ajudam nos alongamentos do corpo e afastam as dores musculares. Sou feliz entre amigas, porque a gente brinca e sorri o tempo todo\u201d.<\/p>\n<div class=\"wp-block-image\">\n<figure class=\"aligncenter size-large is-resized\"><img data-recalc-dims=\"1\" loading=\"lazy\" decoding=\"async\" width=\"696\" height=\"464\" src=\"https:\/\/i0.wp.com\/piracicaba.sp.gov.br\/wp-content\/uploads\/2024\/04\/Maria-Lucia-81-anos-afasta-a-preguica-nas-aulas-de-ginastica-localizada-1024x682.jpeg?resize=696%2C464&#038;ssl=1\" alt=\"\" class=\"wp-image-77662\" style=\"width:840px;height:auto\" srcset=\"https:\/\/piracicaba.sp.gov.br\/wp-content\/uploads\/2024\/04\/Maria-Lucia-81-anos-afasta-a-preguica-nas-aulas-de-ginastica-localizada-1024x682.jpeg 1024w, https:\/\/piracicaba.sp.gov.br\/wp-content\/uploads\/2024\/04\/Maria-Lucia-81-anos-afasta-a-preguica-nas-aulas-de-ginastica-localizada-300x200.jpeg 300w, https:\/\/piracicaba.sp.gov.br\/wp-content\/uploads\/2024\/04\/Maria-Lucia-81-anos-afasta-a-preguica-nas-aulas-de-ginastica-localizada-768x511.jpeg 768w, https:\/\/piracicaba.sp.gov.br\/wp-content\/uploads\/2024\/04\/Maria-Lucia-81-anos-afasta-a-preguica-nas-aulas-de-ginastica-localizada.jpeg 1280w\" sizes=\"auto, (max-width: 1024px) 100vw, 1024px\"\/><figcaption class=\"wp-element-caption\"><strong>Maria Lucia, 81 anos, afasta a pregui\u00e7a para participar das aulas de gin\u00e1stica localizada<\/strong><\/figcaption><\/figure>\n<\/div>\n<p>O casal Jos\u00e9 Barbosa, 69 anos, e Vit\u00f3ria Paulon Barbosa, 67 anos, garantem que a gin\u00e1stica \u00e9 uma grande aliada para o bem-estar di\u00e1rio, o que facilita as atividades cotidianas, como as tarefas dom\u00e9sticas.<\/p>\n<div class=\"wp-block-image\">\n<figure class=\"aligncenter size-large\"><img data-recalc-dims=\"1\" loading=\"lazy\" decoding=\"async\" width=\"696\" height=\"498\" src=\"https:\/\/i0.wp.com\/piracicaba.sp.gov.br\/wp-content\/uploads\/2024\/04\/Casal-unido-na-busca-pela-saude-e-a-qualidade-de-vida--1024x732.jpeg?resize=696%2C498&#038;ssl=1\" alt=\"\" class=\"wp-image-77663\" srcset=\"https:\/\/piracicaba.sp.gov.br\/wp-content\/uploads\/2024\/04\/Casal-unido-na-busca-pela-saude-e-a-qualidade-de-vida--1024x732.jpeg 1024w, https:\/\/piracicaba.sp.gov.br\/wp-content\/uploads\/2024\/04\/Casal-unido-na-busca-pela-saude-e-a-qualidade-de-vida--300x214.jpeg 300w, https:\/\/piracicaba.sp.gov.br\/wp-content\/uploads\/2024\/04\/Casal-unido-na-busca-pela-saude-e-a-qualidade-de-vida--768x549.jpeg 768w, https:\/\/piracicaba.sp.gov.br\/wp-content\/uploads\/2024\/04\/Casal-unido-na-busca-pela-saude-e-a-qualidade-de-vida-.jpeg 1171w\" sizes=\"auto, (max-width: 1024px) 100vw, 1024px\"\/><figcaption class=\"wp-element-caption\"><strong>Casal unido na busca pela sa\u00fade e a qualidade de vida<\/strong><\/figcaption><\/figure>\n<\/div>\n<p>Norma Aparecida Firmino Sanches, 56 anos, lembra que o professor Vlademir fez o convite para ela e as amigas em frente ao gin\u00e1sio e as convidou para participar das aulas. \u201cDesde a primeira vez que participei das aulas nunca mais parei e tenho me sentido muito bem com meu corpo e minha mente. Aqui \u00e9 maravilhoso e o professor \u00e9 excelente.\u201d<\/p>\n<div class=\"wp-block-image\">\n<figure class=\"aligncenter size-large\"><img data-recalc-dims=\"1\" loading=\"lazy\" decoding=\"async\" width=\"696\" height=\"490\" src=\"https:\/\/i0.wp.com\/piracicaba.sp.gov.br\/wp-content\/uploads\/2024\/04\/Norma-Aparecida-Firmino-Sanchez-disse-que-as-aulas-sao-maravilhosas-1024x721.jpeg?resize=696%2C490&#038;ssl=1\" alt=\"\" class=\"wp-image-77664\" srcset=\"https:\/\/piracicaba.sp.gov.br\/wp-content\/uploads\/2024\/04\/Norma-Aparecida-Firmino-Sanchez-disse-que-as-aulas-sao-maravilhosas-1024x721.jpeg 1024w, https:\/\/piracicaba.sp.gov.br\/wp-content\/uploads\/2024\/04\/Norma-Aparecida-Firmino-Sanchez-disse-que-as-aulas-sao-maravilhosas-300x211.jpeg 300w, https:\/\/piracicaba.sp.gov.br\/wp-content\/uploads\/2024\/04\/Norma-Aparecida-Firmino-Sanchez-disse-que-as-aulas-sao-maravilhosas-768x541.jpeg 768w, https:\/\/piracicaba.sp.gov.br\/wp-content\/uploads\/2024\/04\/Norma-Aparecida-Firmino-Sanchez-disse-que-as-aulas-sao-maravilhosas.jpeg 1207w\" sizes=\"auto, (max-width: 1024px) 100vw, 1024px\"\/><figcaption class=\"wp-element-caption\"><strong>Norma Aparecida Firmino Sanchez disse que as aulas s\u00e3o maravilhosas<\/strong><\/figcaption><\/figure>\n<\/div>\n<p><strong>SERVI\u00c7O\u00a0<\/strong>\u2013 Aulas gratuitas de gin\u00e1stica localizada, \u00e0s ter\u00e7as e quintas-feiras, das 8h \u00e0s 9h, no Gin\u00e1sio Poliesportivo Roberto Filetti, na avenida Euclides de Figueiredo, s\/n\u00ba.<\/p>\n<\/div>\n<p><br \/>\n<br \/><a href=\"https:\/\/piracicaba.sp.gov.br\/noticias\/gratuito-aulas-de-ginastica-localizada-sao-oferecidas-as-tercas-e-quintas-no-ginasio-do-vila-sonia\/\" rel=\"noopener\">Informa\u00e7\u00f5es PMP <\/a><\/p>\n","protected":false},"excerpt":{"rendered":"<p>Atividades s\u00e3o oferecidas ao p\u00fablico adulto \u00e0s ter\u00e7as e quintas, das 8h \u00e0s 9h Professor Vlademir Oleg\u00e1rio comanda a turma de gin\u00e1stica localizada, no gin\u00e1sio da VIla S\u00f4nia Se voc\u00ea vive na Vila S\u00f4nia e demais localidades da regi\u00e3o Norte e est\u00e1 na idade adulta, saiba que n\u00e3o h\u00e1 motivos para ficar em casa, ao [&hellip;]<\/p>\n","protected":false},"author":1,"featured_media":2567,"comment_status":"open","ping_status":"open","sticky":false,"template":"","format":"standard","meta":{"_jetpack_newsletter_access":"","_jetpack_dont_email_post_to_subs":false,"_jetpack_newsletter_tier_id":0,"_jetpack_memberships_contains_paywalled_content":false,"_mbp_banners":[],"_jetpack_feature_clip_id":0,"_jetpack_memberships_contains_paid_content":false,"footnotes":"","jetpack_publicize_message":"","jetpack_publicize_feature_enabled":true,"jetpack_social_post_already_shared":true,"jetpack_social_options":{"image_generator_settings":{"template":"highway","default_image_id":0,"font":"","enabled":false},"version":2},"jetpack_post_was_ever_published":false},"categories":[20],"tags":[],"class_list":["post-2566","post","type-post","status-publish","format-standard","has-post-thumbnail","category-regiao"],"jetpack_publicize_connections":[],"jetpack-related-posts":[],"jetpack_shortlink":"https:\/\/wp.me\/p7Eq1F-Fo","jetpack_sharing_enabled":true,"jetpack_featured_media_url":"https:\/\/i0.wp.com\/guialimeira.com.br\/news\/wp-content\/uploads\/2024\/04\/Professor-Vlademir-Olegario-comanda-o-grupo-no-ginasio-da-VIla-Sonia-1024x594.jpeg?fit=1024%2C594&ssl=1","_links":{"self":[{"href":"https:\/\/guialimeira.com.br\/news\/wp-json\/wp\/v2\/posts\/2566","targetHints":{"allow":["GET"]}}],"collection":[{"href":"https:\/\/guialimeira.com.br\/news\/wp-json\/wp\/v2\/posts"}],"about":[{"href":"https:\/\/guialimeira.com.br\/news\/wp-json\/wp\/v2\/types\/post"}],"author":[{"embeddable":true,"href":"https:\/\/guialimeira.com.br\/news\/wp-json\/wp\/v2\/users\/1"}],"replies":[{"embeddable":true,"href":"https:\/\/guialimeira.com.br\/news\/wp-json\/wp\/v2\/comments?post=2566"}],"version-history":[{"count":0,"href":"https:\/\/guialimeira.com.br\/news\/wp-json\/wp\/v2\/posts\/2566\/revisions"}],"wp:featuredmedia":[{"embeddable":true,"href":"https:\/\/guialimeira.com.br\/news\/wp-json\/wp\/v2\/media\/2567"}],"wp:attachment":[{"href":"https:\/\/guialimeira.com.br\/news\/wp-json\/wp\/v2\/media?parent=2566"}],"wp:term":[{"taxonomy":"category","embeddable":true,"href":"https:\/\/guialimeira.com.br\/news\/wp-json\/wp\/v2\/categories?post=2566"},{"taxonomy":"post_tag","embeddable":true,"href":"https:\/\/guialimeira.com.br\/news\/wp-json\/wp\/v2\/tags?post=2566"}],"curies":[{"name":"wp","href":"https:\/\/api.w.org\/{rel}","templated":true}]}}