{"id":25624,"date":"2025-03-04T16:49:48","date_gmt":"2025-03-04T19:49:48","guid":{"rendered":"https:\/\/guialimeira.com.br\/2025\/03\/04\/papa-francisco-passou-dia-sem-novas-crises-respiratorias-diz-vaticano\/"},"modified":"2025-03-04T16:49:48","modified_gmt":"2025-03-04T19:49:48","slug":"papa-francisco-passou-dia-sem-novas-crises-respiratorias-diz-vaticano","status":"publish","type":"post","link":"https:\/\/guialimeira.com.br\/news\/papa-francisco-passou-dia-sem-novas-crises-respiratorias-diz-vaticano\/","title":{"rendered":"Papa Francisco passou dia sem novas crises respirat\u00f3rias, diz Vaticano"},"content":{"rendered":"<p> <br \/>\n<\/p>\n<div>\n<p>A condi\u00e7\u00e3o cl\u00ednica do papa Francisco permaneceu est\u00e1vel ao longo desta ter\u00e7a-feira (4), sem novos epis\u00f3dios de insufici\u00eancia respirat\u00f3ria ou de broncoespasmo. Ainda de acordo com o Vaticano, o<strong> pont\u00edfice permanece sem febre, alerta e cooperando com a terapia.<\/strong><img data-recalc-dims=\"1\" decoding=\"async\" src=\"https:\/\/i0.wp.com\/agenciabrasil.ebc.com.br\/ebc.png?w=696&#038;ssl=1\" style=\"width:1px; height:1px; display:inline;\"\/><img data-recalc-dims=\"1\" decoding=\"async\" src=\"https:\/\/i0.wp.com\/agenciabrasil.ebc.com.br\/ebc.gif?w=696&#038;ssl=1\" style=\"width:1px; height:1px; display:inline;\"\/><\/p>\n<blockquote>\n<p>\u201cHoje, passou para a oxigena\u00e7\u00e3o de alto fluxo e, durante a noite, como programado, a ventila\u00e7\u00e3o mec\u00e2nica n\u00e3o invasiva ser\u00e1 retomada at\u00e9 amanh\u00e3 de manh\u00e3. O progn\u00f3stico permanece reservado\u201d, destacou o novo boletim com atualiza\u00e7\u00f5es sobre a sa\u00fade do santo padre.<\/p>\n<\/blockquote>\n<p>Nesta segunda-feira (3), Francisco <a href=\"https:\/\/agenciabrasil.ebc.com.br\/internacional\/noticia\/2025-03\/papa-francisco-tem-dois-episodios-de-insuficiencia-respiratoria-aguda\" rel=\"noopener\">teve dois epis\u00f3dios de insufici\u00eancia respirat\u00f3ria aguda<\/a>. De acordo com a sala de imprensa da Santa S\u00e9, <strong>as duas crises foram provocadas por uma rea\u00e7\u00e3o dos br\u00f4nquios, <\/strong>que tentaram expelir o muco acumulado para eliminar as bact\u00e9rias.<\/p>\n<p>\u00a0<\/p>\n<p>      <!-- Relacionada --><\/p>\n<p>            <!-- Relacionada -->\n    <\/div>\n<p><br \/>\n<br \/><a href=\"https:\/\/agenciabrasil.ebc.com.br\/internacional\/noticia\/2025-03\/papa-francisco-passou-dia-sem-novas-crises-respiratorias-diz-vaticano\" rel=\"noopener\">Ag\u00eancia Brasil <\/a><\/p>\n","protected":false},"excerpt":{"rendered":"<p>A condi\u00e7\u00e3o cl\u00ednica do papa Francisco permaneceu est\u00e1vel ao longo desta ter\u00e7a-feira (4), sem novos epis\u00f3dios de insufici\u00eancia respirat\u00f3ria ou de broncoespasmo. Ainda de acordo com o Vaticano, o pont\u00edfice permanece sem febre, alerta e cooperando com a terapia. \u201cHoje, passou para a oxigena\u00e7\u00e3o de alto fluxo e, durante a noite, como programado, a ventila\u00e7\u00e3o [&hellip;]<\/p>\n","protected":false},"author":1,"featured_media":24421,"comment_status":"open","ping_status":"open","sticky":false,"template":"","format":"standard","meta":{"_jetpack_newsletter_access":"","_jetpack_dont_email_post_to_subs":false,"_jetpack_newsletter_tier_id":0,"_jetpack_memberships_contains_paywalled_content":false,"_mbp_banners":[],"_jetpack_feature_clip_id":0,"_jetpack_memberships_contains_paid_content":false,"footnotes":"","jetpack_publicize_message":"","jetpack_publicize_feature_enabled":true,"jetpack_social_post_already_shared":true,"jetpack_social_options":{"image_generator_settings":{"template":"highway","default_image_id":0,"font":"","enabled":false},"version":2},"jetpack_post_was_ever_published":false},"categories":[25],"tags":[],"class_list":["post-25624","post","type-post","status-publish","format-standard","has-post-thumbnail","category-internacional"],"jetpack_publicize_connections":[],"jetpack-related-posts":[],"jetpack_shortlink":"https:\/\/wp.me\/p7Eq1F-6Fi","jetpack_sharing_enabled":true,"jetpack_featured_media_url":"https:\/\/i0.wp.com\/guialimeira.com.br\/news\/wp-content\/uploads\/2025\/02\/2025-02-22t073216z_1611641_rc2jzcah4tjt_rtrmadp_3_pope-health.jpg?fit=1600%2C800&ssl=1","_links":{"self":[{"href":"https:\/\/guialimeira.com.br\/news\/wp-json\/wp\/v2\/posts\/25624","targetHints":{"allow":["GET"]}}],"collection":[{"href":"https:\/\/guialimeira.com.br\/news\/wp-json\/wp\/v2\/posts"}],"about":[{"href":"https:\/\/guialimeira.com.br\/news\/wp-json\/wp\/v2\/types\/post"}],"author":[{"embeddable":true,"href":"https:\/\/guialimeira.com.br\/news\/wp-json\/wp\/v2\/users\/1"}],"replies":[{"embeddable":true,"href":"https:\/\/guialimeira.com.br\/news\/wp-json\/wp\/v2\/comments?post=25624"}],"version-history":[{"count":0,"href":"https:\/\/guialimeira.com.br\/news\/wp-json\/wp\/v2\/posts\/25624\/revisions"}],"wp:featuredmedia":[{"embeddable":true,"href":"https:\/\/guialimeira.com.br\/news\/wp-json\/wp\/v2\/media\/24421"}],"wp:attachment":[{"href":"https:\/\/guialimeira.com.br\/news\/wp-json\/wp\/v2\/media?parent=25624"}],"wp:term":[{"taxonomy":"category","embeddable":true,"href":"https:\/\/guialimeira.com.br\/news\/wp-json\/wp\/v2\/categories?post=25624"},{"taxonomy":"post_tag","embeddable":true,"href":"https:\/\/guialimeira.com.br\/news\/wp-json\/wp\/v2\/tags?post=25624"}],"curies":[{"name":"wp","href":"https:\/\/api.w.org\/{rel}","templated":true}]}}