{"id":2562,"date":"2024-04-24T02:21:42","date_gmt":"2024-04-24T05:21:42","guid":{"rendered":"https:\/\/guialimeira.com.br\/2024\/04\/24\/pianista-venezuelano-j-j-ortiz-faz-apresentacao-no-hall-do-teatro-dr-losso-netto-portal-do-municipio-de-piracicaba\/"},"modified":"2024-04-24T02:21:42","modified_gmt":"2024-04-24T05:21:42","slug":"pianista-venezuelano-j-j-ortiz-faz-apresentacao-no-hall-do-teatro-dr-losso-netto-portal-do-municipio-de-piracicaba","status":"publish","type":"post","link":"https:\/\/guialimeira.com.br\/news\/pianista-venezuelano-j-j-ortiz-faz-apresentacao-no-hall-do-teatro-dr-losso-netto-portal-do-municipio-de-piracicaba\/","title":{"rendered":"Pianista venezuelano J. J. Ortiz faz apresenta\u00e7\u00e3o no hall do Teatro Dr. Losso Netto \u2013 Portal do Munic\u00edpio de Piracicaba"},"content":{"rendered":"<p> <br \/>\n<\/p>\n<div>\n<figure class=\"text-center\">\n<img data-recalc-dims=\"1\" width=\"696\" height=\"831\" src=\"https:\/\/i0.wp.com\/piracicaba.sp.gov.br\/wp-content\/uploads\/2024\/04\/J.-J.-Ortiz-e-o-nome-artistico-de-Jose-Jesus-Ortiz-natual-de-Caracas-capital-da-Venezuela.jpg?resize=696%2C831&#038;ssl=1\" class=\"img-fluid img-thumbnail border-1 wp-post-image\" alt=\"J. J. Ortiz \u00e9 o nome art\u00edstico de Jos\u00e9 Jes\u00fas Ort\u00edz, natual de Caracas, capital da Venezuela\" itemprop=\"image\" decoding=\"async\" fetchpriority=\"high\" srcset=\"https:\/\/piracicaba.sp.gov.br\/wp-content\/uploads\/2024\/04\/J.-J.-Ortiz-e-o-nome-artistico-de-Jose-Jesus-Ortiz-natual-de-Caracas-capital-da-Venezuela.jpg 721w, https:\/\/piracicaba.sp.gov.br\/wp-content\/uploads\/2024\/04\/J.-J.-Ortiz-e-o-nome-artistico-de-Jose-Jesus-Ortiz-natual-de-Caracas-capital-da-Venezuela-251x300.jpg 251w\" sizes=\"(max-width: 721px) 100vw, 721px\"\/><figcaption class=\"text-center small fw-bold fst-italic mt-1\">J. J. Ortiz \u00e9 o nome art\u00edstico de Jos\u00e9 Jes\u00fas Ort\u00edz, natual de Caracas, capital da Venezuela<\/figcaption><\/figure>\n<p>O maestro e pianista venezuelano J. J. Ortiz apresenta nesta sexta-feira, 26\/04, \u00e0s 20h, no hall do Teatro Municipal Dr. Losso Netto, um recital de m\u00fasica latino-americana, com obras de autores brasileiros e internacionais. A entrada \u00e9 gratuita.<\/p>\n<p>A apresenta\u00e7\u00e3o, chamada Recital Interativo de Piano Latino-Americano, conta com a participa\u00e7\u00e3o de alunos de Ortiz e prop\u00f5e uma intera\u00e7\u00e3o com o p\u00fablico, que poder\u00e1 escolher algumas pe\u00e7as do repert\u00f3rio e fazer perguntas ao artista.<\/p>\n<p>Segundo o pianista, \u201co recital tem como objetivo divulgar a riqueza e a diversidade da m\u00fasica latino-americana, e promover a cultura e a educa\u00e7\u00e3o musical\u201d.<\/p>\n<p>J. J. Ortiz \u00e9 o nome art\u00edstico de Jos\u00e9 Jes\u00fas Ort\u00edz, natural de Caracas, capital da Venezuela, que atua como pianista, cantor, compositor, maestro e professor de m\u00fasica. Ele iniciou seus estudos ainda no pa\u00eds de origem, na Escola Superior de M\u00fasica Kimball, e \u00e9 bacharel em Ci\u00eancias e Educa\u00e7\u00e3o na Universidade Nacional Aberta; cursou a Faculdade San Vicente de Paul, em Caracas, e estudou no Conservat\u00f3rio Sim\u00f3n Bol\u00edvar del Sistema de Orquestas da Venezuela.<\/p>\n<p>Ortiz, ao longo dos anos, j\u00e1 participou nos Festivais Nacionais de piano, \u00f3rg\u00e3o e teclado da Yamaha, na Venezuela, onde ganhou o primeiro lugar por diversos anos consecutivos. Tamb\u00e9m fez diversas turn\u00eas mundiais para apresenta\u00e7\u00e3o de recitais pelos principais centros culturais, al\u00e9m de ter atuado como pianista de c\u00fapulas presidenciais nas Am\u00e9ricas e na Europa.<\/p>\n<p><strong>SERVI\u00c7O<\/strong>\u00a0\u2013 Recital Interativo de Piano Latino-Americano com o pianista J. J. Ortiz. Sexta-feira, 26\/04, \u00e0s 20h, no hall do Teatro Municipal Dr. Losso Netto. Na avenida Independ\u00eancia, 277. Entrada gratuita. Informa\u00e7\u00f5es: 3434-2168.<\/p>\n<\/div>\n<p><br \/>\n<br \/><a href=\"https:\/\/piracicaba.sp.gov.br\/noticias\/pianista-venezuelano-j-j-ortiz-faz-apresentacao-no-hall-do-teatro-dr-losso-netto\/\" rel=\"noopener\">Informa\u00e7\u00f5es PMP <\/a><\/p>\n","protected":false},"excerpt":{"rendered":"<p>J. J. Ortiz \u00e9 o nome art\u00edstico de Jos\u00e9 Jes\u00fas Ort\u00edz, natual de Caracas, capital da Venezuela O maestro e pianista venezuelano J. J. Ortiz apresenta nesta sexta-feira, 26\/04, \u00e0s 20h, no hall do Teatro Municipal Dr. Losso Netto, um recital de m\u00fasica latino-americana, com obras de autores brasileiros e internacionais. A entrada \u00e9 gratuita. [&hellip;]<\/p>\n","protected":false},"author":1,"featured_media":2563,"comment_status":"open","ping_status":"open","sticky":false,"template":"","format":"standard","meta":{"_jetpack_newsletter_access":"","_jetpack_dont_email_post_to_subs":false,"_jetpack_newsletter_tier_id":0,"_jetpack_memberships_contains_paywalled_content":false,"_mbp_banners":[],"_jetpack_feature_clip_id":0,"_jetpack_memberships_contains_paid_content":false,"footnotes":"","jetpack_publicize_message":"","jetpack_publicize_feature_enabled":true,"jetpack_social_post_already_shared":true,"jetpack_social_options":{"image_generator_settings":{"template":"highway","default_image_id":0,"font":"","enabled":false},"version":2},"jetpack_post_was_ever_published":false},"categories":[20],"tags":[],"class_list":["post-2562","post","type-post","status-publish","format-standard","has-post-thumbnail","category-regiao"],"jetpack_publicize_connections":[],"jetpack-related-posts":[],"jetpack_shortlink":"https:\/\/wp.me\/p7Eq1F-Fk","jetpack_sharing_enabled":true,"jetpack_featured_media_url":"https:\/\/i0.wp.com\/guialimeira.com.br\/news\/wp-content\/uploads\/2024\/04\/J.-J.-Ortiz-e-o-nome-artistico-de-Jose-Jesus-Ortiz-natual-de-Caracas-capital-da-Venezuela.jpg?fit=721%2C861&ssl=1","_links":{"self":[{"href":"https:\/\/guialimeira.com.br\/news\/wp-json\/wp\/v2\/posts\/2562","targetHints":{"allow":["GET"]}}],"collection":[{"href":"https:\/\/guialimeira.com.br\/news\/wp-json\/wp\/v2\/posts"}],"about":[{"href":"https:\/\/guialimeira.com.br\/news\/wp-json\/wp\/v2\/types\/post"}],"author":[{"embeddable":true,"href":"https:\/\/guialimeira.com.br\/news\/wp-json\/wp\/v2\/users\/1"}],"replies":[{"embeddable":true,"href":"https:\/\/guialimeira.com.br\/news\/wp-json\/wp\/v2\/comments?post=2562"}],"version-history":[{"count":0,"href":"https:\/\/guialimeira.com.br\/news\/wp-json\/wp\/v2\/posts\/2562\/revisions"}],"wp:featuredmedia":[{"embeddable":true,"href":"https:\/\/guialimeira.com.br\/news\/wp-json\/wp\/v2\/media\/2563"}],"wp:attachment":[{"href":"https:\/\/guialimeira.com.br\/news\/wp-json\/wp\/v2\/media?parent=2562"}],"wp:term":[{"taxonomy":"category","embeddable":true,"href":"https:\/\/guialimeira.com.br\/news\/wp-json\/wp\/v2\/categories?post=2562"},{"taxonomy":"post_tag","embeddable":true,"href":"https:\/\/guialimeira.com.br\/news\/wp-json\/wp\/v2\/tags?post=2562"}],"curies":[{"name":"wp","href":"https:\/\/api.w.org\/{rel}","templated":true}]}}