{"id":2560,"date":"2024-04-24T01:20:42","date_gmt":"2024-04-24T04:20:42","guid":{"rendered":"https:\/\/guialimeira.com.br\/2024\/04\/24\/seguranca-alimentar-participa-de-acao-para-gestao-de-horta-comunitaria-no-santa-fe-portal-do-municipio-de-piracicaba\/"},"modified":"2024-04-24T01:20:42","modified_gmt":"2024-04-24T04:20:42","slug":"seguranca-alimentar-participa-de-acao-para-gestao-de-horta-comunitaria-no-santa-fe-portal-do-municipio-de-piracicaba","status":"publish","type":"post","link":"https:\/\/guialimeira.com.br\/news\/seguranca-alimentar-participa-de-acao-para-gestao-de-horta-comunitaria-no-santa-fe-portal-do-municipio-de-piracicaba\/","title":{"rendered":"Seguran\u00e7a Alimentar participa de a\u00e7\u00e3o para gest\u00e3o de horta comunit\u00e1ria no Santa F\u00e9 \u2013 Portal do Munic\u00edpio de Piracicaba"},"content":{"rendered":"<p> <br \/>\n<\/p>\n<div>\n<figure class=\"text-center\">\n<img data-recalc-dims=\"1\" width=\"696\" height=\"522\" src=\"https:\/\/i0.wp.com\/piracicaba.sp.gov.br\/wp-content\/uploads\/2024\/04\/Imagem-do-terreno-onde-sera-construida-a-horta-comunitaria-do-Santa-Fe.png?resize=696%2C522&#038;ssl=1\" class=\"img-fluid img-thumbnail border-1 wp-post-image\" alt=\"Na foto, imagem do terreno\" itemprop=\"image\" decoding=\"async\" fetchpriority=\"high\" srcset=\"https:\/\/piracicaba.sp.gov.br\/wp-content\/uploads\/2024\/04\/Imagem-do-terreno-onde-sera-construida-a-horta-comunitaria-do-Santa-Fe.png 1024w, https:\/\/piracicaba.sp.gov.br\/wp-content\/uploads\/2024\/04\/Imagem-do-terreno-onde-sera-construida-a-horta-comunitaria-do-Santa-Fe-300x225.png 300w, https:\/\/piracicaba.sp.gov.br\/wp-content\/uploads\/2024\/04\/Imagem-do-terreno-onde-sera-construida-a-horta-comunitaria-do-Santa-Fe-768x576.png 768w\" sizes=\"(max-width: 1024px) 100vw, 1024px\"\/><figcaption class=\"text-center small fw-bold fst-italic mt-1\">Imagem do terreno onde ser\u00e1 constru\u00edda a horta comunit\u00e1ria do Santa F\u00e9<\/figcaption><\/figure>\n<p>Com a proposta de constru\u00e7\u00e3o de horta comunit\u00e1ria no bairro Santa F\u00e9, representantes do projeto-piloto Agricultura que Sustenta a Comunidade estiveram na escola municipal Juliana Dedini Ometto, no s\u00e1bado, dia 20\/04, para programar as a\u00e7\u00f5es de implanta\u00e7\u00e3o. O projeto \u00e9 representado pela Coordenadoria de Seguran\u00e7a Alimentar da Secretaria Municipal de Assist\u00eancia e Desenvolvimento Social (Smads), Secretarias Municipais de Agricultura (Sema), de Infraestrutura e Meio Ambiente (Simap) e Educa\u00e7\u00e3o (SME), Casa do Hip Hop e T\u00f4 Aqui.<\/p>\n<p>No encontro, que contou com a participa\u00e7\u00e3o de 30 pessoas, foram validadas propostas para o cronograma de a\u00e7\u00f5es que incluem a limpeza do terreno, localizado ao lado da escola municipal, pontos de capta\u00e7\u00e3o de \u00e1gua, valas de infiltra\u00e7\u00e3o para irriga\u00e7\u00e3o, cisterna, horta, pomar e ro\u00e7a, acesso, entre outras, baseadas no desenho permacultural da horta agroecol\u00f3gica e comunit\u00e1ria, elaborado coletivamente em 2022, com apoio do Instituto Terra Mater e IPPED \u2013 Instituto de Estudos e Pesquisas Sociais.<\/p>\n<p>A pr\u00f3xima a\u00e7\u00e3o est\u00e1 agendada para o dia 12\/05, com oficina de identifica\u00e7\u00e3o do terreno e dos cultivos que acontecer\u00e3o no local. Joana Banov, do movimento T\u00f4 Aqui, explica que essa a\u00e7\u00e3o come\u00e7ou em 2022 com moradores dos bairros Novo Horizonte e Santa F\u00e9, revelando a demanda por hortas comunit\u00e1rias, produ\u00e7\u00e3o de alimento agroecol\u00f3gico, seguran\u00e7a alimentar e nutricional e resgates culturais de alimenta\u00e7\u00e3o, que permeiam a elabora\u00e7\u00e3o de pol\u00edticas p\u00fablicas para o munic\u00edpio\u201d.<\/p>\n<p>\u201cEste \u00e9 um processo de constru\u00e7\u00e3o de a\u00e7\u00f5es intersetoriais para o acesso \u00e0 alimenta\u00e7\u00e3o adequada e saud\u00e1vel da popula\u00e7\u00e3o em situa\u00e7\u00e3o de vulnerabilidade e risco social, por meio dos servi\u00e7os socioassistenciais, al\u00e9m de projetos e a\u00e7\u00f5es relacionadas ao abastecimento e consumo alimentar, realizados no territ\u00f3rio\u201d, ressalta Savana Fernandes, coordenadora de Seguran\u00e7a Alimentar da Smads.<\/p>\n<p>A iniciativa segue o Programa Nacional de fortalecimento da agricultura familiar para adequa\u00e7\u00e3o fundamental da alimenta\u00e7\u00e3o, visando trabalhar a mobiliza\u00e7\u00e3o, a participa\u00e7\u00e3o social e o fortalecimento de v\u00ednculos familiares e comunit\u00e1rios.<\/p>\n<\/div>\n<p><br \/>\n<br \/><a href=\"https:\/\/piracicaba.sp.gov.br\/noticias\/seguranca-alimentar-participa-de-acao-para-gestao-de-horta-comunitaria-no-santa-fe\/\" rel=\"noopener\">Informa\u00e7\u00f5es PMP <\/a><\/p>\n","protected":false},"excerpt":{"rendered":"<p>Imagem do terreno onde ser\u00e1 constru\u00edda a horta comunit\u00e1ria do Santa F\u00e9 Com a proposta de constru\u00e7\u00e3o de horta comunit\u00e1ria no bairro Santa F\u00e9, representantes do projeto-piloto Agricultura que Sustenta a Comunidade estiveram na escola municipal Juliana Dedini Ometto, no s\u00e1bado, dia 20\/04, para programar as a\u00e7\u00f5es de implanta\u00e7\u00e3o. O projeto \u00e9 representado pela Coordenadoria [&hellip;]<\/p>\n","protected":false},"author":1,"featured_media":2561,"comment_status":"open","ping_status":"open","sticky":false,"template":"","format":"standard","meta":{"_jetpack_newsletter_access":"","_jetpack_dont_email_post_to_subs":false,"_jetpack_newsletter_tier_id":0,"_jetpack_memberships_contains_paywalled_content":false,"_mbp_banners":[],"_jetpack_feature_clip_id":0,"_jetpack_memberships_contains_paid_content":false,"footnotes":"","jetpack_publicize_message":"","jetpack_publicize_feature_enabled":true,"jetpack_social_post_already_shared":true,"jetpack_social_options":{"image_generator_settings":{"template":"highway","default_image_id":0,"font":"","enabled":false},"version":2},"jetpack_post_was_ever_published":false},"categories":[20],"tags":[],"class_list":["post-2560","post","type-post","status-publish","format-standard","has-post-thumbnail","category-regiao"],"jetpack_publicize_connections":[],"jetpack-related-posts":[],"jetpack_shortlink":"https:\/\/wp.me\/p7Eq1F-Fi","jetpack_sharing_enabled":true,"jetpack_featured_media_url":"https:\/\/i0.wp.com\/guialimeira.com.br\/news\/wp-content\/uploads\/2024\/04\/Imagem-do-terreno-onde-sera-construida-a-horta-comunitaria-do-Santa-Fe.png?fit=1024%2C768&ssl=1","_links":{"self":[{"href":"https:\/\/guialimeira.com.br\/news\/wp-json\/wp\/v2\/posts\/2560","targetHints":{"allow":["GET"]}}],"collection":[{"href":"https:\/\/guialimeira.com.br\/news\/wp-json\/wp\/v2\/posts"}],"about":[{"href":"https:\/\/guialimeira.com.br\/news\/wp-json\/wp\/v2\/types\/post"}],"author":[{"embeddable":true,"href":"https:\/\/guialimeira.com.br\/news\/wp-json\/wp\/v2\/users\/1"}],"replies":[{"embeddable":true,"href":"https:\/\/guialimeira.com.br\/news\/wp-json\/wp\/v2\/comments?post=2560"}],"version-history":[{"count":0,"href":"https:\/\/guialimeira.com.br\/news\/wp-json\/wp\/v2\/posts\/2560\/revisions"}],"wp:featuredmedia":[{"embeddable":true,"href":"https:\/\/guialimeira.com.br\/news\/wp-json\/wp\/v2\/media\/2561"}],"wp:attachment":[{"href":"https:\/\/guialimeira.com.br\/news\/wp-json\/wp\/v2\/media?parent=2560"}],"wp:term":[{"taxonomy":"category","embeddable":true,"href":"https:\/\/guialimeira.com.br\/news\/wp-json\/wp\/v2\/categories?post=2560"},{"taxonomy":"post_tag","embeddable":true,"href":"https:\/\/guialimeira.com.br\/news\/wp-json\/wp\/v2\/tags?post=2560"}],"curies":[{"name":"wp","href":"https:\/\/api.w.org\/{rel}","templated":true}]}}