{"id":25531,"date":"2025-03-03T05:42:11","date_gmt":"2025-03-03T08:42:11","guid":{"rendered":"https:\/\/guialimeira.com.br\/?p=25531"},"modified":"2025-03-03T05:48:15","modified_gmt":"2025-03-03T08:48:15","slug":"ainda-estou-aqui-faz-historia-e-conquista-o-primeiro-oscar-para-o-brasil","status":"publish","type":"post","link":"https:\/\/guialimeira.com.br\/news\/ainda-estou-aqui-faz-historia-e-conquista-o-primeiro-oscar-para-o-brasil\/","title":{"rendered":"&#8220;Ainda Estou Aqui&#8221; faz hist\u00f3ria e conquista o primeiro Oscar para o Brasil"},"content":{"rendered":"\n<p class=\"wp-block-paragraph\">O cinema brasileiro vive um momento hist\u00f3rico! O filme <strong>&#8220;Ainda Estou Aqui&#8221;<\/strong>, dirigido por <strong>Walter Salles<\/strong>, venceu o pr\u00eamio de <strong>Melhor Filme Internacional no Oscar<\/strong>, marcando a <strong>primeira estatueta da hist\u00f3ria do Brasil<\/strong> na premia\u00e7\u00e3o.<\/p>\n\n\n\n<h2 class=\"wp-block-heading\"><strong>Uma vit\u00f3ria marcante para o Brasil<\/strong><\/h2>\n\n\n\n<p class=\"wp-block-paragraph\">Na categoria de <strong>Melhor Filme Internacional<\/strong>, o longa superou fortes concorrentes:<\/p>\n\n\n\n<p class=\"wp-block-paragraph\">\ud83c\udfac <strong>&#8220;Emilia P\u00e9rez&#8221;<\/strong> (Fran\u00e7a)<br>\ud83c\udfac <strong>&#8220;A Garota da Agulha&#8221;<\/strong> (Dinamarca)<br>\ud83c\udfac <strong>&#8220;Flow&#8221;<\/strong> (Let\u00f4nia)<br>\ud83c\udfac <strong>&#8220;A Semente do Fruto Sagrado&#8221;<\/strong> (Alemanha)<\/p>\n\n\n\n<p class=\"wp-block-paragraph\">Entre eles, o franc\u00eas <em>&#8220;Emilia P\u00e9rez&#8221;<\/em>, vencedor do <strong>Pr\u00eamio do J\u00fari em Cannes 2024<\/strong> e indicado em <strong>13 categorias no Oscar<\/strong>, era apontado como um dos favoritos. No entanto, o filme acabou envolvido em pol\u00eamicas, o que fortaleceu ainda mais a disputa.<\/p>\n\n\n\n<h2 class=\"wp-block-heading\"><strong>Walter Salles dedica pr\u00eamio a grandes nomes brasileiros<\/strong><\/h2>\n\n\n\n<p class=\"wp-block-paragraph\">Ao receber a estatueta, Walter Salles fez quest\u00e3o de dedicar o pr\u00eamio a <strong>Eunice Paiva<\/strong>, al\u00e9m de homenagear <strong>Fernanda Torres e Fernanda Montenegro<\/strong>, duas das maiores atrizes da hist\u00f3ria do cinema brasileiro.<\/p>\n\n\n\n<p class=\"wp-block-paragraph\">&#8220;\u00c9 uma coisa extraordin\u00e1ria&#8221;, declarou o cineasta emocionado ao subir ao palco para agradecer a conquista.<\/p>\n\n\n\n<h2 class=\"wp-block-heading\"><strong>O impacto da conquista para o cinema nacional<\/strong><\/h2>\n\n\n\n<p class=\"wp-block-paragraph\">A vit\u00f3ria de <em>&#8220;Ainda Estou Aqui&#8221;<\/em> no Oscar \u00e9 um marco para o Brasil e abre portas para que o cinema nacional ganhe ainda mais reconhecimento no cen\u00e1rio internacional. Com narrativas aut\u00eanticas e produ\u00e7\u00f5es cada vez mais aclamadas, o pa\u00eds se consolida como um dos grandes expoentes do audiovisual.<\/p>\n","protected":false},"excerpt":{"rendered":"<p>O cinema brasileiro vive um momento hist\u00f3rico! O filme &#8220;Ainda Estou Aqui&#8221;, dirigido por Walter Salles, venceu o pr\u00eamio de Melhor Filme Internacional no Oscar, marcando a primeira estatueta da hist\u00f3ria do Brasil na premia\u00e7\u00e3o. Uma vit\u00f3ria marcante para o Brasil Na categoria de Melhor Filme Internacional, o longa superou fortes concorrentes: \ud83c\udfac &#8220;Emilia P\u00e9rez&#8221; [&hellip;]<\/p>\n","protected":false},"author":1,"featured_media":25534,"comment_status":"open","ping_status":"open","sticky":false,"template":"","format":"standard","meta":{"_jetpack_newsletter_access":"","_jetpack_dont_email_post_to_subs":false,"_jetpack_newsletter_tier_id":0,"_jetpack_memberships_contains_paywalled_content":false,"_mbp_banners":[],"_jetpack_feature_clip_id":0,"_jetpack_memberships_contains_paid_content":false,"footnotes":"","jetpack_publicize_message":"","jetpack_publicize_feature_enabled":true,"jetpack_social_post_already_shared":true,"jetpack_social_options":{"image_generator_settings":{"template":"highway","default_image_id":0,"font":"","enabled":false},"version":2},"jetpack_post_was_ever_published":false},"categories":[22,19],"tags":[],"class_list":["post-25531","post","type-post","status-publish","format-standard","has-post-thumbnail","category-nacional","category-politica"],"jetpack_publicize_connections":[],"jetpack-related-posts":[],"jetpack_shortlink":"https:\/\/wp.me\/p7Eq1F-6DN","jetpack_sharing_enabled":true,"jetpack_featured_media_url":"https:\/\/i0.wp.com\/guialimeira.com.br\/news\/wp-content\/uploads\/2025\/03\/aindaestou2.jpg?fit=1280%2C720&ssl=1","_links":{"self":[{"href":"https:\/\/guialimeira.com.br\/news\/wp-json\/wp\/v2\/posts\/25531","targetHints":{"allow":["GET"]}}],"collection":[{"href":"https:\/\/guialimeira.com.br\/news\/wp-json\/wp\/v2\/posts"}],"about":[{"href":"https:\/\/guialimeira.com.br\/news\/wp-json\/wp\/v2\/types\/post"}],"author":[{"embeddable":true,"href":"https:\/\/guialimeira.com.br\/news\/wp-json\/wp\/v2\/users\/1"}],"replies":[{"embeddable":true,"href":"https:\/\/guialimeira.com.br\/news\/wp-json\/wp\/v2\/comments?post=25531"}],"version-history":[{"count":1,"href":"https:\/\/guialimeira.com.br\/news\/wp-json\/wp\/v2\/posts\/25531\/revisions"}],"predecessor-version":[{"id":25533,"href":"https:\/\/guialimeira.com.br\/news\/wp-json\/wp\/v2\/posts\/25531\/revisions\/25533"}],"wp:featuredmedia":[{"embeddable":true,"href":"https:\/\/guialimeira.com.br\/news\/wp-json\/wp\/v2\/media\/25534"}],"wp:attachment":[{"href":"https:\/\/guialimeira.com.br\/news\/wp-json\/wp\/v2\/media?parent=25531"}],"wp:term":[{"taxonomy":"category","embeddable":true,"href":"https:\/\/guialimeira.com.br\/news\/wp-json\/wp\/v2\/categories?post=25531"},{"taxonomy":"post_tag","embeddable":true,"href":"https:\/\/guialimeira.com.br\/news\/wp-json\/wp\/v2\/tags?post=25531"}],"curies":[{"name":"wp","href":"https:\/\/api.w.org\/{rel}","templated":true}]}}