{"id":25527,"date":"2025-03-03T05:34:12","date_gmt":"2025-03-03T08:34:12","guid":{"rendered":"https:\/\/guialimeira.com.br\/?p=25527"},"modified":"2025-03-03T05:34:14","modified_gmt":"2025-03-03T08:34:14","slug":"vereador-costa-junior-solicita-informacoes-sobre-a-fila-de-espera-para-cirurgias-eletivas-em-limeira","status":"publish","type":"post","link":"https:\/\/guialimeira.com.br\/news\/vereador-costa-junior-solicita-informacoes-sobre-a-fila-de-espera-para-cirurgias-eletivas-em-limeira\/","title":{"rendered":"Vereador Costa J\u00fanior solicita informa\u00e7\u00f5es sobre a fila de espera para cirurgias eletivas em Limeira"},"content":{"rendered":"\n<p class=\"wp-block-paragraph\">O vereador <strong>Costa J\u00fanior (Podemos)<\/strong> apresentou um requerimento ao Poder Executivo solicitando informa\u00e7\u00f5es detalhadas sobre a <strong>fila de espera para cirurgias eletivas<\/strong> no munic\u00edpio de <strong>Limeira<\/strong>. O objetivo \u00e9 obter maior transpar\u00eancia sobre o atendimento \u00e0 popula\u00e7\u00e3o e entender quais medidas est\u00e3o sendo adotadas para reduzir o tempo de espera desses procedimentos essenciais.<\/p>\n\n\n\n<h2 class=\"wp-block-heading\"><strong>Quest\u00f5es levantadas pelo requerimento<\/strong><\/h2>\n\n\n\n<p class=\"wp-block-paragraph\">O documento solicita respostas para os seguintes questionamentos:<\/p>\n\n\n\n<p class=\"wp-block-paragraph\">\u2705 <strong>Existe um estudo ou planejamento em andamento<\/strong> para diminuir a fila de espera das cirurgias eletivas?<br>\u2705 <strong>Quais s\u00e3o os principais obst\u00e1culos<\/strong> que dificultam a realiza\u00e7\u00e3o dessas cirurgias?<br>\u2705 <strong>H\u00e1 previs\u00e3o de recursos financeiros<\/strong> destinados a esse atendimento?<br>\u2705 <strong>Qual o n\u00famero atual de pacientes<\/strong> que aguardam pela realiza\u00e7\u00e3o do procedimento?<\/p>\n\n\n\n<p class=\"wp-block-paragraph\">A expectativa \u00e9 que a administra\u00e7\u00e3o municipal forne\u00e7a informa\u00e7\u00f5es claras sobre o assunto, permitindo que a popula\u00e7\u00e3o tenha mais conhecimento sobre a situa\u00e7\u00e3o da sa\u00fade p\u00fablica em Limeira.<\/p>\n\n\n\n<h2 class=\"wp-block-heading\"><strong>Por que essa informa\u00e7\u00e3o \u00e9 fundamental?<\/strong><\/h2>\n\n\n\n<p class=\"wp-block-paragraph\">O vereador justifica a import\u00e2ncia do requerimento com base em cinco pilares essenciais:<\/p>\n\n\n\n<h3 class=\"wp-block-heading\"><strong>\ud83d\udce2 Transpar\u00eancia e acompanhamento<\/strong><\/h3>\n\n\n\n<p class=\"wp-block-paragraph\">A transpar\u00eancia na gest\u00e3o da sa\u00fade p\u00fablica \u00e9 indispens\u00e1vel para que os cidad\u00e3os possam acompanhar o funcionamento dos servi\u00e7os oferecidos. Saber <strong>quantas pessoas aguardam por uma cirurgia<\/strong> e qual a estimativa de atendimento permite um controle mais eficaz sobre a qualidade dos servi\u00e7os.<\/p>\n\n\n\n<h3 class=\"wp-block-heading\"><strong>\ud83e\ude7a Impacto na sa\u00fade da popula\u00e7\u00e3o<\/strong><\/h3>\n\n\n\n<p class=\"wp-block-paragraph\">Cirurgias eletivas s\u00e3o procedimentos planejados, mas que n\u00e3o deixam de ser <strong>urgentes<\/strong> para muitas pessoas. A demora na realiza\u00e7\u00e3o pode resultar em complica\u00e7\u00f5es graves e impactar diretamente a qualidade de vida dos pacientes.<\/p>\n\n\n\n<h3 class=\"wp-block-heading\"><strong>\ud83d\udcca Planejamento e gest\u00e3o p\u00fablica<\/strong><\/h3>\n\n\n\n<p class=\"wp-block-paragraph\">Com dados concretos sobre a fila de espera, a administra\u00e7\u00e3o p\u00fablica pode tomar decis\u00f5es mais estrat\u00e9gicas, como <strong>aumentar investimentos em profissionais de sa\u00fade, infraestrutura e insumos<\/strong>, garantindo um atendimento mais \u00e1gil e eficiente.<\/p>\n\n\n\n<h3 class=\"wp-block-heading\"><strong>\u2696\ufe0f Direito \u00e0 sa\u00fade<\/strong><\/h3>\n\n\n\n<p class=\"wp-block-paragraph\">A Constitui\u00e7\u00e3o Federal assegura a <strong>sa\u00fade como um direito fundamental<\/strong>. Quando n\u00e3o h\u00e1 clareza sobre a fila de espera e os prazos para atendimento, a popula\u00e7\u00e3o pode enfrentar dificuldades para garantir esse direito b\u00e1sico.<\/p>\n\n\n\n<h3 class=\"wp-block-heading\"><strong>\ud83c\udfdb\ufe0f Apoio \u00e0 tomada de decis\u00f5es pol\u00edticas<\/strong><\/h3>\n\n\n\n<p class=\"wp-block-paragraph\">A obten\u00e7\u00e3o dessas informa\u00e7\u00f5es tamb\u00e9m <strong>auxilia os representantes do povo<\/strong> a buscar solu\u00e7\u00f5es mais assertivas, seja por meio da <strong>destina\u00e7\u00e3o de verbas<\/strong> ou da <strong>cria\u00e7\u00e3o de pol\u00edticas p\u00fablicas<\/strong> que melhorem a qualidade do atendimento na cidade.<\/p>\n\n\n\n<h2 class=\"wp-block-heading\"><strong>Pr\u00f3ximos passos<\/strong><\/h2>\n\n\n\n<p class=\"wp-block-paragraph\">Agora, a solicita\u00e7\u00e3o aguarda <strong>resposta do Poder Executivo<\/strong>, e a expectativa \u00e9 que as informa\u00e7\u00f5es sejam disponibilizadas em breve. O vereador Costa J\u00fanior refor\u00e7a o compromisso de <strong>acompanhar a quest\u00e3o de perto e promover um debate mais amplo sobre a sa\u00fade p\u00fablica em Limeira<\/strong>.<\/p>\n","protected":false},"excerpt":{"rendered":"<p>O vereador Costa J\u00fanior (Podemos) apresentou um requerimento ao Poder Executivo solicitando informa\u00e7\u00f5es detalhadas sobre a fila de espera para cirurgias eletivas no munic\u00edpio de Limeira. O objetivo \u00e9 obter maior transpar\u00eancia sobre o atendimento \u00e0 popula\u00e7\u00e3o e entender quais medidas est\u00e3o sendo adotadas para reduzir o tempo de espera desses procedimentos essenciais. Quest\u00f5es levantadas [&hellip;]<\/p>\n","protected":false},"author":1,"featured_media":25528,"comment_status":"open","ping_status":"open","sticky":false,"template":"","format":"standard","meta":{"_jetpack_newsletter_access":"","_jetpack_dont_email_post_to_subs":false,"_jetpack_newsletter_tier_id":0,"_jetpack_memberships_contains_paywalled_content":false,"_mbp_banners":[],"_jetpack_feature_clip_id":0,"_jetpack_memberships_contains_paid_content":false,"footnotes":"","jetpack_publicize_message":"","jetpack_publicize_feature_enabled":true,"jetpack_social_post_already_shared":true,"jetpack_social_options":{"image_generator_settings":{"template":"highway","default_image_id":0,"font":"","enabled":false},"version":2},"jetpack_post_was_ever_published":false},"categories":[16,19],"tags":[],"class_list":["post-25527","post","type-post","status-publish","format-standard","has-post-thumbnail","category-local","category-politica"],"jetpack_publicize_connections":[],"jetpack-related-posts":[],"jetpack_shortlink":"https:\/\/wp.me\/p7Eq1F-6DJ","jetpack_sharing_enabled":true,"jetpack_featured_media_url":"https:\/\/i0.wp.com\/guialimeira.com.br\/news\/wp-content\/uploads\/2025\/03\/cirurgias-eletivas.jpg?fit=750%2C400&ssl=1","_links":{"self":[{"href":"https:\/\/guialimeira.com.br\/news\/wp-json\/wp\/v2\/posts\/25527","targetHints":{"allow":["GET"]}}],"collection":[{"href":"https:\/\/guialimeira.com.br\/news\/wp-json\/wp\/v2\/posts"}],"about":[{"href":"https:\/\/guialimeira.com.br\/news\/wp-json\/wp\/v2\/types\/post"}],"author":[{"embeddable":true,"href":"https:\/\/guialimeira.com.br\/news\/wp-json\/wp\/v2\/users\/1"}],"replies":[{"embeddable":true,"href":"https:\/\/guialimeira.com.br\/news\/wp-json\/wp\/v2\/comments?post=25527"}],"version-history":[{"count":1,"href":"https:\/\/guialimeira.com.br\/news\/wp-json\/wp\/v2\/posts\/25527\/revisions"}],"predecessor-version":[{"id":25529,"href":"https:\/\/guialimeira.com.br\/news\/wp-json\/wp\/v2\/posts\/25527\/revisions\/25529"}],"wp:featuredmedia":[{"embeddable":true,"href":"https:\/\/guialimeira.com.br\/news\/wp-json\/wp\/v2\/media\/25528"}],"wp:attachment":[{"href":"https:\/\/guialimeira.com.br\/news\/wp-json\/wp\/v2\/media?parent=25527"}],"wp:term":[{"taxonomy":"category","embeddable":true,"href":"https:\/\/guialimeira.com.br\/news\/wp-json\/wp\/v2\/categories?post=25527"},{"taxonomy":"post_tag","embeddable":true,"href":"https:\/\/guialimeira.com.br\/news\/wp-json\/wp\/v2\/tags?post=25527"}],"curies":[{"name":"wp","href":"https:\/\/api.w.org\/{rel}","templated":true}]}}