{"id":2549,"date":"2024-04-23T23:18:42","date_gmt":"2024-04-24T02:18:42","guid":{"rendered":"https:\/\/guialimeira.com.br\/2024\/04\/23\/121-anos-guarda-civil-metropolitana-de-piracicaba-recebe-14-novas-viaturas-e-4-motos-para-renovacao-da-frota\/"},"modified":"2024-04-23T23:18:42","modified_gmt":"2024-04-24T02:18:42","slug":"121-anos-guarda-civil-metropolitana-de-piracicaba-recebe-14-novas-viaturas-e-4-motos-para-renovacao-da-frota","status":"publish","type":"post","link":"https:\/\/guialimeira.com.br\/news\/121-anos-guarda-civil-metropolitana-de-piracicaba-recebe-14-novas-viaturas-e-4-motos-para-renovacao-da-frota\/","title":{"rendered":"121 anos:\u00a0Guarda Civil Metropolitana de Piracicaba recebe 14 novas viaturas e 4 motos para renova\u00e7\u00e3o da frota"},"content":{"rendered":"<p> <br \/>\n<\/p>\n<div>\n<p>A Guarda Civil Metropolitana (GCM) recebeu 14 novas viaturas e quatro motocicletas para renova\u00e7\u00e3o e moderniza\u00e7\u00e3o da frota de patrulhamento. A entrega oficial foi realizada na manh\u00e3 de hoje, ter\u00e7a-feira, 23\/04, durante a cerim\u00f4nia de anivers\u00e1rio dos 121 anos da GCM, que aconteceu no Teatro Erotides de Campos, no Engenho Central, com a presen\u00e7a de autoridades do governo municipal, Legislativo, Judici\u00e1rio e representantes das for\u00e7as de seguran\u00e7a municipal e estadual.<\/p>\n<p>Os novos ve\u00edculos foram locados por meio de licita\u00e7\u00e3o. S\u00e3o\u00a014\u00a0Volkswagen T-Cross\u00a00Km, equipados e adesivados com a identifica\u00e7\u00e3o visual da corpora\u00e7\u00e3o, al\u00e9m de quatro motocicletas Suzuki Modelo V\u00a0Strom650\u00a0XT,\u00a00Km, tamb\u00e9m\u00a0equipadas. Os novos ve\u00edculos permitem que a corpora\u00e7\u00e3o amplie, renove e modernize a frota, otimizando os servi\u00e7os oferecidos \u00e0 popula\u00e7\u00e3o.<\/p>\n<figure class=\"wp-block-image size-large\"><img data-recalc-dims=\"1\" fetchpriority=\"high\" decoding=\"async\" width=\"696\" height=\"464\" src=\"https:\/\/i0.wp.com\/piracicaba.sp.gov.br\/wp-content\/uploads\/2024\/04\/Prefeito-Luciano-Almeida-entrega-as-chaves-das-viaturas-ao-comandante-da-GCM-Sidney-Nunes-1024x682.jpg?resize=696%2C464&#038;ssl=1\" alt=\"\" class=\"wp-image-77685\" srcset=\"https:\/\/piracicaba.sp.gov.br\/wp-content\/uploads\/2024\/04\/Prefeito-Luciano-Almeida-entrega-as-chaves-das-viaturas-ao-comandante-da-GCM-Sidney-Nunes-1024x682.jpg 1024w, https:\/\/piracicaba.sp.gov.br\/wp-content\/uploads\/2024\/04\/Prefeito-Luciano-Almeida-entrega-as-chaves-das-viaturas-ao-comandante-da-GCM-Sidney-Nunes-300x200.jpg 300w, https:\/\/piracicaba.sp.gov.br\/wp-content\/uploads\/2024\/04\/Prefeito-Luciano-Almeida-entrega-as-chaves-das-viaturas-ao-comandante-da-GCM-Sidney-Nunes-768x512.jpg 768w, https:\/\/piracicaba.sp.gov.br\/wp-content\/uploads\/2024\/04\/Prefeito-Luciano-Almeida-entrega-as-chaves-das-viaturas-ao-comandante-da-GCM-Sidney-Nunes-1536x1023.jpg 1536w, https:\/\/piracicaba.sp.gov.br\/wp-content\/uploads\/2024\/04\/Prefeito-Luciano-Almeida-entrega-as-chaves-das-viaturas-ao-comandante-da-GCM-Sidney-Nunes.jpg 1936w\" sizes=\"(max-width: 1024px) 100vw, 1024px\"\/><figcaption class=\"wp-element-caption\"><strong><em><sub>Prefeito Luciano Almeida entrega as chaves das viaturas ao comandante da GCM Sidney Nunes<\/sub><\/em><\/strong><\/figcaption><\/figure>\n<p>A cerim\u00f4nia teve in\u00edcio \u00e0s 9h com a execu\u00e7\u00e3o dos hinos pela Banda da Guarda Civil Municipal e a presen\u00e7a \u00e0 mesa do prefeito Luciano de Almeida; o comandante da GCM,\u00a0Sidney Miguel da Silva Nunes; a comandante do 10\u00ba Batalh\u00e3o da Pol\u00edcia Militar do Interior (BPMI), tenente coronel Silvia Andr\u00e9ia Mantoani; o diretor do Deinter 9 (Departamento de Pol\u00edcia Judici\u00e1ria do Interior), Kleber Altale; o juiz diretor do F\u00f3rum de Piracicaba, Marcos Douglas Veloso Balbino da Silva; e o presidente da C\u00e2mara Municipal de Piracicaba, Wagner Oliveira.<\/p>\n<p>O prefeito de Piracicaba, Luciano Almeida,\u00a0destacou o compromisso da atual gest\u00e3o de investir na estrutura da Guarda Metropolitana, e a import\u00e2ncia de municipalizar a seguran\u00e7a p\u00fablica como um caminho para que ela\u00a0atue\u00a0mais diretamente em a\u00e7\u00f5es de combate \u00e0 criminalidade. \u201cA nossa Guarda est\u00e1 sendo preparada para assumir esse papel definitivo de ser a for\u00e7a de seguran\u00e7a do nosso munic\u00edpio e da regi\u00e3o, em parceria com as institui\u00e7\u00f5es. Se funciona aqui em Piracicaba, \u00e9 porque elas trabalham em conjunto. E precisamos ter muito carinho e cuidado para manter essa posi\u00e7\u00e3o da cidade mais segura do estado de SP.\u201d<\/p>\n<figure class=\"wp-block-image size-large\"><img data-recalc-dims=\"1\" loading=\"lazy\" decoding=\"async\" width=\"696\" height=\"464\" src=\"https:\/\/i0.wp.com\/piracicaba.sp.gov.br\/wp-content\/uploads\/2024\/04\/Kleber-Altale-do-Deinter-9-Wagner-Oliveira-da-Camara-prefeito-Luciano-Almeida-comandante-Sidney-Nunes-juiz-Marcos-Silva-e-tenente-coronel-da-PM-Silvia-Mantoani-1024x682.jpg?resize=696%2C464&#038;ssl=1\" alt=\"\" class=\"wp-image-77684\" srcset=\"https:\/\/piracicaba.sp.gov.br\/wp-content\/uploads\/2024\/04\/Kleber-Altale-do-Deinter-9-Wagner-Oliveira-da-Camara-prefeito-Luciano-Almeida-comandante-Sidney-Nunes-juiz-Marcos-Silva-e-tenente-coronel-da-PM-Silvia-Mantoani-1024x682.jpg 1024w, https:\/\/piracicaba.sp.gov.br\/wp-content\/uploads\/2024\/04\/Kleber-Altale-do-Deinter-9-Wagner-Oliveira-da-Camara-prefeito-Luciano-Almeida-comandante-Sidney-Nunes-juiz-Marcos-Silva-e-tenente-coronel-da-PM-Silvia-Mantoani-300x200.jpg 300w, https:\/\/piracicaba.sp.gov.br\/wp-content\/uploads\/2024\/04\/Kleber-Altale-do-Deinter-9-Wagner-Oliveira-da-Camara-prefeito-Luciano-Almeida-comandante-Sidney-Nunes-juiz-Marcos-Silva-e-tenente-coronel-da-PM-Silvia-Mantoani-768x512.jpg 768w, https:\/\/piracicaba.sp.gov.br\/wp-content\/uploads\/2024\/04\/Kleber-Altale-do-Deinter-9-Wagner-Oliveira-da-Camara-prefeito-Luciano-Almeida-comandante-Sidney-Nunes-juiz-Marcos-Silva-e-tenente-coronel-da-PM-Silvia-Mantoani-1536x1024.jpg 1536w, https:\/\/piracicaba.sp.gov.br\/wp-content\/uploads\/2024\/04\/Kleber-Altale-do-Deinter-9-Wagner-Oliveira-da-Camara-prefeito-Luciano-Almeida-comandante-Sidney-Nunes-juiz-Marcos-Silva-e-tenente-coronel-da-PM-Silvia-Mantoani.jpg 1856w\" sizes=\"auto, (max-width: 1024px) 100vw, 1024px\"\/><figcaption class=\"wp-element-caption\"><strong><em><sub>Kleber Altale, do Deinter 9, Wagner Oliveira, da C\u00e2mara, prefeito Luciano Almeida, comandante Sidney Nunes, juiz Marcos Silva e tenente coronel da PM Silvia Mantoani<\/sub><\/em><\/strong><\/figcaption><\/figure>\n<p>O comandante da Guarda, Sidney Nunes, tamb\u00e9m lembrou os dados divulgados pelo\u00a0Instituto Sou da Paz no final de 2023, que colocaram Piracicaba pelo segundo ano consecutivo como a cidade mais segura do estado. O munic\u00edpio registrou o menor \u00cdndice de Exposi\u00e7\u00e3o aos Crimes Violentos (IECV), que abrange\u00a0os crimes contra a vida, contra a dignidade sexual e patrimoniais,\u00a0em cidades com popula\u00e7\u00e3o entre 200 e 500 mil habitantes.<\/p>\n<p>\u201cA GCM sempre teve em seu hist\u00f3rico um trabalho compromissado, vocacionado e executado por pessoas com grande interesse na manuten\u00e7\u00e3o da ordem p\u00fablica. S\u00e3o agentes com esp\u00edrito elevado que s\u00e3o capazes de ir \u00e0s \u00faltimas consequ\u00eancias para proteger a vida e o direito das pessoas. Nosso compromisso com a licitude talvez seja a resposta para tamanha longevidade.\u201d<\/p>\n<figure class=\"wp-block-image size-large\"><img data-recalc-dims=\"1\" loading=\"lazy\" decoding=\"async\" width=\"696\" height=\"507\" src=\"https:\/\/i0.wp.com\/piracicaba.sp.gov.br\/wp-content\/uploads\/2024\/04\/GCM-recebeu-14-novas-viaturas-de-patrulhamento-1024x746.jpg?resize=696%2C507&#038;ssl=1\" alt=\"\" class=\"wp-image-77683\" srcset=\"https:\/\/piracicaba.sp.gov.br\/wp-content\/uploads\/2024\/04\/GCM-recebeu-14-novas-viaturas-de-patrulhamento-1024x746.jpg 1024w, https:\/\/piracicaba.sp.gov.br\/wp-content\/uploads\/2024\/04\/GCM-recebeu-14-novas-viaturas-de-patrulhamento-300x219.jpg 300w, https:\/\/piracicaba.sp.gov.br\/wp-content\/uploads\/2024\/04\/GCM-recebeu-14-novas-viaturas-de-patrulhamento-768x559.jpg 768w, https:\/\/piracicaba.sp.gov.br\/wp-content\/uploads\/2024\/04\/GCM-recebeu-14-novas-viaturas-de-patrulhamento-1536x1119.jpg 1536w, https:\/\/piracicaba.sp.gov.br\/wp-content\/uploads\/2024\/04\/GCM-recebeu-14-novas-viaturas-de-patrulhamento.jpg 1767w\" sizes=\"auto, (max-width: 1024px) 100vw, 1024px\"\/><figcaption class=\"wp-element-caption\"><strong><em><sub>GCM recebeu 14 novas viaturas de patrulhamento<\/sub><\/em><\/strong><\/figcaption><\/figure>\n<p>O diretor do Deinter 9, Kleber Altale, lembrou o trabalho que ele tem de mais de 40 anos com a Pol\u00edcia Civil em parceria com a GCM, e a import\u00e2ncia dessa uni\u00e3o de for\u00e7as para o munic\u00edpio. \u201cA GCM de Piracicaba, al\u00e9m de fazer um bom trabalho, \u00e9 um exemplo de dedica\u00e7\u00e3o, efici\u00eancia e um modelo para todos os munic\u00edpios do estado de S\u00e3o Paulo\u201d, declarou.<\/p>\n<p>\u201cMinhas palavras s\u00e3o de gratid\u00e3o por fazer parte deste momento, as for\u00e7as de seguran\u00e7a da nossa cidade trabalham juntas e em parceria, e isso faz muita diferen\u00e7a, esse trabalho conjunto. E a Guarda Civil de Piracicaba \u00e9 uma parceira de muita import\u00e2ncia para o 10\u00ba BPMI\u201d, declarou a tenente-coronel da PM, Silvia Mantoani.<\/p>\n<figure class=\"wp-block-image size-large\"><img data-recalc-dims=\"1\" loading=\"lazy\" decoding=\"async\" width=\"696\" height=\"522\" src=\"https:\/\/i0.wp.com\/piracicaba.sp.gov.br\/wp-content\/uploads\/2024\/04\/GCM-recebeu-quatro-novas-motocicletas-para-patrulhamento-1024x768.jpg?resize=696%2C522&#038;ssl=1\" alt=\"\" class=\"wp-image-77681\" srcset=\"https:\/\/piracicaba.sp.gov.br\/wp-content\/uploads\/2024\/04\/GCM-recebeu-quatro-novas-motocicletas-para-patrulhamento-1024x768.jpg 1024w, https:\/\/piracicaba.sp.gov.br\/wp-content\/uploads\/2024\/04\/GCM-recebeu-quatro-novas-motocicletas-para-patrulhamento-300x225.jpg 300w, https:\/\/piracicaba.sp.gov.br\/wp-content\/uploads\/2024\/04\/GCM-recebeu-quatro-novas-motocicletas-para-patrulhamento-768x576.jpg 768w, https:\/\/piracicaba.sp.gov.br\/wp-content\/uploads\/2024\/04\/GCM-recebeu-quatro-novas-motocicletas-para-patrulhamento-1536x1152.jpg 1536w, https:\/\/piracicaba.sp.gov.br\/wp-content\/uploads\/2024\/04\/GCM-recebeu-quatro-novas-motocicletas-para-patrulhamento.jpg 2032w\" sizes=\"auto, (max-width: 1024px) 100vw, 1024px\"\/><figcaption class=\"wp-element-caption\"><strong><em><sub>GCM recebeu quatro novas motocicletas para patrulhamento<\/sub><\/em><\/strong><\/figcaption><\/figure>\n<p><strong>FROTA<\/strong>\u00a0\u2013 Com a entrega, a frota da GCM passa a contar com 50 ve\u00edculos entre\u00a0viaturas de patrulhamento e do\u00a0administrativo, e\u00a014\u00a0motocicletas.<\/p>\n<p>Atualmente, a GCM tem um efetivo de 362\u00a0guardas, sendo 61 mulheres, com grupamentos Cicl\u00edstico, Canil, setor de Direito Animal, setor de Tr\u00e2nsito, os pelot\u00f5es Ambiental e Escolar, as patrulhas Rural e Maria da Penha, a Central de Opera\u00e7\u00f5es (COP) e Central de Monitoramento Eletr\u00f4nico (Cemel), al\u00e9m da Corregedoria, Ouvidoria, as viaturas de \u00e1rea, a Ronda Ostensiva Municipal (ROMU) e Ronda Ostensiva Motorizada (ROMO).<\/p>\n<figure class=\"wp-block-image size-large\"><img data-recalc-dims=\"1\" loading=\"lazy\" decoding=\"async\" width=\"696\" height=\"464\" src=\"https:\/\/i0.wp.com\/piracicaba.sp.gov.br\/wp-content\/uploads\/2024\/04\/Banda-da-GCM-de-Piracicaba-se-apresenta-na-cerimonia-de-121-anos-da-Guarda-Metropolitana-1024x682.jpg?resize=696%2C464&#038;ssl=1\" alt=\"\" class=\"wp-image-77680\" srcset=\"https:\/\/piracicaba.sp.gov.br\/wp-content\/uploads\/2024\/04\/Banda-da-GCM-de-Piracicaba-se-apresenta-na-cerimonia-de-121-anos-da-Guarda-Metropolitana-1024x682.jpg 1024w, https:\/\/piracicaba.sp.gov.br\/wp-content\/uploads\/2024\/04\/Banda-da-GCM-de-Piracicaba-se-apresenta-na-cerimonia-de-121-anos-da-Guarda-Metropolitana-300x200.jpg 300w, https:\/\/piracicaba.sp.gov.br\/wp-content\/uploads\/2024\/04\/Banda-da-GCM-de-Piracicaba-se-apresenta-na-cerimonia-de-121-anos-da-Guarda-Metropolitana-768x512.jpg 768w, https:\/\/piracicaba.sp.gov.br\/wp-content\/uploads\/2024\/04\/Banda-da-GCM-de-Piracicaba-se-apresenta-na-cerimonia-de-121-anos-da-Guarda-Metropolitana-1536x1024.jpg 1536w, https:\/\/piracicaba.sp.gov.br\/wp-content\/uploads\/2024\/04\/Banda-da-GCM-de-Piracicaba-se-apresenta-na-cerimonia-de-121-anos-da-Guarda-Metropolitana.jpg 2000w\" sizes=\"auto, (max-width: 1024px) 100vw, 1024px\"\/><figcaption class=\"wp-element-caption\"><strong><em><sub>Banda da GCM de Piracicaba se apresenta na cerim\u00f4nia de 121 anos da Guarda Metropolitana<\/sub><\/em><\/strong><\/figcaption><\/figure>\n<p>A GC est\u00e1 presente de maneira fixa em diversos equipamentos p\u00fablicos, como o Centro C\u00edvico, a C\u00e2mara Municipal, Unidades de Pronto Atendimento e em quatro inspetorias regionais localizadas em Santa Teresinha, Noiva da Colina, Paulic\u00e9ia e na Rua do Porto, al\u00e9m da Sala Maria da Penha, localizada no pr\u00e9dio administrativo ao lado do Terminal Central de Integra\u00e7\u00e3o (TCI), na avenida Armando de Salles Oliveira, 2001. A sede da corpora\u00e7\u00e3o est\u00e1 localizada na rua Benedito Bonzon Penteado, 645, Bairro Verde. A popula\u00e7\u00e3o pode acionar a\u00a0GCMP\u00a0por meio do telefone 153.<\/p>\n<\/div>\n<p><br \/>\n<br \/><a href=\"https:\/\/piracicaba.sp.gov.br\/noticias\/121-anos-guarda-civil-metropolitana-de-piracicaba-recebe-14-novas-viaturas-e-4-motos-para-renovacao-da-frota\/\" rel=\"noopener\">Informa\u00e7\u00f5es PMP <\/a><\/p>\n","protected":false},"excerpt":{"rendered":"<p>A Guarda Civil Metropolitana (GCM) recebeu 14 novas viaturas e quatro motocicletas para renova\u00e7\u00e3o e moderniza\u00e7\u00e3o da frota de patrulhamento. A entrega oficial foi realizada na manh\u00e3 de hoje, ter\u00e7a-feira, 23\/04, durante a cerim\u00f4nia de anivers\u00e1rio dos 121 anos da GCM, que aconteceu no Teatro Erotides de Campos, no Engenho Central, com a presen\u00e7a de [&hellip;]<\/p>\n","protected":false},"author":1,"featured_media":2550,"comment_status":"open","ping_status":"open","sticky":false,"template":"","format":"standard","meta":{"_jetpack_newsletter_access":"","_jetpack_dont_email_post_to_subs":false,"_jetpack_newsletter_tier_id":0,"_jetpack_memberships_contains_paywalled_content":false,"_mbp_banners":[],"_jetpack_feature_clip_id":0,"_jetpack_memberships_contains_paid_content":false,"footnotes":"","jetpack_publicize_message":"","jetpack_publicize_feature_enabled":true,"jetpack_social_post_already_shared":true,"jetpack_social_options":{"image_generator_settings":{"template":"highway","default_image_id":0,"font":"","enabled":false},"version":2},"jetpack_post_was_ever_published":false},"categories":[20],"tags":[],"class_list":["post-2549","post","type-post","status-publish","format-standard","has-post-thumbnail","category-regiao"],"jetpack_publicize_connections":[],"jetpack-related-posts":[],"jetpack_shortlink":"https:\/\/wp.me\/p7Eq1F-F7","jetpack_sharing_enabled":true,"jetpack_featured_media_url":"https:\/\/i0.wp.com\/guialimeira.com.br\/news\/wp-content\/uploads\/2024\/04\/Prefeito-Luciano-Almeida-entrega-as-chaves-das-viaturas-ao-comandante-da-GCM-Sidney-Nunes-1024x682.jpg?fit=1024%2C682&ssl=1","_links":{"self":[{"href":"https:\/\/guialimeira.com.br\/news\/wp-json\/wp\/v2\/posts\/2549","targetHints":{"allow":["GET"]}}],"collection":[{"href":"https:\/\/guialimeira.com.br\/news\/wp-json\/wp\/v2\/posts"}],"about":[{"href":"https:\/\/guialimeira.com.br\/news\/wp-json\/wp\/v2\/types\/post"}],"author":[{"embeddable":true,"href":"https:\/\/guialimeira.com.br\/news\/wp-json\/wp\/v2\/users\/1"}],"replies":[{"embeddable":true,"href":"https:\/\/guialimeira.com.br\/news\/wp-json\/wp\/v2\/comments?post=2549"}],"version-history":[{"count":0,"href":"https:\/\/guialimeira.com.br\/news\/wp-json\/wp\/v2\/posts\/2549\/revisions"}],"wp:featuredmedia":[{"embeddable":true,"href":"https:\/\/guialimeira.com.br\/news\/wp-json\/wp\/v2\/media\/2550"}],"wp:attachment":[{"href":"https:\/\/guialimeira.com.br\/news\/wp-json\/wp\/v2\/media?parent=2549"}],"wp:term":[{"taxonomy":"category","embeddable":true,"href":"https:\/\/guialimeira.com.br\/news\/wp-json\/wp\/v2\/categories?post=2549"},{"taxonomy":"post_tag","embeddable":true,"href":"https:\/\/guialimeira.com.br\/news\/wp-json\/wp\/v2\/tags?post=2549"}],"curies":[{"name":"wp","href":"https:\/\/api.w.org\/{rel}","templated":true}]}}