{"id":25488,"date":"2025-03-02T10:33:40","date_gmt":"2025-03-02T13:33:40","guid":{"rendered":"https:\/\/guialimeira.com.br\/?p=25488"},"modified":"2025-03-02T10:33:41","modified_gmt":"2025-03-02T13:33:41","slug":"projeto-de-emenda-a-lei-organica-propoe-mais-transparencia-na-administracao-municipal","status":"publish","type":"post","link":"https:\/\/guialimeira.com.br\/news\/projeto-de-emenda-a-lei-organica-propoe-mais-transparencia-na-administracao-municipal\/","title":{"rendered":"Projeto de Emenda \u00e0 Lei Org\u00e2nica prop\u00f5e mais transpar\u00eancia na administra\u00e7\u00e3o municipal"},"content":{"rendered":"\n<p class=\"wp-block-paragraph\">Uma nova proposta de Emenda \u00e0 Lei Org\u00e2nica Municipal busca fortalecer a transpar\u00eancia e a fiscaliza\u00e7\u00e3o da gest\u00e3o p\u00fablica em Limeira. O <strong>Projeto de Emenda \u00e0 Lei Org\u00e2nica n\u00ba 1\/2025<\/strong>, de autoria do vereador <strong>Elias Barbosa (PRTB)<\/strong>, com coautoria dos vereadores <strong>Helder L\u00facio de Oliveira (PSD), Mariana Calsa (MDB) e Sidney Pascotto (PRTB)<\/strong>, prop\u00f5e a redu\u00e7\u00e3o do prazo para que o Executivo municipal forne\u00e7a informa\u00e7\u00f5es e documentos solicitados pela C\u00e2mara Municipal e demais entidades representativas.<\/p>\n\n\n\n<h4 class=\"wp-block-heading\"><strong>O que muda com a proposta?<\/strong><\/h4>\n\n\n\n<p class=\"wp-block-paragraph\">A emenda altera o inciso XXVII do artigo 81 da <strong>Lei Org\u00e2nica Municipal n\u00ba 1\/1990<\/strong>, reduzindo de <strong>15 para 10 dias<\/strong> o prazo para que a Prefeitura atenda \u00e0s solicita\u00e7\u00f5es de informa\u00e7\u00f5es e forne\u00e7a c\u00f3pias de documentos p\u00fablicos. A medida mant\u00e9m a possibilidade de <strong>prorroga\u00e7\u00e3o, justificadamente, por mais 10 dias<\/strong>, mas refor\u00e7a que essa extens\u00e3o deve ser utilizada apenas em situa\u00e7\u00f5es excepcionais.<\/p>\n\n\n\n<p class=\"wp-block-paragraph\">A justificativa para essa altera\u00e7\u00e3o \u00e9 garantir maior <strong>agilidade e efici\u00eancia no processo de fiscaliza\u00e7\u00e3o<\/strong>, evitando atrasos que possam comprometer a an\u00e1lise de atos administrativos e a ado\u00e7\u00e3o de medidas corretivas em tempo h\u00e1bil.<\/p>\n\n\n\n<h4 class=\"wp-block-heading\"><strong>Fortalecendo a transpar\u00eancia e o controle social<\/strong><\/h4>\n\n\n\n<p class=\"wp-block-paragraph\">Atualmente, a pr\u00e1tica recorrente de utilizar a prorroga\u00e7\u00e3o do prazo de resposta de forma indiscriminada compromete o <strong>princ\u00edpio da efici\u00eancia<\/strong> e prejudica o trabalho fiscalizador da C\u00e2mara Municipal. Em muitos casos, o fornecimento tardio de informa\u00e7\u00f5es impede a tomada de decis\u00f5es r\u00e1pidas, o que pode impactar a <strong>transpar\u00eancia da gest\u00e3o p\u00fablica<\/strong> e dificultar a identifica\u00e7\u00e3o de eventuais irregularidades.<\/p>\n\n\n\n<p class=\"wp-block-paragraph\">A proposta refor\u00e7a que a fiscaliza\u00e7\u00e3o dos atos do Executivo \u00e9 uma das fun\u00e7\u00f5es essenciais do Legislativo e um pilar fundamental da <strong>democracia<\/strong>, alinhando-se ao princ\u00edpio da publicidade, previsto no <strong>artigo 37 da Constitui\u00e7\u00e3o Federal<\/strong>.<\/p>\n\n\n\n<h4 class=\"wp-block-heading\"><strong>Compromisso com a transpar\u00eancia<\/strong><\/h4>\n\n\n\n<p class=\"wp-block-paragraph\">O vereador Elias R. Barbosa, autor da proposta, destacou que a iniciativa visa <strong>aprimorar o acesso \u00e0 informa\u00e7\u00e3o<\/strong> e fortalecer os mecanismos de controle da administra\u00e7\u00e3o p\u00fablica. &#8220;A transpar\u00eancia \u00e9 um direito da popula\u00e7\u00e3o e um dever do poder p\u00fablico. Essa mudan\u00e7a trar\u00e1 mais efici\u00eancia ao processo de fiscaliza\u00e7\u00e3o, garantindo que as informa\u00e7\u00f5es sejam disponibilizadas com maior agilidade&#8221;, afirmou.<\/p>\n\n\n\n<p class=\"wp-block-paragraph\">O projeto segue para <strong>an\u00e1lise e vota\u00e7\u00e3o na C\u00e2mara Municipal<\/strong>, e os vereadores refor\u00e7am a import\u00e2ncia do apoio parlamentar para a sua aprova\u00e7\u00e3o. A expectativa \u00e9 que a medida contribua para uma administra\u00e7\u00e3o mais transparente, respons\u00e1vel e comprometida com o interesse p\u00fablico.<\/p>\n","protected":false},"excerpt":{"rendered":"<p>Uma nova proposta de Emenda \u00e0 Lei Org\u00e2nica Municipal busca fortalecer a transpar\u00eancia e a fiscaliza\u00e7\u00e3o da gest\u00e3o p\u00fablica em Limeira. O Projeto de Emenda \u00e0 Lei Org\u00e2nica n\u00ba 1\/2025, de autoria do vereador Elias Barbosa (PRTB), com coautoria dos vereadores Helder L\u00facio de Oliveira (PSD), Mariana Calsa (MDB) e Sidney Pascotto (PRTB), prop\u00f5e a [&hellip;]<\/p>\n","protected":false},"author":1,"featured_media":25490,"comment_status":"open","ping_status":"open","sticky":false,"template":"","format":"standard","meta":{"_jetpack_newsletter_access":"","_jetpack_dont_email_post_to_subs":false,"_jetpack_newsletter_tier_id":0,"_jetpack_memberships_contains_paywalled_content":false,"_mbp_banners":[],"_jetpack_feature_clip_id":0,"_jetpack_memberships_contains_paid_content":false,"footnotes":"","jetpack_publicize_message":"","jetpack_publicize_feature_enabled":true,"jetpack_social_post_already_shared":true,"jetpack_social_options":{"image_generator_settings":{"template":"highway","default_image_id":0,"font":"","enabled":false},"version":2},"jetpack_post_was_ever_published":false},"categories":[16,19],"tags":[],"class_list":["post-25488","post","type-post","status-publish","format-standard","has-post-thumbnail","category-local","category-politica"],"jetpack_publicize_connections":[],"jetpack-related-posts":[],"jetpack_shortlink":"https:\/\/wp.me\/p7Eq1F-6D6","jetpack_sharing_enabled":true,"jetpack_featured_media_url":"https:\/\/i0.wp.com\/guialimeira.com.br\/news\/wp-content\/uploads\/2025\/03\/prefeitura-limeira.jpg?fit=900%2C506&ssl=1","_links":{"self":[{"href":"https:\/\/guialimeira.com.br\/news\/wp-json\/wp\/v2\/posts\/25488","targetHints":{"allow":["GET"]}}],"collection":[{"href":"https:\/\/guialimeira.com.br\/news\/wp-json\/wp\/v2\/posts"}],"about":[{"href":"https:\/\/guialimeira.com.br\/news\/wp-json\/wp\/v2\/types\/post"}],"author":[{"embeddable":true,"href":"https:\/\/guialimeira.com.br\/news\/wp-json\/wp\/v2\/users\/1"}],"replies":[{"embeddable":true,"href":"https:\/\/guialimeira.com.br\/news\/wp-json\/wp\/v2\/comments?post=25488"}],"version-history":[{"count":1,"href":"https:\/\/guialimeira.com.br\/news\/wp-json\/wp\/v2\/posts\/25488\/revisions"}],"predecessor-version":[{"id":25491,"href":"https:\/\/guialimeira.com.br\/news\/wp-json\/wp\/v2\/posts\/25488\/revisions\/25491"}],"wp:featuredmedia":[{"embeddable":true,"href":"https:\/\/guialimeira.com.br\/news\/wp-json\/wp\/v2\/media\/25490"}],"wp:attachment":[{"href":"https:\/\/guialimeira.com.br\/news\/wp-json\/wp\/v2\/media?parent=25488"}],"wp:term":[{"taxonomy":"category","embeddable":true,"href":"https:\/\/guialimeira.com.br\/news\/wp-json\/wp\/v2\/categories?post=25488"},{"taxonomy":"post_tag","embeddable":true,"href":"https:\/\/guialimeira.com.br\/news\/wp-json\/wp\/v2\/tags?post=25488"}],"curies":[{"name":"wp","href":"https:\/\/api.w.org\/{rel}","templated":true}]}}