{"id":25434,"date":"2025-03-01T11:21:50","date_gmt":"2025-03-01T14:21:50","guid":{"rendered":"https:\/\/guialimeira.com.br\/?p=25434"},"modified":"2025-03-01T11:21:52","modified_gmt":"2025-03-01T14:21:52","slug":"vereadoras-cobram-regulamentacao-de-leis-sobre-o-combate-a-violencia-contra-a-mulher-em-limeira","status":"publish","type":"post","link":"https:\/\/guialimeira.com.br\/news\/vereadoras-cobram-regulamentacao-de-leis-sobre-o-combate-a-violencia-contra-a-mulher-em-limeira\/","title":{"rendered":"Vereadoras cobram regulamenta\u00e7\u00e3o de leis sobre o combate \u00e0 viol\u00eancia contra a mulher em Limeira"},"content":{"rendered":"\n<p class=\"wp-block-paragraph\">As vereadoras <strong><em>Mariana Silva Calsa, Isabelly Maria de Carvalho, Mara Isa Mattos Silveira, Tatiane Lopes e Lucineis Aparecida Bogo<\/em><\/strong>, protocolaram  um requerimento solicitando informa\u00e7\u00f5es ao Poder Executivo sobre a regulamenta\u00e7\u00e3o e execu\u00e7\u00e3o das leis municipais voltadas ao <strong>combate \u00e0 viol\u00eancia contra a mulher em Limeira<\/strong>. A iniciativa busca esclarecer quais normas est\u00e3o efetivamente em vigor e se h\u00e1 um plano de a\u00e7\u00e3o estruturado para enfrentar essa grave quest\u00e3o social.<\/p>\n\n\n\n<h2 class=\"wp-block-heading\"><strong>Pedido de informa\u00e7\u00f5es ao Executivo<\/strong><\/h2>\n\n\n\n<p class=\"wp-block-paragraph\">No documento, a parlamentar requer:<\/p>\n\n\n\n<p class=\"wp-block-paragraph\">\u2705 <strong>Relat\u00f3rio detalhado<\/strong> das leis municipais regulamentadas e em execu\u00e7\u00e3o que tratam da viol\u00eancia contra a mulher;<br>\u2705 <strong>Esclarecimento sobre o status de cada lei<\/strong>, incluindo quais j\u00e1 foram regulamentadas, quais est\u00e3o em fase de regulamenta\u00e7\u00e3o e quais est\u00e3o em vigor;<br>\u2705 <strong>Informa\u00e7\u00f5es sobre um poss\u00edvel plano municipal<\/strong> de enfrentamento \u00e0 viol\u00eancia contra a mulher, solicitando, se existente, a c\u00f3pia do documento;<br>\u2705 <strong>Or\u00e7amento previsto<\/strong> para a\u00e7\u00f5es e pol\u00edticas p\u00fablicas voltadas \u00e0 prote\u00e7\u00e3o das mulheres no munic\u00edpio.<\/p>\n\n\n\n<h2 class=\"wp-block-heading\"><strong>Leis municipais voltadas \u00e0 prote\u00e7\u00e3o das mulheres<\/strong><\/h2>\n\n\n\n<p class=\"wp-block-paragraph\">Limeira possui um conjunto de leis destinadas ao enfrentamento da viol\u00eancia de g\u00eanero. Algumas delas incluem:<\/p>\n\n\n\n<ul class=\"wp-block-list\">\n<li><strong>Lei Ordin\u00e1ria n\u00ba 6.566\/2021<\/strong> \u2013 Institui a campanha &#8220;Sinal Vermelho contra a Viol\u00eancia Dom\u00e9stica&#8221;;<\/li>\n\n\n\n<li><strong>Lei Ordin\u00e1ria n\u00ba 6.490\/2020<\/strong> \u2013 Cria a campanha &#8220;Em Casa Sem Viol\u00eancia&#8221;, em parceria com o com\u00e9rcio local;<\/li>\n\n\n\n<li><strong>Lei Ordin\u00e1ria n\u00ba 6.462\/2020<\/strong> \u2013 Prev\u00ea treinamento para servidores do Servi\u00e7o 156 sobre acolhimento de v\u00edtimas;<\/li>\n\n\n\n<li><strong>Lei Ordin\u00e1ria n\u00ba 6.267\/2019<\/strong> \u2013 Expande o programa &#8220;Bot\u00e3o do P\u00e2nico&#8221; para mais mulheres em situa\u00e7\u00e3o de risco;<\/li>\n\n\n\n<li><strong>Lei Ordin\u00e1ria n\u00ba 5.452\/2014<\/strong> \u2013 Estabelece a Rede de Atendimento Integrado \u00e0s Mulheres em Situa\u00e7\u00e3o de Viol\u00eancia;<\/li>\n\n\n\n<li><strong>Lei Ordin\u00e1ria n\u00ba 5.346\/2014<\/strong> \u2013 Cria o Banco de Empregos para mulheres v\u00edtimas de viol\u00eancia dom\u00e9stica.<\/li>\n<\/ul>\n\n\n\n<p class=\"wp-block-paragraph\">Essas s\u00e3o apenas algumas das legisla\u00e7\u00f5es que fazem parte do conjunto normativo voltado \u00e0 prote\u00e7\u00e3o das mulheres no munic\u00edpio. No entanto, a vereadora destaca a <strong>import\u00e2ncia de garantir que todas essas leis saiam do papel e sejam efetivamente aplicadas<\/strong>.<\/p>\n\n\n\n<h2 class=\"wp-block-heading\"><strong>Compromisso com a prote\u00e7\u00e3o das mulheres<\/strong><\/h2>\n\n\n\n<p class=\"wp-block-paragraph\">O enfrentamento \u00e0 viol\u00eancia contra a mulher exige <strong>a\u00e7\u00f5es concretas, fiscaliza\u00e7\u00e3o rigorosa e investimentos adequados<\/strong>. Por isso, a solicita\u00e7\u00e3o da vereadora Mariana Silva Calsa busca <strong>transpar\u00eancia e compromisso do poder p\u00fablico<\/strong> para assegurar que essas pol\u00edticas sejam implementadas e cumpram seu papel na sociedade.<\/p>\n\n\n\n<p class=\"wp-block-paragraph\">Aguardamos o retorno do Executivo para que essas informa\u00e7\u00f5es possam ser amplamente divulgadas \u00e0 popula\u00e7\u00e3o. Afinal, <strong>a luta contra a viol\u00eancia de g\u00eanero \u00e9 um dever de todos!<\/strong><\/p>\n","protected":false},"excerpt":{"rendered":"<p>As vereadoras Mariana Silva Calsa, Isabelly Maria de Carvalho, Mara Isa Mattos Silveira, Tatiane Lopes e Lucineis Aparecida Bogo, protocolaram um requerimento solicitando informa\u00e7\u00f5es ao Poder Executivo sobre a regulamenta\u00e7\u00e3o e execu\u00e7\u00e3o das leis municipais voltadas ao combate \u00e0 viol\u00eancia contra a mulher em Limeira. A iniciativa busca esclarecer quais normas est\u00e3o efetivamente em vigor [&hellip;]<\/p>\n","protected":false},"author":1,"featured_media":25435,"comment_status":"open","ping_status":"open","sticky":false,"template":"","format":"standard","meta":{"_jetpack_newsletter_access":"","_jetpack_dont_email_post_to_subs":false,"_jetpack_newsletter_tier_id":0,"_jetpack_memberships_contains_paywalled_content":false,"_mbp_banners":[],"_jetpack_feature_clip_id":0,"_jetpack_memberships_contains_paid_content":false,"footnotes":"","jetpack_publicize_message":"","jetpack_publicize_feature_enabled":true,"jetpack_social_post_already_shared":true,"jetpack_social_options":{"image_generator_settings":{"template":"highway","default_image_id":0,"font":"","enabled":false},"version":2},"jetpack_post_was_ever_published":false},"categories":[16,19],"tags":[],"class_list":["post-25434","post","type-post","status-publish","format-standard","has-post-thumbnail","category-local","category-politica"],"jetpack_publicize_connections":[],"jetpack-related-posts":[],"jetpack_shortlink":"https:\/\/wp.me\/p7Eq1F-6Ce","jetpack_sharing_enabled":true,"jetpack_featured_media_url":"https:\/\/i0.wp.com\/guialimeira.com.br\/news\/wp-content\/uploads\/2025\/03\/violencia-contra-mulher.jpg?fit=800%2C450&ssl=1","_links":{"self":[{"href":"https:\/\/guialimeira.com.br\/news\/wp-json\/wp\/v2\/posts\/25434","targetHints":{"allow":["GET"]}}],"collection":[{"href":"https:\/\/guialimeira.com.br\/news\/wp-json\/wp\/v2\/posts"}],"about":[{"href":"https:\/\/guialimeira.com.br\/news\/wp-json\/wp\/v2\/types\/post"}],"author":[{"embeddable":true,"href":"https:\/\/guialimeira.com.br\/news\/wp-json\/wp\/v2\/users\/1"}],"replies":[{"embeddable":true,"href":"https:\/\/guialimeira.com.br\/news\/wp-json\/wp\/v2\/comments?post=25434"}],"version-history":[{"count":1,"href":"https:\/\/guialimeira.com.br\/news\/wp-json\/wp\/v2\/posts\/25434\/revisions"}],"predecessor-version":[{"id":25436,"href":"https:\/\/guialimeira.com.br\/news\/wp-json\/wp\/v2\/posts\/25434\/revisions\/25436"}],"wp:featuredmedia":[{"embeddable":true,"href":"https:\/\/guialimeira.com.br\/news\/wp-json\/wp\/v2\/media\/25435"}],"wp:attachment":[{"href":"https:\/\/guialimeira.com.br\/news\/wp-json\/wp\/v2\/media?parent=25434"}],"wp:term":[{"taxonomy":"category","embeddable":true,"href":"https:\/\/guialimeira.com.br\/news\/wp-json\/wp\/v2\/categories?post=25434"},{"taxonomy":"post_tag","embeddable":true,"href":"https:\/\/guialimeira.com.br\/news\/wp-json\/wp\/v2\/tags?post=25434"}],"curies":[{"name":"wp","href":"https:\/\/api.w.org\/{rel}","templated":true}]}}