{"id":25430,"date":"2025-03-01T10:46:01","date_gmt":"2025-03-01T13:46:01","guid":{"rendered":"https:\/\/guialimeira.com.br\/?p=25430"},"modified":"2025-03-01T10:46:02","modified_gmt":"2025-03-01T13:46:02","slug":"urgente-manutencao-em-rede-de-agua-pode-afetar-abastecimento-na-noite-deste-sabado-01-em-limeira","status":"publish","type":"post","link":"https:\/\/guialimeira.com.br\/news\/urgente-manutencao-em-rede-de-agua-pode-afetar-abastecimento-na-noite-deste-sabado-01-em-limeira\/","title":{"rendered":"URGENTE: Manuten\u00e7\u00e3o em rede de \u00e1gua pode afetar abastecimento na noite deste s\u00e1bado (01) em Limeira"},"content":{"rendered":"\n<p class=\"wp-block-paragraph\"><em>nterven\u00e7\u00e3o ser\u00e1 realizada no Jardim Piratininga e poder\u00e1 impactar o tr\u00e2nsito na regi\u00e3o<\/em><\/p>\n\n\n\n<p class=\"wp-block-paragraph\">A BRK, concession\u00e1ria respons\u00e1vel pelos servi\u00e7os de \u00e1gua e esgoto em Limeira, realizar\u00e1, na noite deste s\u00e1bado (01) uma manuten\u00e7\u00e3o na rede de distribui\u00e7\u00e3o de \u00e1gua na rua Pedro Ant\u00f4nio de Barros, altura do n\u00famero 252, no Jardim Piratininga.<\/p>\n\n\n\n<p class=\"wp-block-paragraph\">O servi\u00e7o \u00e9 necess\u00e1rio para o reparo de um vazamento na tubula\u00e7\u00e3o e, para sua execu\u00e7\u00e3o, ser\u00e1 preciso interromper temporariamente o abastecimento de \u00e1gua na regi\u00e3o. A previs\u00e3o \u00e9 que o fornecimento seja totalmente normalizado na madrugada de domingo (02).<\/p>\n\n\n\n<p class=\"wp-block-paragraph\">Diante disso, a BRK refor\u00e7a a import\u00e2ncia do consumo consciente por parte da popula\u00e7\u00e3o. Os bairros que podem ser afetados s\u00e3o: S\u00e3o Francisco, Centro, Ch\u00e1cara Gava, Ch\u00e1cara Paulo Diniz, Desmembramento Maria Buzolin, Glebas Bom Jesus, Glebas S\u00e3o Pedro, Inspirare Residencial, Jardim Santo Andr\u00e9, Jardim Brasil, Jardim das Laranjeiras, Jardim dos Ip\u00eas I e II, Jardim Piratininga, Jardim Santana, Parque Residencial Roland III, Residencial La Luna, Residencial Portal dos Pr\u00edncipes, Residencial Reservatto Residenziale, Terras de S\u00e3o Bento II, Vila Anita, Vila Baldu\u00edno, Vila Bragotto, Vila Castelar, Vila Concei\u00e7\u00e3o, Vila Mathias, Vila Narcisa, Vila Paulista, Vila Primavera, Vila Riviera e Vila Tatuibi.<\/p>\n\n\n\n<p class=\"wp-block-paragraph\"><strong>Interdi\u00e7\u00e3o no tr\u00e2nsito<\/strong><\/p>\n\n\n\n<p class=\"wp-block-paragraph\">Durante a manuten\u00e7\u00e3o, a rua Pedro Ant\u00f4nio de Barros ficar\u00e1 totalmente interditada no trecho entre a avenida Piracicaba e a rua Ant\u00f4nio C\u00e2ndido de Camargo. Os motoristas que trafegam pela via no sentido da avenida Piracicaba dever\u00e3o seguir o desvio \u00e0 direita pela rua Ant\u00f4nio C\u00e2ndido de Camargo e, em seguida, virar \u00e0 esquerda na avenida Maria Buzolin.<\/p>\n\n\n\n<p class=\"wp-block-paragraph\">Al\u00e9m disso, a rua Ant\u00f4nio C\u00e2ndido de Camargo, no trecho entre as ruas Pedro Ant\u00f4nio de Barros e Euclides Xavier de Lima, estar\u00e1 parcialmente interditada.<\/p>\n\n\n\n<p class=\"wp-block-paragraph\">O local contar\u00e1 com placas de sinaliza\u00e7\u00e3o e todos os esfor\u00e7os ser\u00e3o feitos para que a manuten\u00e7\u00e3o seja conclu\u00edda e o tr\u00e2nsito liberado o mais rapidamente poss\u00edvel.<\/p>\n\n\n\n<p class=\"wp-block-paragraph\">Para mais informa\u00e7\u00f5es, a BRK atende gratuitamente pelo telefone 0800 771 0001.<\/p>\n","protected":false},"excerpt":{"rendered":"<p>nterven\u00e7\u00e3o ser\u00e1 realizada no Jardim Piratininga e poder\u00e1 impactar o tr\u00e2nsito na regi\u00e3o A BRK, concession\u00e1ria respons\u00e1vel pelos servi\u00e7os de \u00e1gua e esgoto em Limeira, realizar\u00e1, na noite deste s\u00e1bado (01) uma manuten\u00e7\u00e3o na rede de distribui\u00e7\u00e3o de \u00e1gua na rua Pedro Ant\u00f4nio de Barros, altura do n\u00famero 252, no Jardim Piratininga. O servi\u00e7o \u00e9 [&hellip;]<\/p>\n","protected":false},"author":1,"featured_media":2235,"comment_status":"open","ping_status":"open","sticky":false,"template":"","format":"standard","meta":{"_jetpack_newsletter_access":"","_jetpack_dont_email_post_to_subs":false,"_jetpack_newsletter_tier_id":0,"_jetpack_memberships_contains_paywalled_content":false,"_mbp_banners":[],"_jetpack_feature_clip_id":0,"_jetpack_memberships_contains_paid_content":false,"footnotes":"","jetpack_publicize_message":"","jetpack_publicize_feature_enabled":true,"jetpack_social_post_already_shared":true,"jetpack_social_options":{"image_generator_settings":{"template":"highway","default_image_id":0,"font":"","enabled":false},"version":2},"jetpack_post_was_ever_published":false},"categories":[16,19],"tags":[],"class_list":["post-25430","post","type-post","status-publish","format-standard","has-post-thumbnail","category-local","category-politica"],"jetpack_publicize_connections":[],"jetpack-related-posts":[],"jetpack_shortlink":"https:\/\/wp.me\/p7Eq1F-6Ca","jetpack_sharing_enabled":true,"jetpack_featured_media_url":"https:\/\/i0.wp.com\/guialimeira.com.br\/news\/wp-content\/uploads\/2024\/04\/brk-limeira-scaled.jpg?fit=2560%2C1707&ssl=1","_links":{"self":[{"href":"https:\/\/guialimeira.com.br\/news\/wp-json\/wp\/v2\/posts\/25430","targetHints":{"allow":["GET"]}}],"collection":[{"href":"https:\/\/guialimeira.com.br\/news\/wp-json\/wp\/v2\/posts"}],"about":[{"href":"https:\/\/guialimeira.com.br\/news\/wp-json\/wp\/v2\/types\/post"}],"author":[{"embeddable":true,"href":"https:\/\/guialimeira.com.br\/news\/wp-json\/wp\/v2\/users\/1"}],"replies":[{"embeddable":true,"href":"https:\/\/guialimeira.com.br\/news\/wp-json\/wp\/v2\/comments?post=25430"}],"version-history":[{"count":1,"href":"https:\/\/guialimeira.com.br\/news\/wp-json\/wp\/v2\/posts\/25430\/revisions"}],"predecessor-version":[{"id":25431,"href":"https:\/\/guialimeira.com.br\/news\/wp-json\/wp\/v2\/posts\/25430\/revisions\/25431"}],"wp:featuredmedia":[{"embeddable":true,"href":"https:\/\/guialimeira.com.br\/news\/wp-json\/wp\/v2\/media\/2235"}],"wp:attachment":[{"href":"https:\/\/guialimeira.com.br\/news\/wp-json\/wp\/v2\/media?parent=25430"}],"wp:term":[{"taxonomy":"category","embeddable":true,"href":"https:\/\/guialimeira.com.br\/news\/wp-json\/wp\/v2\/categories?post=25430"},{"taxonomy":"post_tag","embeddable":true,"href":"https:\/\/guialimeira.com.br\/news\/wp-json\/wp\/v2\/tags?post=25430"}],"curies":[{"name":"wp","href":"https:\/\/api.w.org\/{rel}","templated":true}]}}