{"id":2540,"date":"2024-04-23T21:40:48","date_gmt":"2024-04-24T00:40:48","guid":{"rendered":"https:\/\/guialimeira.com.br\/2024\/04\/23\/pf-tem-aval-para-aprofundar-investigacao-sobre-vacina-de-bolsonaro\/"},"modified":"2024-04-23T21:40:48","modified_gmt":"2024-04-24T00:40:48","slug":"pf-tem-aval-para-aprofundar-investigacao-sobre-vacina-de-bolsonaro","status":"publish","type":"post","link":"https:\/\/guialimeira.com.br\/news\/pf-tem-aval-para-aprofundar-investigacao-sobre-vacina-de-bolsonaro\/","title":{"rendered":"PF tem aval para\u00a0aprofundar\u00a0investiga\u00e7\u00e3o sobre vacina de Bolsonaro"},"content":{"rendered":"<p> <br \/>\n<\/p>\n<div>\n<p>O ministro do Supremo Tribunal Federal (STF) Alexandre de Moraes autorizou nesta ter\u00e7a-feira (23) o aprofundamento das investiga\u00e7\u00f5es envolvendo o ex-presidente Jair Bolsonaro no caso da fraude em certificados de vacina\u00e7\u00e3o contra a covid-19.<img data-recalc-dims=\"1\" decoding=\"async\" src=\"https:\/\/i0.wp.com\/agenciabrasil.ebc.com.br\/ebc.png?w=696&#038;ssl=1\" style=\"width:1px; height:1px; display:inline;\"\/><img data-recalc-dims=\"1\" decoding=\"async\" src=\"https:\/\/i0.wp.com\/agenciabrasil.ebc.com.br\/ebc.gif?w=696&#038;ssl=1\" style=\"width:1px; height:1px; display:inline;\"\/><\/p>\n<p>Conforme a decis\u00e3o, a Pol\u00edcia Federal (PF) dever\u00e1 esclarecer se Bolsonaro apresentou um cart\u00e3o da vacina\u00e7\u00e3o ao entrar nos Estados Unidos, realizar novas per\u00edcias e produzir laudos dos celulares apreendidos com o ex-ajudante de ordens Mauro Cid.<\/p>\n<p>Mais cedo, o pedido de aprofundamento foi feito ao Supremo <a href=\"https:\/\/agenciabrasil.ebc.com.br\/justica\/noticia\/2024-04\/pgr-pede-mais-investigacao-sobre-cartao-de-vacina-de-bolsonaro\" target=\"_blank\" rel=\"noopener\">pelo procurador-geral da Rep\u00fablica, Paulo Gonet<\/a>.<\/p>\n<p>No m\u00eas passado, <a href=\"https:\/\/agenciabrasil.ebc.com.br\/justica\/noticia\/2024-03\/bolsonaro-deu-a-ordem-para-fraudar-cartao-de-vacina-diz-pf\" target=\"_blank\" rel=\"noopener\">Bolsonaro, Cid e mais 15 acusados<\/a> foram indiciados pela PF. Ap\u00f3s o indiciamento, o inqu\u00e9rito foi enviado para a PGR decidir se uma den\u00fancia ser\u00e1 oferecida contra o ex-presidente e os demais investigados.<\/p>\n<p>O procurador entendeu que algumas dilig\u00eancias s\u00e3o necess\u00e1rias para aprofundar a investiga\u00e7\u00e3o, como juntada de laudos periciais em celulares e computadores apreendidos e informa\u00e7\u00f5es do Departamento de Justi\u00e7a dos Estados Unidos.<\/p>\n<p>&#8216;\u00c9 relevante saber se algum certificado de vacina\u00e7\u00e3o foi apresentado por Jair Bolsonaro e pelos demais integrantes da comitiva presidencial, quando da entrada e perman\u00eancia no territ\u00f3rio norte-americano. Ao menos seria de interesse apurar se havia, \u00e0 \u00e9poca, norma no local de entrada da comitiva nos EUA impositiva para o ingresso no pa\u00eds da apresenta\u00e7\u00e3o do certificado de vacina de todo estrangeiro, mesmo que detentor de passaporte e visto diplom\u00e1tico&#8221;, escreveu Gonet.<\/p>\n<p>De acordo com as investiga\u00e7\u00f5es, a fraude para inclus\u00e3o de informa\u00e7\u00f5es falsas no sistema do Minist\u00e9rio da Sa\u00fade tinha\u00a0como objetivo facilitar a perman\u00eancia de Bolsonaro nos Estados Unidos, pa\u00eds que adotou medidas sanit\u00e1rias contra estrangeiros que n\u00e3o se vacinaram contra a covid-19.<\/p>\n<p>No dia 30 de dezembro de 2022, um dia do t\u00e9rmino do mandato, Bolsonaro viajou para os Estados Unidos. Dias depois, em 8 de janeiro de 2023, as sedes dos Tr\u00eas Poderes, em Bras\u00edlia,\u00a0foram invadidas e depredadas.<\/p>\n<\/p><\/div>\n<p><br \/>\n<br \/><a href=\"https:\/\/agenciabrasil.ebc.com.br\/justica\/noticia\/2024-04\/pf-tem-aval-para-aprofundar-investigacao-sobre-vacina-de-bolsonaro\" rel=\"noopener\">Ag\u00eancia Brasil<\/a><\/p>\n","protected":false},"excerpt":{"rendered":"<p>O ministro do Supremo Tribunal Federal (STF) Alexandre de Moraes autorizou nesta ter\u00e7a-feira (23) o aprofundamento das investiga\u00e7\u00f5es envolvendo o ex-presidente Jair Bolsonaro no caso da fraude em certificados de vacina\u00e7\u00e3o contra a covid-19. Conforme a decis\u00e3o, a Pol\u00edcia Federal (PF) dever\u00e1 esclarecer se Bolsonaro apresentou um cart\u00e3o da vacina\u00e7\u00e3o ao entrar nos Estados Unidos, [&hellip;]<\/p>\n","protected":false},"author":1,"featured_media":2541,"comment_status":"open","ping_status":"open","sticky":false,"template":"","format":"standard","meta":{"_jetpack_newsletter_access":"","_jetpack_dont_email_post_to_subs":false,"_jetpack_newsletter_tier_id":0,"_jetpack_memberships_contains_paywalled_content":false,"_mbp_banners":[],"_jetpack_feature_clip_id":0,"_jetpack_memberships_contains_paid_content":false,"footnotes":"","jetpack_publicize_message":"","jetpack_publicize_feature_enabled":true,"jetpack_social_post_already_shared":true,"jetpack_social_options":{"image_generator_settings":{"template":"highway","default_image_id":0,"font":"","enabled":false},"version":2},"jetpack_post_was_ever_published":false},"categories":[22],"tags":[],"class_list":["post-2540","post","type-post","status-publish","format-standard","has-post-thumbnail","category-nacional"],"jetpack_publicize_connections":[],"jetpack-related-posts":[],"jetpack_shortlink":"https:\/\/wp.me\/p7Eq1F-EY","jetpack_sharing_enabled":true,"jetpack_featured_media_url":"https:\/\/i0.wp.com\/guialimeira.com.br\/news\/wp-content\/uploads\/2024\/04\/img_2487.jpg?fit=1600%2C800&ssl=1","_links":{"self":[{"href":"https:\/\/guialimeira.com.br\/news\/wp-json\/wp\/v2\/posts\/2540","targetHints":{"allow":["GET"]}}],"collection":[{"href":"https:\/\/guialimeira.com.br\/news\/wp-json\/wp\/v2\/posts"}],"about":[{"href":"https:\/\/guialimeira.com.br\/news\/wp-json\/wp\/v2\/types\/post"}],"author":[{"embeddable":true,"href":"https:\/\/guialimeira.com.br\/news\/wp-json\/wp\/v2\/users\/1"}],"replies":[{"embeddable":true,"href":"https:\/\/guialimeira.com.br\/news\/wp-json\/wp\/v2\/comments?post=2540"}],"version-history":[{"count":0,"href":"https:\/\/guialimeira.com.br\/news\/wp-json\/wp\/v2\/posts\/2540\/revisions"}],"wp:featuredmedia":[{"embeddable":true,"href":"https:\/\/guialimeira.com.br\/news\/wp-json\/wp\/v2\/media\/2541"}],"wp:attachment":[{"href":"https:\/\/guialimeira.com.br\/news\/wp-json\/wp\/v2\/media?parent=2540"}],"wp:term":[{"taxonomy":"category","embeddable":true,"href":"https:\/\/guialimeira.com.br\/news\/wp-json\/wp\/v2\/categories?post=2540"},{"taxonomy":"post_tag","embeddable":true,"href":"https:\/\/guialimeira.com.br\/news\/wp-json\/wp\/v2\/tags?post=2540"}],"curies":[{"name":"wp","href":"https:\/\/api.w.org\/{rel}","templated":true}]}}