{"id":25395,"date":"2025-02-28T22:21:51","date_gmt":"2025-03-01T01:21:51","guid":{"rendered":"https:\/\/guialimeira.com.br\/2025\/02\/28\/ocupacao-de-hoteis-para-o-carnaval-no-rio-de-janeiro-supera-95\/"},"modified":"2025-02-28T22:21:51","modified_gmt":"2025-03-01T01:21:51","slug":"ocupacao-de-hoteis-para-o-carnaval-no-rio-de-janeiro-supera-95","status":"publish","type":"post","link":"https:\/\/guialimeira.com.br\/news\/ocupacao-de-hoteis-para-o-carnaval-no-rio-de-janeiro-supera-95\/","title":{"rendered":"Ocupa\u00e7\u00e3o de hot\u00e9is para o carnaval no Rio de Janeiro supera 95%"},"content":{"rendered":"<p> <br \/>\n<\/p>\n<div>\n<p><strong>A ocupa\u00e7\u00e3o de hot\u00e9is na cidade do Rio de Janeiro durante o carnaval alcan\u00e7ou 95,51% dos leitos.<\/strong> \u00c9 o que mostra a terceira e \u00faltima pr\u00e9via de ocupa\u00e7\u00e3o, divulgada nesta sexta-feira (28) pelo Hot\u00e9isRIO, o sindicato de donos de meios de hospedagem da capital carioca. A mesma pr\u00e9via de 2024 apontava ocupa\u00e7\u00e3o de 80,18%, ou seja, alta de 19,11%.<img data-recalc-dims=\"1\" decoding=\"async\" src=\"https:\/\/i0.wp.com\/agenciabrasil.ebc.com.br\/ebc.png?w=696&#038;ssl=1\" style=\"width:1px; height:1px; display:inline;\"\/><img data-recalc-dims=\"1\" decoding=\"async\" src=\"https:\/\/i0.wp.com\/agenciabrasil.ebc.com.br\/ebc.gif?w=696&#038;ssl=1\" style=\"width:1px; height:1px; display:inline;\"\/><\/p>\n<p>A pesquisa se refere ao per\u00edodo entre o s\u00e1bado\u00a0(1\u00ba) e a ter\u00e7a-feira de carnaval (4). <strong>De acordo com o presidente do Hot\u00e9isRIO, a explica\u00e7\u00e3o do aumento entre 2024 e 2025 <a href=\"https:\/\/agenciabrasil.ebc.com.br\/geral\/noticia\/2025-01\/pre-carnaval-de-dois-meses-pode-aumentar-faturamento-de-setores\" rel=\"noopener\">passa pelo fato de o carnaval acontecer somente em mar\u00e7o<\/a>, o que atrai mais visitantes \u00e0 cidade.\u00a0<\/strong><\/p>\n<p><strong>O levantamento aponta que a regi\u00e3o da cidade mais procurada \u00e9 o Centro<\/strong>, onde acontecem os <a href=\"https:\/\/agenciabrasil.ebc.com.br\/geral\/noticia\/2025-02\/desfiles-no-sambodromo-comecam-nesta-sexta-feira\" rel=\"noopener\">desfiles das escolas de samba<\/a> e se apresentam in\u00fameros blocos de rua.\u00a0Logo em seguida aparecem bairros da zona sul e da Barra da Tijuca, na zona oeste, onde as praias dividem a aten\u00e7\u00e3o com blocos de rua.<\/p>\n<p><strong>Confira o \u00edndice de ocupa\u00e7\u00e3o nos principais blocos do Rio:\u00a0<\/strong><\/p>\n<ul>\n<li>Centro (97,51%)<\/li>\n<li>Flamengo\/Botafogo (96,83%)<\/li>\n<li>Leme\/Copacabana (96,48%)<\/li>\n<li>Ipanema\/Leblon (95,05%)<\/li>\n<li>S\u00e3o Conrado\/Barra da Tijuca (93,60%)<\/li>\n<\/ul>\n<h2>Chave da cidade<\/h2>\n<p>Na manh\u00e3 desta sexta-feira foi realizada a cerim\u00f4nia simb\u00f3lica que marca a abertura oficial do carnaval carioca. <strong>O prefeito do Rio de Janeiro, Eduardo Paes, entregou a chave da cidade ao Rei Momo, Kaio Mackenzie.\u00a0<\/strong><\/p>\n<blockquote>\n<p>\u201cO povo merece, precisa e quer o carnaval\u201d, disse o Rei Momo.<\/p>\n<\/blockquote>\n<p>O evento foi no Pal\u00e1cio da Cidade, sede da prefeitura. A bateria da Unidos do Viradouro, atual escola de samba campe\u00e3 do carnaval, animou a cerim\u00f4nia.<\/p>\n<p>\u00a0<\/p>\n<div class=\"dnd-widget-wrapper context-cheio_8colunas type-image atom-align-center\">\n<div class=\"dnd-atom-rendered\"><!-- scald=316487:cheio_8colunas {\"additionalClasses\":\"\"} --><br \/>\n            <img data-recalc-dims=\"1\" decoding=\"async\" src=\"https:\/\/i0.wp.com\/imagens.ebc.com.br\/kHovwiHKwvBNtCWGvyS1ghiw5Lc%3D\/754x0\/smart\/https%3A\/\/agenciabrasil.ebc.com.br\/sites\/default\/files\/thumbnails\/image\/_dsc2367_0.jpg?w=696&#038;ssl=1\" alt=\"Rio de Janeiro (RJ), 17\/02\/2023 \u2013 O Rei Momo, Djferson Mendes da Silva recebe as chaves da cidade das m\u00e3os do prefeito, Eduardo Paes, no Pal\u00e1cio da Cidade. Foto Tomaz Silva\/Ag\u00eancia Brasil\" title=\"Tomaz Silva\/Ag\u00eancia Brasil\"\/><br \/>\n        <img data-recalc-dims=\"1\" decoding=\"async\" src=\"https:\/\/i0.wp.com\/imagens.ebc.com.br\/kHovwiHKwvBNtCWGvyS1ghiw5Lc%3D\/754x0\/smart\/https%3A\/\/agenciabrasil.ebc.com.br\/sites\/default\/files\/thumbnails\/image\/_dsc2367_0.jpg?w=696&#038;ssl=1\" alt=\"Rio de Janeiro (RJ), 17\/02\/2023 \u2013 O Rei Momo, Djferson Mendes da Silva recebe as chaves da cidade das m\u00e3os do prefeito, Eduardo Paes, no Pal\u00e1cio da Cidade. Foto Tomaz Silva\/Ag\u00eancia Brasil\" title=\"Tomaz Silva\/Ag\u00eancia Brasil\"\/><br \/>\n    <!-- END scald=316487 --><\/div>\n<p><h6 class=\"meta\"><!--copyright=316487--><em>Rio de Janeiro (RJ), 17\/02\/2023 \u2013 O Rei Momo, Djferson Mendes da Silva recebe as chaves da cidade das m\u00e3os do prefeito, Eduardo Paes, no Pal\u00e1cio da Cidade. Foto Tomaz Silva\/Ag\u00eancia Brasil &#8211; <strong>Tomaz Silva\/Ag\u00eancia Brasil<\/strong><\/em><!--END copyright=316487--><\/h6>\n<\/p>\n<\/div>\n<h2>Movimenta\u00e7\u00e3o na economia<\/h2>\n<p><strong>De acordo com a prefeitura do Rio, o carnaval movimentar\u00e1 R$ 5,7 bilh\u00f5es na cidade. <\/strong>A estimativa foi elaborada pela Secretaria municipal de Desenvolvimento Econ\u00f4mico, pelo \u00f3rg\u00e3o municipal Instituto Funda\u00e7\u00e3o Jo\u00e3o Goulart e pela Riotur, empresa p\u00fablica que promove o turismo na cidade.<\/p>\n<p>S\u00e3o esperados 8 milh\u00f5es de foli\u00f5es &#8211; entre cariocas e visitantes &#8211; nos diversos eventos carnavalescos, como blocos, bailes populares e desfiles. A grande maioria (6 milh\u00f5es), nos blocos de rua. Contando o pr\u00e9-carnaval e o s\u00e1bado posterior \u00e0 festa (8), a cidade tem 457 apresenta\u00e7\u00f5es de blocos autorizadas.<\/p>\n<p><strong>Em todo o pa\u00eds, de acordo com a Confedera\u00e7\u00e3o Nacional do Com\u00e9rcio de Bens, Servi\u00e7os e Turismo (CNC), o <a href=\"https:\/\/agenciabrasil.ebc.com.br\/economia\/noticia\/2025-02\/comercio-espera-receita-de-r-12-bilhoes-no-turismo-durante-o-carnaval\" rel=\"noopener\">carnaval deve movimentar R$ 12,03 bilh\u00f5es<\/a><\/strong> em receitas no pa\u00eds, um aumento de 2,1% em rela\u00e7\u00e3o ao mesmo per\u00edodo do ano passado, j\u00e1 descontada a infla\u00e7\u00e3o.\u00a0<\/p>\n<p>      <!-- Relacionada --><\/p>\n<p>            <!-- Relacionada -->\n    <\/div>\n<p><br \/>\n<br \/><a href=\"https:\/\/agenciabrasil.ebc.com.br\/economia\/noticia\/2025-02\/ocupacao-de-hoteis-para-o-carnaval-no-rio-de-janeiro-supera-95\" rel=\"noopener\">Ag\u00eancia Brasil<\/a><\/p>\n","protected":false},"excerpt":{"rendered":"<p>A ocupa\u00e7\u00e3o de hot\u00e9is na cidade do Rio de Janeiro durante o carnaval alcan\u00e7ou 95,51% dos leitos. \u00c9 o que mostra a terceira e \u00faltima pr\u00e9via de ocupa\u00e7\u00e3o, divulgada nesta sexta-feira (28) pelo Hot\u00e9isRIO, o sindicato de donos de meios de hospedagem da capital carioca. A mesma pr\u00e9via de 2024 apontava ocupa\u00e7\u00e3o de 80,18%, ou [&hellip;]<\/p>\n","protected":false},"author":1,"featured_media":25396,"comment_status":"open","ping_status":"open","sticky":false,"template":"","format":"standard","meta":{"_jetpack_newsletter_access":"","_jetpack_dont_email_post_to_subs":false,"_jetpack_newsletter_tier_id":0,"_jetpack_memberships_contains_paywalled_content":false,"_mbp_banners":[],"_jetpack_feature_clip_id":0,"_jetpack_memberships_contains_paid_content":false,"footnotes":"","jetpack_publicize_message":"","jetpack_publicize_feature_enabled":true,"jetpack_social_post_already_shared":true,"jetpack_social_options":{"image_generator_settings":{"template":"highway","default_image_id":0,"font":"","enabled":false},"version":2},"jetpack_post_was_ever_published":false},"categories":[24],"tags":[],"class_list":["post-25395","post","type-post","status-publish","format-standard","has-post-thumbnail","category-economia"],"jetpack_publicize_connections":[],"jetpack-related-posts":[],"jetpack_shortlink":"https:\/\/wp.me\/p7Eq1F-6BB","jetpack_sharing_enabled":true,"jetpack_featured_media_url":"https:\/\/i0.wp.com\/guialimeira.com.br\/news\/wp-content\/uploads\/2025\/02\/dsc3780.jpg?fit=1600%2C800&ssl=1","_links":{"self":[{"href":"https:\/\/guialimeira.com.br\/news\/wp-json\/wp\/v2\/posts\/25395","targetHints":{"allow":["GET"]}}],"collection":[{"href":"https:\/\/guialimeira.com.br\/news\/wp-json\/wp\/v2\/posts"}],"about":[{"href":"https:\/\/guialimeira.com.br\/news\/wp-json\/wp\/v2\/types\/post"}],"author":[{"embeddable":true,"href":"https:\/\/guialimeira.com.br\/news\/wp-json\/wp\/v2\/users\/1"}],"replies":[{"embeddable":true,"href":"https:\/\/guialimeira.com.br\/news\/wp-json\/wp\/v2\/comments?post=25395"}],"version-history":[{"count":0,"href":"https:\/\/guialimeira.com.br\/news\/wp-json\/wp\/v2\/posts\/25395\/revisions"}],"wp:featuredmedia":[{"embeddable":true,"href":"https:\/\/guialimeira.com.br\/news\/wp-json\/wp\/v2\/media\/25396"}],"wp:attachment":[{"href":"https:\/\/guialimeira.com.br\/news\/wp-json\/wp\/v2\/media?parent=25395"}],"wp:term":[{"taxonomy":"category","embeddable":true,"href":"https:\/\/guialimeira.com.br\/news\/wp-json\/wp\/v2\/categories?post=25395"},{"taxonomy":"post_tag","embeddable":true,"href":"https:\/\/guialimeira.com.br\/news\/wp-json\/wp\/v2\/tags?post=25395"}],"curies":[{"name":"wp","href":"https:\/\/api.w.org\/{rel}","templated":true}]}}