{"id":25378,"date":"2025-02-28T20:48:28","date_gmt":"2025-02-28T23:48:28","guid":{"rendered":"https:\/\/guialimeira.com.br\/?p=25378"},"modified":"2025-02-28T20:48:29","modified_gmt":"2025-02-28T23:48:29","slug":"deficit-de-material-pedagogico-nas-escolas-municipais-vereadora-mara-isa-mattos-silveira-cobra-esclarecimentos-a-prefeitura","status":"publish","type":"post","link":"https:\/\/guialimeira.com.br\/news\/deficit-de-material-pedagogico-nas-escolas-municipais-vereadora-mara-isa-mattos-silveira-cobra-esclarecimentos-a-prefeitura\/","title":{"rendered":"D\u00e9ficit de material pedag\u00f3gico nas escolas municipais: Vereadora Mara Isa Mattos Silveira cobra esclarecimentos a Prefeitura"},"content":{"rendered":"\n<p class=\"wp-block-paragraph\">A qualidade da educa\u00e7\u00e3o p\u00fablica depende de diversos fatores, e um dos mais essenciais \u00e9 o fornecimento adequado de <strong>material pedag\u00f3gico<\/strong> para os alunos. Diante de relatos sobre a <strong>falta de livros did\u00e1ticos na rede municipal de ensino<\/strong>, a <strong>vereadora Mara Isa Mattos Silveira (PL)<\/strong> apresentou um requerimento ao <strong>Poder Executivo<\/strong>, solicitando esclarecimentos sobre essa situa\u00e7\u00e3o.<\/p>\n\n\n\n<h2 class=\"wp-block-heading\"><strong>O que o requerimento questiona?<\/strong><\/h2>\n\n\n\n<p class=\"wp-block-paragraph\">A parlamentar busca respostas para quest\u00f5es fundamentais sobre a distribui\u00e7\u00e3o de <strong>material pedag\u00f3gico<\/strong> em 2025, especialmente os livros escolares. As perguntas direcionadas \u00e0 <strong>Administra\u00e7\u00e3o Municipal<\/strong> incluem:<\/p>\n\n\n\n<p class=\"wp-block-paragraph\">\ud83d\udcda <strong>Existe um d\u00e9ficit na quantidade de livros distribu\u00eddos nas escolas municipais?<\/strong><br>\ud83d\udcda <strong>Se sim, todas as escolas foram afetadas igualmente ou em propor\u00e7\u00f5es diferentes?<\/strong><br>\ud83d\udcda <strong>Quantos livros est\u00e3o faltando em cada unidade escolar e de quais disciplinas?<\/strong><br>\ud83d\udcda <strong>Quando a Secretaria Municipal de Educa\u00e7\u00e3o pretende resolver essa quest\u00e3o?<\/strong><\/p>\n\n\n\n<h2 class=\"wp-block-heading\"><strong>Por que essa solicita\u00e7\u00e3o \u00e9 importante?<\/strong><\/h2>\n\n\n\n<p class=\"wp-block-paragraph\">A educa\u00e7\u00e3o de qualidade come\u00e7a com o acesso a <strong>materiais adequados para estudo<\/strong>. Sem livros did\u00e1ticos suficientes, os alunos podem enfrentar dificuldades no aprendizado, prejudicando seu desenvolvimento escolar. Al\u00e9m disso, os professores acabam sobrecarregados, pois precisam buscar <strong>alternativas para repassar o conte\u00fado<\/strong> sem o suporte adequado.<\/p>\n\n\n\n<p class=\"wp-block-paragraph\">A legisla\u00e7\u00e3o educacional determina que <strong>todo estudante tem direito ao material did\u00e1tico completo<\/strong>, garantindo um ensino equitativo. Por isso, a vereadora Mara Isa Mattos Silveira refor\u00e7a que essa situa\u00e7\u00e3o <strong>precisa ser esclarecida e solucionada o quanto antes<\/strong>.<\/p>\n\n\n\n<h2 class=\"wp-block-heading\"><strong>Pr\u00f3ximos passos<\/strong><\/h2>\n\n\n\n<p class=\"wp-block-paragraph\">Ap\u00f3s o envio do requerimento, a expectativa \u00e9 que o <strong>Poder Executivo<\/strong> forne\u00e7a um relat\u00f3rio detalhado sobre o problema e um prazo para a normaliza\u00e7\u00e3o da distribui\u00e7\u00e3o dos materiais.<\/p>\n\n\n\n<p class=\"wp-block-paragraph\">A <strong>vereadora Mara Isa Mattos Silveira (PL)<\/strong> segue atenta ao caso e reafirma seu compromisso com a <strong>qualidade da educa\u00e7\u00e3o p\u00fablica<\/strong> em Limeira.<\/p>\n\n\n\n<p class=\"wp-block-paragraph\">\ud83d\udce2 <strong>Voc\u00ea tem filhos na rede municipal e percebeu falta de material did\u00e1tico? Compartilhe sua experi\u00eancia nos coment\u00e1rios!<\/strong><\/p>\n","protected":false},"excerpt":{"rendered":"<p>A qualidade da educa\u00e7\u00e3o p\u00fablica depende de diversos fatores, e um dos mais essenciais \u00e9 o fornecimento adequado de material pedag\u00f3gico para os alunos. Diante de relatos sobre a falta de livros did\u00e1ticos na rede municipal de ensino, a vereadora Mara Isa Mattos Silveira (PL) apresentou um requerimento ao Poder Executivo, solicitando esclarecimentos sobre essa [&hellip;]<\/p>\n","protected":false},"author":1,"featured_media":25380,"comment_status":"open","ping_status":"open","sticky":false,"template":"","format":"standard","meta":{"_jetpack_newsletter_access":"","_jetpack_dont_email_post_to_subs":false,"_jetpack_newsletter_tier_id":0,"_jetpack_memberships_contains_paywalled_content":false,"_mbp_banners":[],"_jetpack_feature_clip_id":0,"_jetpack_memberships_contains_paid_content":false,"footnotes":"","jetpack_publicize_message":"","jetpack_publicize_feature_enabled":true,"jetpack_social_post_already_shared":true,"jetpack_social_options":{"image_generator_settings":{"template":"highway","default_image_id":0,"font":"","enabled":false},"version":2},"jetpack_post_was_ever_published":false},"categories":[16,19],"tags":[],"class_list":["post-25378","post","type-post","status-publish","format-standard","has-post-thumbnail","category-local","category-politica"],"jetpack_publicize_connections":[],"jetpack-related-posts":[],"jetpack_shortlink":"https:\/\/wp.me\/p7Eq1F-6Bk","jetpack_sharing_enabled":true,"jetpack_featured_media_url":"https:\/\/i0.wp.com\/guialimeira.com.br\/news\/wp-content\/uploads\/2025\/02\/d9591421-6adb-4219-92b2-4929e48e36ed.jpeg?fit=1173%2C803&ssl=1","_links":{"self":[{"href":"https:\/\/guialimeira.com.br\/news\/wp-json\/wp\/v2\/posts\/25378","targetHints":{"allow":["GET"]}}],"collection":[{"href":"https:\/\/guialimeira.com.br\/news\/wp-json\/wp\/v2\/posts"}],"about":[{"href":"https:\/\/guialimeira.com.br\/news\/wp-json\/wp\/v2\/types\/post"}],"author":[{"embeddable":true,"href":"https:\/\/guialimeira.com.br\/news\/wp-json\/wp\/v2\/users\/1"}],"replies":[{"embeddable":true,"href":"https:\/\/guialimeira.com.br\/news\/wp-json\/wp\/v2\/comments?post=25378"}],"version-history":[{"count":1,"href":"https:\/\/guialimeira.com.br\/news\/wp-json\/wp\/v2\/posts\/25378\/revisions"}],"predecessor-version":[{"id":25381,"href":"https:\/\/guialimeira.com.br\/news\/wp-json\/wp\/v2\/posts\/25378\/revisions\/25381"}],"wp:featuredmedia":[{"embeddable":true,"href":"https:\/\/guialimeira.com.br\/news\/wp-json\/wp\/v2\/media\/25380"}],"wp:attachment":[{"href":"https:\/\/guialimeira.com.br\/news\/wp-json\/wp\/v2\/media?parent=25378"}],"wp:term":[{"taxonomy":"category","embeddable":true,"href":"https:\/\/guialimeira.com.br\/news\/wp-json\/wp\/v2\/categories?post=25378"},{"taxonomy":"post_tag","embeddable":true,"href":"https:\/\/guialimeira.com.br\/news\/wp-json\/wp\/v2\/tags?post=25378"}],"curies":[{"name":"wp","href":"https:\/\/api.w.org\/{rel}","templated":true}]}}