{"id":25370,"date":"2025-02-28T20:14:50","date_gmt":"2025-02-28T23:14:50","guid":{"rendered":"https:\/\/guialimeira.com.br\/?p=25370"},"modified":"2025-02-28T20:14:53","modified_gmt":"2025-02-28T23:14:53","slug":"seguranca-no-transito-vereadora-mariana-calsa-solicita-dados-sobre-acidentes-no-entorno-da-etec-trajano-camargo","status":"publish","type":"post","link":"https:\/\/guialimeira.com.br\/news\/seguranca-no-transito-vereadora-mariana-calsa-solicita-dados-sobre-acidentes-no-entorno-da-etec-trajano-camargo\/","title":{"rendered":"Seguran\u00e7a no Tr\u00e2nsito: Vereadora Mariana Calsa solicita dados sobre acidentes no entorno da ETEC Trajano Camargo"},"content":{"rendered":"\n<p class=\"wp-block-paragraph\">A seguran\u00e7a no tr\u00e2nsito \u00e9 uma preocupa\u00e7\u00e3o constante, especialmente em \u00e1reas com grande circula\u00e7\u00e3o de pedestres e ve\u00edculos. Pensando nisso, a <strong>vereadora Mariana Calsa<\/strong> solicitou ao <strong>Poder Executivo<\/strong> um levantamento detalhado sobre o fluxo de <strong>acidentes de tr\u00e2nsito<\/strong> ocorridos no entorno da <strong>ETEC Trajano Camargo<\/strong>, em Limeira.<\/p>\n\n\n\n<p class=\"wp-block-paragraph\">O pedido encaminhado ao prefeito municipal busca informa\u00e7\u00f5es sobre os <strong>acidentes causados por autom\u00f3veis<\/strong> no \u00faltimo ano, especificamente nas seguintes vias:<\/p>\n\n\n\n<p class=\"wp-block-paragraph\">\ud83d\udccd <strong>Rua Capit\u00e3o Flam\u00ednio<\/strong><br>\ud83d\udccd <strong>Rua Sargento Pierrotti<\/strong><br>\ud83d\udccd <strong>Rua Tenente Beliz\u00e1rio<\/strong><br>\ud83d\udccd <strong>Rua Humait\u00e1<\/strong><br>\ud83d\udccd <strong>Rua Senador Vergueiro<\/strong><br>\ud83d\udccd <strong>Rua Santa Cruz<\/strong><br>\ud83d\udccd <strong>Rua Alferes Franco<\/strong><\/p>\n\n\n\n<p class=\"wp-block-paragraph\">Essas ruas comp\u00f5em o entorno da <strong>ETEC Trajano Camargo<\/strong>, uma regi\u00e3o movimentada por <strong>estudantes, professores, comerciantes e moradores<\/strong>.<\/p>\n\n\n\n<p class=\"wp-block-paragraph\">\ud83d\udcca <strong>Planejamento de pol\u00edticas p\u00fablicas<\/strong>: Com um relat\u00f3rio detalhado sobre o fluxo de acidentes, ser\u00e1 poss\u00edvel propor <strong>medidas efetivas para reduzir riscos<\/strong> no tr\u00e2nsito.<\/p>\n\n\n\n<p class=\"wp-block-paragraph\">\ud83d\udea6 <strong>Melhoria da sinaliza\u00e7\u00e3o<\/strong>: A identifica\u00e7\u00e3o dos pontos mais cr\u00edticos pode levar \u00e0 instala\u00e7\u00e3o de <strong>novas placas, sem\u00e1foros e redutores de velocidade<\/strong>.<\/p>\n\n\n\n<p class=\"wp-block-paragraph\">\ud83d\udc6e <strong>Refor\u00e7o na fiscaliza\u00e7\u00e3o<\/strong>: Com os dados em m\u00e3os, os \u00f3rg\u00e3os respons\u00e1veis poder\u00e3o intensificar a presen\u00e7a de agentes de tr\u00e2nsito e campanhas de <strong>conscientiza\u00e7\u00e3o<\/strong>.<\/p>\n\n\n\n<p class=\"wp-block-paragraph\">\ud83c\udfeb <strong>Seguran\u00e7a para estudantes e moradores<\/strong>: A regi\u00e3o abriga n\u00e3o apenas a <strong>ETEC Trajano Camargo<\/strong>, mas tamb\u00e9m diversos <strong>com\u00e9rcios e resid\u00eancias<\/strong>, tornando essencial a ado\u00e7\u00e3o de medidas que <strong>protejam pedestres e motoristas<\/strong>. <strong>Quais os pr\u00f3ximos passos?<\/strong><\/p>\n\n\n\n<p class=\"wp-block-paragraph\">Ap\u00f3s a solicita\u00e7\u00e3o, cabe ao <strong>Poder Executivo<\/strong> fornecer as informa\u00e7\u00f5es \u00e0 <strong>C\u00e2mara Municipal<\/strong> para an\u00e1lise. Com base nesses dados, poder\u00e3o ser debatidas e sugeridas <strong>solu\u00e7\u00f5es concretas para aumentar a seguran\u00e7a vi\u00e1ria<\/strong> no local.<\/p>\n\n\n\n<p class=\"wp-block-paragraph\">A <strong>vereadora Mariana Silva Calsa<\/strong> destaca que esse levantamento <strong>\u00e9 um primeiro passo para a\u00e7\u00f5es mais efetivas no tr\u00e2nsito da cidade<\/strong> e refor\u00e7a seu compromisso com a seguran\u00e7a dos limeirenses.<\/p>\n\n\n\n<p class=\"wp-block-paragraph\">\ud83d\udce2 <strong>Voc\u00ea j\u00e1 presenciou problemas de tr\u00e2nsito nessa regi\u00e3o? Deixe sua opini\u00e3o nos coment\u00e1rios!<\/strong><\/p>\n","protected":false},"excerpt":{"rendered":"<p>A seguran\u00e7a no tr\u00e2nsito \u00e9 uma preocupa\u00e7\u00e3o constante, especialmente em \u00e1reas com grande circula\u00e7\u00e3o de pedestres e ve\u00edculos. Pensando nisso, a vereadora Mariana Calsa solicitou ao Poder Executivo um levantamento detalhado sobre o fluxo de acidentes de tr\u00e2nsito ocorridos no entorno da ETEC Trajano Camargo, em Limeira. O pedido encaminhado ao prefeito municipal busca informa\u00e7\u00f5es [&hellip;]<\/p>\n","protected":false},"author":1,"featured_media":25371,"comment_status":"open","ping_status":"open","sticky":false,"template":"","format":"standard","meta":{"_jetpack_newsletter_access":"","_jetpack_dont_email_post_to_subs":false,"_jetpack_newsletter_tier_id":0,"_jetpack_memberships_contains_paywalled_content":false,"_mbp_banners":[],"_jetpack_feature_clip_id":0,"_jetpack_memberships_contains_paid_content":false,"footnotes":"","jetpack_publicize_message":"","jetpack_publicize_feature_enabled":true,"jetpack_social_post_already_shared":true,"jetpack_social_options":{"image_generator_settings":{"template":"highway","default_image_id":0,"font":"","enabled":false},"version":2},"jetpack_post_was_ever_published":false},"categories":[16,19],"tags":[],"class_list":["post-25370","post","type-post","status-publish","format-standard","has-post-thumbnail","category-local","category-politica"],"jetpack_publicize_connections":[],"jetpack-related-posts":[],"jetpack_shortlink":"https:\/\/wp.me\/p7Eq1F-6Bc","jetpack_sharing_enabled":true,"jetpack_featured_media_url":"https:\/\/i0.wp.com\/guialimeira.com.br\/news\/wp-content\/uploads\/2025\/02\/images-2.jpeg?fit=359%2C140&ssl=1","_links":{"self":[{"href":"https:\/\/guialimeira.com.br\/news\/wp-json\/wp\/v2\/posts\/25370","targetHints":{"allow":["GET"]}}],"collection":[{"href":"https:\/\/guialimeira.com.br\/news\/wp-json\/wp\/v2\/posts"}],"about":[{"href":"https:\/\/guialimeira.com.br\/news\/wp-json\/wp\/v2\/types\/post"}],"author":[{"embeddable":true,"href":"https:\/\/guialimeira.com.br\/news\/wp-json\/wp\/v2\/users\/1"}],"replies":[{"embeddable":true,"href":"https:\/\/guialimeira.com.br\/news\/wp-json\/wp\/v2\/comments?post=25370"}],"version-history":[{"count":1,"href":"https:\/\/guialimeira.com.br\/news\/wp-json\/wp\/v2\/posts\/25370\/revisions"}],"predecessor-version":[{"id":25376,"href":"https:\/\/guialimeira.com.br\/news\/wp-json\/wp\/v2\/posts\/25370\/revisions\/25376"}],"wp:featuredmedia":[{"embeddable":true,"href":"https:\/\/guialimeira.com.br\/news\/wp-json\/wp\/v2\/media\/25371"}],"wp:attachment":[{"href":"https:\/\/guialimeira.com.br\/news\/wp-json\/wp\/v2\/media?parent=25370"}],"wp:term":[{"taxonomy":"category","embeddable":true,"href":"https:\/\/guialimeira.com.br\/news\/wp-json\/wp\/v2\/categories?post=25370"},{"taxonomy":"post_tag","embeddable":true,"href":"https:\/\/guialimeira.com.br\/news\/wp-json\/wp\/v2\/tags?post=25370"}],"curies":[{"name":"wp","href":"https:\/\/api.w.org\/{rel}","templated":true}]}}