{"id":25368,"date":"2025-02-28T19:18:54","date_gmt":"2025-02-28T22:18:54","guid":{"rendered":"https:\/\/guialimeira.com.br\/2025\/02\/28\/conta-de-energia-eletrica-permanecera-sem-cobranca-extra-em-marco\/"},"modified":"2025-02-28T19:18:54","modified_gmt":"2025-02-28T22:18:54","slug":"conta-de-energia-eletrica-permanecera-sem-cobranca-extra-em-marco","status":"publish","type":"post","link":"https:\/\/guialimeira.com.br\/news\/conta-de-energia-eletrica-permanecera-sem-cobranca-extra-em-marco\/","title":{"rendered":"Conta de energia el\u00e9trica permanecer\u00e1 sem cobran\u00e7a extra em mar\u00e7o"},"content":{"rendered":"<p> <br \/>\n<\/p>\n<div>\n<p><strong>A Ag\u00eancia Nacional de Energia El\u00e9trica (Aneel) decidiu manter a bandeira tarif\u00e1ria verde em mar\u00e7o, o que significa que n\u00e3o haver\u00e1 cobran\u00e7a adicional nas contas de energia. <\/strong>Segundo a ag\u00eancia, a medida reflete as condi\u00e7\u00f5es favor\u00e1veis de gera\u00e7\u00e3o de energia no pa\u00eds.<img data-recalc-dims=\"1\" decoding=\"async\" src=\"https:\/\/i0.wp.com\/agenciabrasil.ebc.com.br\/ebc.png?w=696&#038;ssl=1\" style=\"width:1px; height:1px; display:inline;\"\/><img data-recalc-dims=\"1\" decoding=\"async\" src=\"https:\/\/i0.wp.com\/agenciabrasil.ebc.com.br\/ebc.gif?w=696&#038;ssl=1\" style=\"width:1px; height:1px; display:inline;\"\/><\/p>\n<p>A <a href=\"http:\/\/agenciabrasil.ebc.com.br\/economia\/noticia\/2025-01\/consumidor-continuara-sem-cobranca-extra-na-conta-de-luz-em-fevereiro\" rel=\"noopener\">bandeira tarif\u00e1ria permanece verde<\/a> desde dezembro de 2024.\u00a0<\/p>\n<blockquote>\n<p>\u201cCom o per\u00edodo chuvoso, os n\u00edveis dos reservat\u00f3rios melhoraram, assim como as condi\u00e7\u00f5es de gera\u00e7\u00e3o das usinas hidrel\u00e9tricas. Dessa forma, o acionamento de usinas termel\u00e9tricas, que possuem energia mais cara, torna-se menos necess\u00e1rio\u201d, explica a Aneel.\u00a0<\/p>\n<\/blockquote>\n<h2>Bandeiras tarif\u00e1rias<\/h2>\n<p><strong>Criado em 2015 pela Aneel, o sistema de bandeiras tarif\u00e1rias reflete os custos vari\u00e1veis da gera\u00e7\u00e3o de energia el\u00e9trica.<\/strong> Divididas em n\u00edveis, as bandeiras indicam quanto est\u00e1 custando para o Sistema Interligado Nacional gerar a energia usada nas casas, em estabelecimentos comerciais e nas ind\u00fastrias.\u00a0<\/p>\n<p>Quando a conta de luz \u00e9 calculada pela bandeira verde, n\u00e3o h\u00e1 nenhum acr\u00e9scimo. Quando s\u00e3o aplicadas as bandeiras vermelha ou amarela, a conta sofre acr\u00e9scimos a cada 100 quilowatts-hora (kWh) consumidos.<\/p>\n<p>      <!-- Relacionada --><\/p>\n<p>            <!-- Relacionada -->\n    <\/div>\n<p><br \/>\n<br \/><a href=\"https:\/\/agenciabrasil.ebc.com.br\/economia\/noticia\/2025-02\/conta-de-energia-eletrica-permanecera-sem-cobranca-extra-em-marco\" rel=\"noopener\">Ag\u00eancia Brasil<\/a><\/p>\n","protected":false},"excerpt":{"rendered":"<p>A Ag\u00eancia Nacional de Energia El\u00e9trica (Aneel) decidiu manter a bandeira tarif\u00e1ria verde em mar\u00e7o, o que significa que n\u00e3o haver\u00e1 cobran\u00e7a adicional nas contas de energia. Segundo a ag\u00eancia, a medida reflete as condi\u00e7\u00f5es favor\u00e1veis de gera\u00e7\u00e3o de energia no pa\u00eds. A bandeira tarif\u00e1ria permanece verde desde dezembro de 2024.\u00a0 \u201cCom o per\u00edodo chuvoso, [&hellip;]<\/p>\n","protected":false},"author":1,"featured_media":25369,"comment_status":"open","ping_status":"open","sticky":false,"template":"","format":"standard","meta":{"_jetpack_newsletter_access":"","_jetpack_dont_email_post_to_subs":false,"_jetpack_newsletter_tier_id":0,"_jetpack_memberships_contains_paywalled_content":false,"_mbp_banners":[],"_jetpack_feature_clip_id":0,"_jetpack_memberships_contains_paid_content":false,"footnotes":"","jetpack_publicize_message":"","jetpack_publicize_feature_enabled":true,"jetpack_social_post_already_shared":true,"jetpack_social_options":{"image_generator_settings":{"template":"highway","default_image_id":0,"font":"","enabled":false},"version":2},"jetpack_post_was_ever_published":false},"categories":[24],"tags":[],"class_list":["post-25368","post","type-post","status-publish","format-standard","has-post-thumbnail","category-economia"],"jetpack_publicize_connections":[],"jetpack-related-posts":[],"jetpack_shortlink":"https:\/\/wp.me\/p7Eq1F-6Ba","jetpack_sharing_enabled":true,"jetpack_featured_media_url":"https:\/\/i0.wp.com\/guialimeira.com.br\/news\/wp-content\/uploads\/2025\/02\/conta_de_energia_mcajr_abr2907221111.jpg?fit=1600%2C800&ssl=1","_links":{"self":[{"href":"https:\/\/guialimeira.com.br\/news\/wp-json\/wp\/v2\/posts\/25368","targetHints":{"allow":["GET"]}}],"collection":[{"href":"https:\/\/guialimeira.com.br\/news\/wp-json\/wp\/v2\/posts"}],"about":[{"href":"https:\/\/guialimeira.com.br\/news\/wp-json\/wp\/v2\/types\/post"}],"author":[{"embeddable":true,"href":"https:\/\/guialimeira.com.br\/news\/wp-json\/wp\/v2\/users\/1"}],"replies":[{"embeddable":true,"href":"https:\/\/guialimeira.com.br\/news\/wp-json\/wp\/v2\/comments?post=25368"}],"version-history":[{"count":0,"href":"https:\/\/guialimeira.com.br\/news\/wp-json\/wp\/v2\/posts\/25368\/revisions"}],"wp:featuredmedia":[{"embeddable":true,"href":"https:\/\/guialimeira.com.br\/news\/wp-json\/wp\/v2\/media\/25369"}],"wp:attachment":[{"href":"https:\/\/guialimeira.com.br\/news\/wp-json\/wp\/v2\/media?parent=25368"}],"wp:term":[{"taxonomy":"category","embeddable":true,"href":"https:\/\/guialimeira.com.br\/news\/wp-json\/wp\/v2\/categories?post=25368"},{"taxonomy":"post_tag","embeddable":true,"href":"https:\/\/guialimeira.com.br\/news\/wp-json\/wp\/v2\/tags?post=25368"}],"curies":[{"name":"wp","href":"https:\/\/api.w.org\/{rel}","templated":true}]}}