{"id":25362,"date":"2025-02-28T18:17:47","date_gmt":"2025-02-28T21:17:47","guid":{"rendered":"https:\/\/guialimeira.com.br\/2025\/02\/28\/governo-publica-medida-provisoria-que-autoriza-saque-do-fgts\/"},"modified":"2025-02-28T18:17:47","modified_gmt":"2025-02-28T21:17:47","slug":"governo-publica-medida-provisoria-que-autoriza-saque-do-fgts","status":"publish","type":"post","link":"https:\/\/guialimeira.com.br\/news\/governo-publica-medida-provisoria-que-autoriza-saque-do-fgts\/","title":{"rendered":"Governo publica medida provis\u00f3ria que autoriza saque do FGTS"},"content":{"rendered":"<p> <br \/>\n<\/p>\n<div>\n<p>O governo publicou nesta sexta-feira (28), em edi\u00e7\u00e3o extra do Di\u00e1rio Oficial da Uni\u00e3o, a <a href=\"https:\/\/www.in.gov.br\/web\/dou\/-\/medida-provisoria-n-1.290-de-28-de-fevereiro-de-2025-615734004\" target=\"_blank\" rel=\"noopener\">Medida Provis\u00f3ria 1.290<\/a>, que <strong>autoriza a movimenta\u00e7\u00e3o da conta vinculada do Fundo de Garantia do Tempo de Servi\u00e7o (FGTS) pelos trabalhadores que aderiram ao saque-anivers\u00e1rio e foram demitidos sem justa causa.\u00a0<\/strong><img data-recalc-dims=\"1\" decoding=\"async\" src=\"https:\/\/i0.wp.com\/agenciabrasil.ebc.com.br\/ebc.png?w=696&#038;ssl=1\" style=\"width:1px; height:1px; display:inline;\"\/><img data-recalc-dims=\"1\" decoding=\"async\" src=\"https:\/\/i0.wp.com\/agenciabrasil.ebc.com.br\/ebc.gif?w=696&#038;ssl=1\" style=\"width:1px; height:1px; display:inline;\"\/><\/p>\n<p>De acordo com o governo, a<strong> <a href=\"http:\/\/agenciabrasil.ebc.com.br\/economia\/noticia\/2025-02\/governo-vai-liberar-saldo-do-fgts-quem-optou-por-saque-aniversario\" target=\"_blank\" rel=\"noopener\">medida beneficiar\u00e1 12,1 milh\u00f5es de trabalhadores<\/a> dispensados desde janeiro de 2020 at\u00e9 hoje<\/strong>, data da publica\u00e7\u00e3o da MP,\u00a0e injetar\u00e1 R$ 12 bilh\u00f5es na economia.\u00a0<\/p>\n<p>De acordo com a medida provis\u00f3ria, assinada pelo presidente Luiz In\u00e1cio Lula da Silva e pelo ministro do Trabalho e Emprego, Luiz Marinho, o pagamento ser\u00e1 feito da seguinte forma:\u00a0<\/p>\n<h2>Saque de at\u00e9 R$ 3 mil do saldo dispon\u00edvel:\u00a0<\/h2>\n<ul>\n<li>\n<p>em 6 de mar\u00e7o, para os trabalhadores com conta banc\u00e1ria previamente cadastrada para recebimento de recursos do FGTS;<\/p>\n<\/li>\n<li>\n<p>conforme calend\u00e1rio a ser divulgado pela Caixa Econ\u00f4mica Federal para os trabalhadores sem conta banc\u00e1ria previamente cadastrada para recebimento de recursos do FGTS;<\/p>\n<\/li>\n<\/ul>\n<h2>Valores remanescentes do saldo dispon\u00edvel:<\/h2>\n<p>O <strong>trabalhador demitido desde 2020 que aderiu ao saque-anivers\u00e1rio n\u00e3o ter\u00e1 de sair da modalidade para sacar o saldo retido<\/strong>\u00a0<strong>no FGTS.<\/strong><\/p>\n<p>A partir de amanh\u00e3 (1\u00ba de mar\u00e7o). aqueles que aderirem ao saque-anivers\u00e1rio e forem demitidos ter\u00e3o seus saldos <a href=\"http:\/\/agenciabrasil.ebc.com.br\/economia\/noticia\/2025-02\/saque-aniversario-futuros-demitidos-continuam-com-fgts-bloqueado\" target=\"_blank\" rel=\"noopener\">bloqueados novamente<\/a>, podendo sacar apenas a multa rescis\u00f3ria.<\/p>\n<p>      <!-- Relacionada --><\/p>\n<p>            <!-- Relacionada -->\n    <\/div>\n<p><br \/>\n<br \/><a href=\"https:\/\/agenciabrasil.ebc.com.br\/economia\/noticia\/2025-02\/governo-publica-medida-provisoria-que-autoriza-saque-do-fgts\" rel=\"noopener\">Ag\u00eancia Brasil<\/a><\/p>\n","protected":false},"excerpt":{"rendered":"<p>O governo publicou nesta sexta-feira (28), em edi\u00e7\u00e3o extra do Di\u00e1rio Oficial da Uni\u00e3o, a Medida Provis\u00f3ria 1.290, que autoriza a movimenta\u00e7\u00e3o da conta vinculada do Fundo de Garantia do Tempo de Servi\u00e7o (FGTS) pelos trabalhadores que aderiram ao saque-anivers\u00e1rio e foram demitidos sem justa causa.\u00a0 De acordo com o governo, a medida beneficiar\u00e1 12,1 [&hellip;]<\/p>\n","protected":false},"author":1,"featured_media":13275,"comment_status":"open","ping_status":"open","sticky":false,"template":"","format":"standard","meta":{"_jetpack_newsletter_access":"","_jetpack_dont_email_post_to_subs":false,"_jetpack_newsletter_tier_id":0,"_jetpack_memberships_contains_paywalled_content":false,"_mbp_banners":[],"_jetpack_feature_clip_id":0,"_jetpack_memberships_contains_paid_content":false,"footnotes":"","jetpack_publicize_message":"","jetpack_publicize_feature_enabled":true,"jetpack_social_post_already_shared":true,"jetpack_social_options":{"image_generator_settings":{"template":"highway","default_image_id":0,"font":"","enabled":false},"version":2},"jetpack_post_was_ever_published":false},"categories":[24],"tags":[],"class_list":["post-25362","post","type-post","status-publish","format-standard","has-post-thumbnail","category-economia"],"jetpack_publicize_connections":[],"jetpack-related-posts":[],"jetpack_shortlink":"https:\/\/wp.me\/p7Eq1F-6B4","jetpack_sharing_enabled":true,"jetpack_featured_media_url":"https:\/\/i0.wp.com\/guialimeira.com.br\/news\/wp-content\/uploads\/2024\/08\/mg_8465.jpg?fit=1600%2C800&ssl=1","_links":{"self":[{"href":"https:\/\/guialimeira.com.br\/news\/wp-json\/wp\/v2\/posts\/25362","targetHints":{"allow":["GET"]}}],"collection":[{"href":"https:\/\/guialimeira.com.br\/news\/wp-json\/wp\/v2\/posts"}],"about":[{"href":"https:\/\/guialimeira.com.br\/news\/wp-json\/wp\/v2\/types\/post"}],"author":[{"embeddable":true,"href":"https:\/\/guialimeira.com.br\/news\/wp-json\/wp\/v2\/users\/1"}],"replies":[{"embeddable":true,"href":"https:\/\/guialimeira.com.br\/news\/wp-json\/wp\/v2\/comments?post=25362"}],"version-history":[{"count":0,"href":"https:\/\/guialimeira.com.br\/news\/wp-json\/wp\/v2\/posts\/25362\/revisions"}],"wp:featuredmedia":[{"embeddable":true,"href":"https:\/\/guialimeira.com.br\/news\/wp-json\/wp\/v2\/media\/13275"}],"wp:attachment":[{"href":"https:\/\/guialimeira.com.br\/news\/wp-json\/wp\/v2\/media?parent=25362"}],"wp:term":[{"taxonomy":"category","embeddable":true,"href":"https:\/\/guialimeira.com.br\/news\/wp-json\/wp\/v2\/categories?post=25362"},{"taxonomy":"post_tag","embeddable":true,"href":"https:\/\/guialimeira.com.br\/news\/wp-json\/wp\/v2\/tags?post=25362"}],"curies":[{"name":"wp","href":"https:\/\/api.w.org\/{rel}","templated":true}]}}