{"id":25341,"date":"2025-02-28T16:15:56","date_gmt":"2025-02-28T19:15:56","guid":{"rendered":"https:\/\/guialimeira.com.br\/2025\/02\/28\/anac-autoriza-nova-companhia-aerea-a-operar-no-brasil\/"},"modified":"2025-02-28T16:15:56","modified_gmt":"2025-02-28T19:15:56","slug":"anac-autoriza-nova-companhia-aerea-a-operar-no-brasil","status":"publish","type":"post","link":"https:\/\/guialimeira.com.br\/news\/anac-autoriza-nova-companhia-aerea-a-operar-no-brasil\/","title":{"rendered":"Anac autoriza nova companhia a\u00e9rea a operar no Brasil"},"content":{"rendered":"<p> <br \/>\n<\/p>\n<div>\n<p><strong>Uma nova companhia a\u00e9rea promete come\u00e7ar a operar no Brasil at\u00e9 o fim de mar\u00e7o pr\u00f3ximo.<\/strong> A Avion Express Brasil, subsidi\u00e1ria da empresa de mesmo nome pertencente ao grupo irland\u00eas <em>Avia Solutions<\/em>, recebeu, nesta sexta-feira (28), <a href=\"https:\/\/www.in.gov.br\/en\/web\/dou\/-\/portaria-n-16.474\/spo-de-27-de-fevereiro-de-2025-615357625\" target=\"_blank\" rel=\"noopener\">autoriza\u00e7\u00e3o<\/a> da Ag\u00eancia Nacional de Avia\u00e7\u00e3o Civil (Anac) para oferecer um modelo operacional in\u00e9dito no pa\u00eds: a presta\u00e7\u00e3o de servi\u00e7os para outras companhias do setor.<img data-recalc-dims=\"1\" decoding=\"async\" src=\"https:\/\/i0.wp.com\/agenciabrasil.ebc.com.br\/ebc.png?w=696&#038;ssl=1\" style=\"width:1px; height:1px; display:inline;\"\/><img data-recalc-dims=\"1\" decoding=\"async\" src=\"https:\/\/i0.wp.com\/agenciabrasil.ebc.com.br\/ebc.gif?w=696&#038;ssl=1\" style=\"width:1px; height:1px; display:inline;\"\/><\/p>\n<p>O servi\u00e7o que a controladora da <em>Avion Express Brasil<\/em> \u00a0oferece em outros pa\u00edses \u00e9 conhecido pela sigla <em>ACMI <\/em>(do ingl\u00eas, aeronave, tripula\u00e7\u00e3o, manuten\u00e7\u00e3o e seguro). Neste formato, a empresa contratada arrenda a outras companhias &#8211; por um per\u00edodo pr\u00e9-determinado &#8211; n\u00e3o s\u00f3 aeronaves, mas tamb\u00e9m pilotos e comiss\u00e1rios, al\u00e9m de responder pela manuten\u00e7\u00e3o dos avi\u00f5es e pagamento de seguros. A contratante, por sua vez, se encarrega da comercializa\u00e7\u00e3o das passagens e arca com os custos operacionais, como combust\u00edvel, taxas aeroportu\u00e1rias e outras tarifas.<\/p>\n<p><strong>\u201cEsse modelo de neg\u00f3cio possibilita otimizar a capacidade das companhias a\u00e9reas, permitindo que [estas] ampliem suas opera\u00e7\u00f5es temporariamente em per\u00edodos de alta demanda, como f\u00e9rias e eventos especiais, al\u00e9m de garantir a continuidade do servi\u00e7o em casos de indisponibilidade de aeronaves\u201d, <a href=\"https:\/\/www.gov.br\/anac\/pt-br\/noticias\/2025\/anac-certifica-nova-empresa-aerea-com-proposta-inovadora-no-brasil\" target=\"_blank\" rel=\"noopener\">explicou a Anac, em nota<\/a>.<\/strong><\/p>\n<p><a href=\"https:\/\/avionexpress.aero\/press\/avion-express-brasil-obtained-aoc\" target=\"_blank\" rel=\"noopener\">Tamb\u00e9m em nota<\/a>, a <em>Avion Express<\/em> celebrou a obten\u00e7\u00e3o do Certificado de Operador A\u00e9reo (COA) &#8211; documento que comprova que, ap\u00f3s se submeter ao processo de certifica\u00e7\u00e3o da ag\u00eancia reguladora, a empresa recebeu autoriza\u00e7\u00e3o para operar em territ\u00f3rio brasileiro.<\/p>\n<p><strong>\u201cCom a aprova\u00e7\u00e3o do certificado, j\u00e1 em vigor, a <em>Avion Express Brasil<\/em> est\u00e1 pronta para iniciar as opera\u00e7\u00f5es comerciais no primeiro trimestre de 2025, implantando at\u00e9 dez aeronaves da fam\u00edlia <em>Airbus A320<\/em> at\u00e9 o final do ano\u201d, informou a controladora da subsidi\u00e1ria brasileira, revelando ter planos para chegar a 25 aeronaves at\u00e9 2028.<\/strong><\/p>\n<h2>Opera\u00e7\u00e3o<\/h2>\n<p><strong>Ainda de acordo com a <em>Avion Express<\/em>, o in\u00edcio da opera\u00e7\u00e3o brasileira \u201crepresenta um passo significativo para as solu\u00e7\u00f5es de ACMI\u201d na Am\u00e9rica Latina, regi\u00e3o que o grupo reconhece como \u201cum mercado chave em crescimento\u201d e com muito potencial\u201d.<\/strong> Raz\u00e3o pela qual, recentemente, a <em>Avion Express<\/em> estabeleceu parcerias no M\u00e9xico e na Argentina.<\/p>\n<p>\u201cCom o setor de avia\u00e7\u00e3o experimentando mudan\u00e7as c\u00edclicas de demanda, nossas solu\u00e7\u00f5es [em ACMI] fornecer\u00e3o \u00e0s companhias a\u00e9reas brasileiras a flexibilidade de que precisam para otimizar suas opera\u00e7\u00f5es. Estamos confiantes de que nossos servi\u00e7os ajudar\u00e3o a preencher as lacunas de capacidade, mantendo os mais altos padr\u00f5es de efici\u00eancia e confiabilidade\u201d, comentou, na mesma nota, o executivo-chefe Darius Kajokas.<\/p>\n<p>Desde meados do ano passado, a subsidi\u00e1ria brasileira da <em>Avion Express<\/em> \u00e9 comandada pelo engenheiro argentino Esteban Jauregui Lorda, que j\u00e1 atuou na colombiana <em>Avianca<\/em>; na brasileira Gol e na Aerol\u00edneas Argentinas, onde come\u00e7ou sua carreira no setor. A sede da companhia fica em Indaiatuba, no estado de S\u00e3o Paulo.<\/p>\n<p>      <!-- Relacionada --><\/p>\n<p>            <!-- Relacionada -->\n    <\/div>\n<p><br \/>\n<br \/><a href=\"https:\/\/agenciabrasil.ebc.com.br\/economia\/noticia\/2025-02\/anac-autoriza-nova-companhia-aerea-operar-no-brasil\" rel=\"noopener\">Ag\u00eancia Brasil<\/a><\/p>\n","protected":false},"excerpt":{"rendered":"<p>Uma nova companhia a\u00e9rea promete come\u00e7ar a operar no Brasil at\u00e9 o fim de mar\u00e7o pr\u00f3ximo. A Avion Express Brasil, subsidi\u00e1ria da empresa de mesmo nome pertencente ao grupo irland\u00eas Avia Solutions, recebeu, nesta sexta-feira (28), autoriza\u00e7\u00e3o da Ag\u00eancia Nacional de Avia\u00e7\u00e3o Civil (Anac) para oferecer um modelo operacional in\u00e9dito no pa\u00eds: a presta\u00e7\u00e3o de [&hellip;]<\/p>\n","protected":false},"author":1,"featured_media":25342,"comment_status":"open","ping_status":"open","sticky":false,"template":"","format":"standard","meta":{"_jetpack_newsletter_access":"","_jetpack_dont_email_post_to_subs":false,"_jetpack_newsletter_tier_id":0,"_jetpack_memberships_contains_paywalled_content":false,"_mbp_banners":[],"_jetpack_feature_clip_id":0,"_jetpack_memberships_contains_paid_content":false,"footnotes":"","jetpack_publicize_message":"","jetpack_publicize_feature_enabled":true,"jetpack_social_post_already_shared":true,"jetpack_social_options":{"image_generator_settings":{"template":"highway","default_image_id":0,"font":"","enabled":false},"version":2},"jetpack_post_was_ever_published":false},"categories":[24],"tags":[],"class_list":["post-25341","post","type-post","status-publish","format-standard","has-post-thumbnail","category-economia"],"jetpack_publicize_connections":[],"jetpack-related-posts":[],"jetpack_shortlink":"https:\/\/wp.me\/p7Eq1F-6AJ","jetpack_sharing_enabled":true,"jetpack_featured_media_url":"https:\/\/i0.wp.com\/guialimeira.com.br\/news\/wp-content\/uploads\/2025\/02\/aviao_da_latam_bairro_de_jabaquara_rvrsa_abr_221020214302.jpg?fit=1600%2C800&ssl=1","_links":{"self":[{"href":"https:\/\/guialimeira.com.br\/news\/wp-json\/wp\/v2\/posts\/25341","targetHints":{"allow":["GET"]}}],"collection":[{"href":"https:\/\/guialimeira.com.br\/news\/wp-json\/wp\/v2\/posts"}],"about":[{"href":"https:\/\/guialimeira.com.br\/news\/wp-json\/wp\/v2\/types\/post"}],"author":[{"embeddable":true,"href":"https:\/\/guialimeira.com.br\/news\/wp-json\/wp\/v2\/users\/1"}],"replies":[{"embeddable":true,"href":"https:\/\/guialimeira.com.br\/news\/wp-json\/wp\/v2\/comments?post=25341"}],"version-history":[{"count":0,"href":"https:\/\/guialimeira.com.br\/news\/wp-json\/wp\/v2\/posts\/25341\/revisions"}],"wp:featuredmedia":[{"embeddable":true,"href":"https:\/\/guialimeira.com.br\/news\/wp-json\/wp\/v2\/media\/25342"}],"wp:attachment":[{"href":"https:\/\/guialimeira.com.br\/news\/wp-json\/wp\/v2\/media?parent=25341"}],"wp:term":[{"taxonomy":"category","embeddable":true,"href":"https:\/\/guialimeira.com.br\/news\/wp-json\/wp\/v2\/categories?post=25341"},{"taxonomy":"post_tag","embeddable":true,"href":"https:\/\/guialimeira.com.br\/news\/wp-json\/wp\/v2\/tags?post=25341"}],"curies":[{"name":"wp","href":"https:\/\/api.w.org\/{rel}","templated":true}]}}