{"id":25339,"date":"2025-02-28T16:14:46","date_gmt":"2025-02-28T19:14:46","guid":{"rendered":"https:\/\/guialimeira.com.br\/2025\/02\/28\/dilma-recebe-alta-do-hospital-e-retoma-presidencia-do-banco-do-brics\/"},"modified":"2025-02-28T16:14:46","modified_gmt":"2025-02-28T19:14:46","slug":"dilma-recebe-alta-do-hospital-e-retoma-presidencia-do-banco-do-brics","status":"publish","type":"post","link":"https:\/\/guialimeira.com.br\/news\/dilma-recebe-alta-do-hospital-e-retoma-presidencia-do-banco-do-brics\/","title":{"rendered":"Dilma recebe alta do hospital e retoma presid\u00eancia do banco do Brics"},"content":{"rendered":"<p> <br \/>\n<\/p>\n<div>\n<p>A ex-presidenta Dilma Rousseff recebeu alta hospitalar nesta quinta-feira (27)\u00a0ap\u00f3s ser internada devido a uma inflama\u00e7\u00e3o no nervo do labirinto, patologia chamada\u00a0neurite vestibular. <strong>Segundo a assessoria de imprensa de Dilma,\u00a0ela j\u00e1 retomou o trabalho normalmente na sede do banco do Brics, em Xangai, na China.<\/strong><img data-recalc-dims=\"1\" decoding=\"async\" src=\"https:\/\/i0.wp.com\/agenciabrasil.ebc.com.br\/ebc.png?w=696&#038;ssl=1\" style=\"width:1px; height:1px; display:inline;\"\/><img data-recalc-dims=\"1\" decoding=\"async\" src=\"https:\/\/i0.wp.com\/agenciabrasil.ebc.com.br\/ebc.gif?w=696&#038;ssl=1\" style=\"width:1px; height:1px; display:inline;\"\/><\/p>\n<p>A <strong>ex-presidenta do Brasil foi internada no dia 21 de fevereiro<\/strong>, no Shanghai East International Medical Center, tendo reagido bem ao tratamento. A condi\u00e7\u00e3o\u00a0que acometeu Dilma n\u00e3o oferece risco \u00e0 vida, apesar de causar extremo desconforto, segundo <a href=\"https:\/\/agenciabrasil.ebc.com.br\/saude\/noticia\/2025-02\/neurite-vestibular-entenda-causa-de-internacao-de-dilma-rousseff\u00a0\u00a0\" target=\"_blank\" rel=\"noopener\">especialistas consultados<\/a> pela <strong>Ag\u00eancia Brasil<\/strong>.\u00a0<\/p>\n<p>&#8220;Hoje\u00a0a gente fala que o labirinto \u00e9 um sexto sentido, porque ele \u00e9 um sensor de movimento, ele percebe a acelera\u00e7\u00e3o da cabe\u00e7a.\u00a0Associado \u00e0 vis\u00e3o e ao tato, ele faz parte de um sistema maior, que \u00e9 o equil\u00edbrio&#8221;, informou a otoneurologista do Instituto Paranaense de Otorrinolaringologia, Lisandra Arima.<\/p>\n<p><strong><a href=\"https:\/\/agenciabrasil.ebc.com.br\/economia\/noticia\/2023-03\/dilma-rousseff-e-eleita-presidente-do-banco-do-brics\" target=\"_blank\" rel=\"noopener\">Dilma Rousseff preside o Novo Banco de Desenvolvimento (NBD), o banco do Brics<\/a><\/strong>, desde abril de 2023, onde atua com projetos de financiamento para pa\u00edses membros do bloco. Atualmente, o banco tem cerca de 100 projetos que somam aproximadamente US$ 33 bilh\u00f5es.\u00a0<\/p>\n<p><strong>Em outubro de 2024, o presidente russo, Vladmir Putin, ofereceu \u00e0 Dilma mais um <a href=\"https:\/\/agenciabrasil.ebc.com.br\/internacional\/noticia\/2024-10\/putin-oferece-ao-brasil-novo-mandato-no-banco-dos-brics-com-dilma\" target=\"_blank\" rel=\"noopener\">mandato de cinco anos<\/a> \u00e0 frente da institui\u00e7\u00e3o financeira.<\/strong> Isso porque era a vez da R\u00fassia de indicar o pr\u00f3ximo chefe do banco. O novo mandato s\u00f3 come\u00e7a em julho de 2025.\u00a0<\/p>\n<p>      <!-- Relacionada --><\/p>\n<p>            <!-- Relacionada -->\n    <\/div>\n<p><br \/>\n<br \/><a href=\"https:\/\/agenciabrasil.ebc.com.br\/internacional\/noticia\/2025-02\/dilma-recebe-alta-do-hospital-e-retoma-presidencia-do-banco-do-brics\" rel=\"noopener\">Ag\u00eancia Brasil <\/a><\/p>\n","protected":false},"excerpt":{"rendered":"<p>A ex-presidenta Dilma Rousseff recebeu alta hospitalar nesta quinta-feira (27)\u00a0ap\u00f3s ser internada devido a uma inflama\u00e7\u00e3o no nervo do labirinto, patologia chamada\u00a0neurite vestibular. Segundo a assessoria de imprensa de Dilma,\u00a0ela j\u00e1 retomou o trabalho normalmente na sede do banco do Brics, em Xangai, na China. A ex-presidenta do Brasil foi internada no dia 21 de [&hellip;]<\/p>\n","protected":false},"author":1,"featured_media":25340,"comment_status":"open","ping_status":"open","sticky":false,"template":"","format":"standard","meta":{"_jetpack_newsletter_access":"","_jetpack_dont_email_post_to_subs":false,"_jetpack_newsletter_tier_id":0,"_jetpack_memberships_contains_paywalled_content":false,"_mbp_banners":[],"_jetpack_feature_clip_id":0,"_jetpack_memberships_contains_paid_content":false,"footnotes":"","jetpack_publicize_message":"","jetpack_publicize_feature_enabled":true,"jetpack_social_post_already_shared":true,"jetpack_social_options":{"image_generator_settings":{"template":"highway","default_image_id":0,"font":"","enabled":false},"version":2},"jetpack_post_was_ever_published":false},"categories":[25],"tags":[],"class_list":["post-25339","post","type-post","status-publish","format-standard","has-post-thumbnail","category-internacional"],"jetpack_publicize_connections":[],"jetpack-related-posts":[],"jetpack_shortlink":"https:\/\/wp.me\/p7Eq1F-6AH","jetpack_sharing_enabled":true,"jetpack_featured_media_url":"https:\/\/i0.wp.com\/guialimeira.com.br\/news\/wp-content\/uploads\/2025\/02\/1006567-16032016dsc_2684-.jpg?fit=1600%2C800&ssl=1","_links":{"self":[{"href":"https:\/\/guialimeira.com.br\/news\/wp-json\/wp\/v2\/posts\/25339","targetHints":{"allow":["GET"]}}],"collection":[{"href":"https:\/\/guialimeira.com.br\/news\/wp-json\/wp\/v2\/posts"}],"about":[{"href":"https:\/\/guialimeira.com.br\/news\/wp-json\/wp\/v2\/types\/post"}],"author":[{"embeddable":true,"href":"https:\/\/guialimeira.com.br\/news\/wp-json\/wp\/v2\/users\/1"}],"replies":[{"embeddable":true,"href":"https:\/\/guialimeira.com.br\/news\/wp-json\/wp\/v2\/comments?post=25339"}],"version-history":[{"count":0,"href":"https:\/\/guialimeira.com.br\/news\/wp-json\/wp\/v2\/posts\/25339\/revisions"}],"wp:featuredmedia":[{"embeddable":true,"href":"https:\/\/guialimeira.com.br\/news\/wp-json\/wp\/v2\/media\/25340"}],"wp:attachment":[{"href":"https:\/\/guialimeira.com.br\/news\/wp-json\/wp\/v2\/media?parent=25339"}],"wp:term":[{"taxonomy":"category","embeddable":true,"href":"https:\/\/guialimeira.com.br\/news\/wp-json\/wp\/v2\/categories?post=25339"},{"taxonomy":"post_tag","embeddable":true,"href":"https:\/\/guialimeira.com.br\/news\/wp-json\/wp\/v2\/tags?post=25339"}],"curies":[{"name":"wp","href":"https:\/\/api.w.org\/{rel}","templated":true}]}}