{"id":25336,"date":"2025-02-28T15:59:51","date_gmt":"2025-02-28T18:59:51","guid":{"rendered":"https:\/\/guialimeira.com.br\/?p=25336"},"modified":"2025-02-28T15:59:51","modified_gmt":"2025-02-28T18:59:51","slug":"lula-nomeia-gleisi-hoffmann-para-comandar-articulacao-politica","status":"publish","type":"post","link":"https:\/\/guialimeira.com.br\/news\/lula-nomeia-gleisi-hoffmann-para-comandar-articulacao-politica\/","title":{"rendered":"Lula nomeia Gleisi Hoffmann para comandar articula\u00e7\u00e3o pol\u00edtica"},"content":{"rendered":"\n<figure class=\"wp-block-gallery has-nested-images columns-default is-cropped wp-block-gallery-1 is-layout-flex wp-block-gallery-is-layout-flex\">\n<figure class=\"wp-block-image size-large\"><\/figure>\n\t\t\t\t\t\n<figure class=\"wp-block-image size-large\"><img loading=\"lazy\" decoding=\"async\" width=\"1\" height=\"1\" data-attachment-id=\"25335\" data-permalink=\"https:\/\/guialimeira.com.br\/news\/lula-nomeia-gleisi-hoffmann-para-comandar-articulacao-politica-2\/\" data-orig-file=\"https:\/\/i0.wp.com\/guialimeira.com.br\/news\/wp-content\/uploads\/2025\/02\/1740769187_327_ebc.gif?fit=1%2C1&amp;ssl=1\" data-orig-size=\"1,1\" data-comments-opened=\"1\" data-image-meta=\"{&quot;aperture&quot;:&quot;0&quot;,&quot;credit&quot;:&quot;&quot;,&quot;camera&quot;:&quot;&quot;,&quot;caption&quot;:&quot;&quot;,&quot;created_timestamp&quot;:&quot;0&quot;,&quot;copyright&quot;:&quot;&quot;,&quot;focal_length&quot;:&quot;0&quot;,&quot;iso&quot;:&quot;0&quot;,&quot;shutter_speed&quot;:&quot;0&quot;,&quot;title&quot;:&quot;&quot;,&quot;orientation&quot;:&quot;0&quot;}\" data-image-title=\"Lula nomeia Gleisi Hoffmann para comandar articula\u00e7\u00e3o pol\u00edtica\" data-image-description=\"\" data-image-caption=\"\" data-large-file=\"https:\/\/i0.wp.com\/guialimeira.com.br\/news\/wp-content\/uploads\/2025\/02\/1740769187_327_ebc.gif?fit=1%2C1&amp;ssl=1\" data-id=\"25335\" src=\"https:\/\/i0.wp.com\/guialimeira.com.br\/wp-content\/uploads\/2025\/02\/1740769187_327_ebc.gif?resize=1%2C1&amp;ssl=1\" alt=\"\" class=\"wp-image-25335\" \/><\/figure>\n\t\t\t\t\t<\/figure>\n \r\n<br><div>\n                    <p>O<strong> presidente Luiz In\u00e1cio Lula da Silva escolheu a deputada federal e presidenta do Partido dos Trabalhadores (PT), Gleisi Hoffmann, para assumir a Secretaria de Rela\u00e7\u00f5es Institucionais da Presid\u00eancia da Rep\u00fablica,<\/strong> pasta respons\u00e1vel pela articula\u00e7\u00e3o pol\u00edtica do governo. A posse da nova ministra est\u00e1 marcada para o dia 10 de mar\u00e7o.<img data-recalc-dims=\"1\" decoding=\"async\" src=\"https:\/\/i0.wp.com\/guialimeira.com.br\/wp-content\/uploads\/2025\/02\/1740769187_132_ebc.png?w=696&#038;ssl=1\" style=\"width:1px;height:1px\" \/><img data-recalc-dims=\"1\" decoding=\"async\" src=\"https:\/\/i0.wp.com\/guialimeira.com.br\/wp-content\/uploads\/2025\/02\/1740769187_327_ebc.gif?w=696&#038;ssl=1\" style=\"width:1px;height:1px\" \/><\/p>\n\n<p>Lula e Gleisi estiveram reunidos na manh\u00e3 desta sexta-feira (28) e a indica\u00e7\u00e3o foi confirmada pelo Pal\u00e1cio do Planalto, em nota. <strong><a href=\"https:\/\/agenciabrasil.ebc.com.br\/politica\/noticia\/2025-02\/lula-decide-substituir-nisia-por-padilha-no-ministerio-da-saude\" target=\"_blank\" rel=\"noopener\">Ela vai substituir o atual ministro Alexandre Padilha<\/a><\/strong>, rec\u00e9m indicado para comandar o Minist\u00e9rio da Sa\u00fade no lugar de N\u00edsia Trindade.<\/p>\n\n<p>O <a href=\"https:\/\/x.com\/LulaOficial\/status\/1895516732640674016\" target=\"_blank\">presidente tamb\u00e9m se manifestou<\/a> em publica\u00e7\u00e3o nas redes sociais e desejou um \u201cbom trabalho\u201d \u00e0 nova ministra.<\/p>\n\n<p>Tamb\u00e9m pelas redes sociais, Gleisi agradeceu a \u201cconfian\u00e7a e o est\u00edmulo\u201d do presidente Lula. \u201cSempre entendi que o exerc\u00edcio da pol\u00edtica \u00e9 o caminho para avan\u00e7armos no desenvolvimento do pa\u00eds e melhorar a vida do nosso povo. \u00c9 com este sentido que seguirei dialogando democraticamente com os partidos, governantes e lideran\u00e7as pol\u00edticas\u201d, escreveu.<\/p>\n\n<h2>Congresso Nacional<\/h2>\n\n<p>Em nota, o presidente do Senado, Davi Alcolumbre, afirmou que foi comunicado por Lula da mudan\u00e7a e desejou sucesso \u00e0 nova ministra.<\/p>\n\n<blockquote>\n<p>\u201cDesejo muito sucesso nessa importante miss\u00e3o de dialogar com o Parlamento. Em nome do Congresso Nacional, reafirmo nosso compromisso em trabalhar sempre em defesa do Brasil\u201d.<\/p>\n<\/blockquote>\n\n<p>Lula tamb\u00e9m telefonou para o presidente da C\u00e2mara, Hugo Motta. Tamb\u00e9m em nota, o parlamentar lembrou da sua boa rela\u00e7\u00e3o com Gleisi e tamb\u00e9m lhe desejou sucesso.<\/p>\n\n<blockquote>\n<p>\u201cRecebi liga\u00e7\u00e3o do Presidente Lula comunicando a indica\u00e7\u00e3o da deputada Gleisi para o cargo de Ministra das Rela\u00e7\u00f5es Institucionais. Sempre tive boa rela\u00e7\u00e3o com ela no parlamento. Desejo pleno \u00eaxito na nova fun\u00e7\u00e3o e continuaremos o di\u00e1logo permanente a favor do Brasil\u201d.<\/p>\n<\/blockquote>\n\n<p>Nascida em Curitiba (PR), em 6 de setembro de 1965, Gleisi \u00e9 formada em direito e tem especializa\u00e7\u00e3o em Gest\u00e3o de Organiza\u00e7\u00f5es P\u00fablicas e Administra\u00e7\u00e3o Financeira. Iniciou sua trajet\u00f3ria pol\u00edtica no movimento estudantil e, em 1989, filou-se ao PT. Foi secret\u00e1ria no governo de Mato Grosso do Sul e secret\u00e1ria de Gest\u00e3o P\u00fablica na prefeitura de Londrina (PR).<\/p>\n\n<p>Em 2002, no primeiro governo Lula, assumiu a Diretoria Financeira de Itaipu Binacional. Entre 2008 e 2009, presidiu o diret\u00f3rio estadual do PT no Paran\u00e1 e em 2010 foi eleita senadora pelo estado. Em 2011, a ent\u00e3o presidenta Dilma Rousseff convidou-a a assumir a chefia da Casa Civil da Presid\u00eancia da Rep\u00fablica, fun\u00e7\u00e3o que desempenhou at\u00e9 fevereiro de 2014, quando, ent\u00e3o, retornou para sua vaga no Senado Federal.<\/p>\n\n<p>Gleisi foi eleita, em 2017, para a presid\u00eancia nacional do PT e, em 2018, para uma cadeira na C\u00e2mara dos Deputados, pelo Paran\u00e1. Em 2022, foi reeleita como deputada federal.<\/p>\n\n<p><em>*Mat\u00e9ria ampliada para acr\u00e9scimo das manifesta\u00e7\u00f5es de Gleisi Hoffmann, Davi Alcolumbre e Hugo Motta<\/em><\/p>\n\n      <!-- Relacionada -->\n              \n            <!-- Relacionada -->\n    <\/div>\r\n<br>\r\n<br><a href=\"https:\/\/agenciabrasil.ebc.com.br\/politica\/noticia\/2025-02\/lula-nomeia-gleisi-hoffmann-para-comandar-articulacao-politica\" rel=\"noopener\">Ag\u00eancia Brasil<\/a>","protected":false},"excerpt":{"rendered":"<p>O presidente Luiz In\u00e1cio Lula da Silva escolheu a deputada federal e presidenta do Partido dos Trabalhadores (PT), Gleisi Hoffmann, para assumir a Secretaria de Rela\u00e7\u00f5es Institucionais da Presid\u00eancia da Rep\u00fablica, pasta respons\u00e1vel pela articula\u00e7\u00e3o pol\u00edtica do governo. A posse da nova ministra est\u00e1 marcada para o dia 10 de mar\u00e7o. Lula e Gleisi estiveram [&hellip;]<\/p>\n","protected":false},"author":1,"featured_media":25337,"comment_status":"open","ping_status":"open","sticky":false,"template":"","format":"standard","meta":{"_jetpack_newsletter_access":"","_jetpack_dont_email_post_to_subs":false,"_jetpack_newsletter_tier_id":0,"_jetpack_memberships_contains_paywalled_content":false,"_mbp_banners":[],"_jetpack_feature_clip_id":0,"_jetpack_memberships_contains_paid_content":false,"footnotes":"","jetpack_publicize_message":"","jetpack_publicize_feature_enabled":true,"jetpack_social_post_already_shared":true,"jetpack_social_options":{"image_generator_settings":{"template":"highway","default_image_id":0,"font":"","enabled":false},"version":2},"jetpack_post_was_ever_published":false},"categories":[19],"tags":[],"class_list":["post-25336","post","type-post","status-publish","format-standard","has-post-thumbnail","category-politica"],"jetpack_publicize_connections":[],"jetpack-related-posts":[],"jetpack_shortlink":"https:\/\/wp.me\/p7Eq1F-6AE","jetpack_sharing_enabled":true,"jetpack_featured_media_url":"https:\/\/i0.wp.com\/guialimeira.com.br\/news\/wp-content\/uploads\/2025\/02\/Lula-nomeia-Gleisi-Hoffmann-para-comandar-articulacao-politica.jpg?fit=1600%2C800&ssl=1","_links":{"self":[{"href":"https:\/\/guialimeira.com.br\/news\/wp-json\/wp\/v2\/posts\/25336","targetHints":{"allow":["GET"]}}],"collection":[{"href":"https:\/\/guialimeira.com.br\/news\/wp-json\/wp\/v2\/posts"}],"about":[{"href":"https:\/\/guialimeira.com.br\/news\/wp-json\/wp\/v2\/types\/post"}],"author":[{"embeddable":true,"href":"https:\/\/guialimeira.com.br\/news\/wp-json\/wp\/v2\/users\/1"}],"replies":[{"embeddable":true,"href":"https:\/\/guialimeira.com.br\/news\/wp-json\/wp\/v2\/comments?post=25336"}],"version-history":[{"count":1,"href":"https:\/\/guialimeira.com.br\/news\/wp-json\/wp\/v2\/posts\/25336\/revisions"}],"predecessor-version":[{"id":25338,"href":"https:\/\/guialimeira.com.br\/news\/wp-json\/wp\/v2\/posts\/25336\/revisions\/25338"}],"wp:featuredmedia":[{"embeddable":true,"href":"https:\/\/guialimeira.com.br\/news\/wp-json\/wp\/v2\/media\/25337"}],"wp:attachment":[{"href":"https:\/\/guialimeira.com.br\/news\/wp-json\/wp\/v2\/media?parent=25336"}],"wp:term":[{"taxonomy":"category","embeddable":true,"href":"https:\/\/guialimeira.com.br\/news\/wp-json\/wp\/v2\/categories?post=25336"},{"taxonomy":"post_tag","embeddable":true,"href":"https:\/\/guialimeira.com.br\/news\/wp-json\/wp\/v2\/tags?post=25336"}],"curies":[{"name":"wp","href":"https:\/\/api.w.org\/{rel}","templated":true}]}}