{"id":25329,"date":"2025-02-28T15:56:26","date_gmt":"2025-02-28T18:56:26","guid":{"rendered":"https:\/\/guialimeira.com.br\/?p=25329"},"modified":"2025-02-28T16:04:30","modified_gmt":"2025-02-28T19:04:30","slug":"covabra-supermercados-realiza-feirao-da-empregabilidade-em-limeira","status":"publish","type":"post","link":"https:\/\/guialimeira.com.br\/news\/covabra-supermercados-realiza-feirao-da-empregabilidade-em-limeira\/","title":{"rendered":"Covabra Supermercados realiza Feir\u00e3o da Empregabilidade em Limeira"},"content":{"rendered":"\n<p class=\"wp-block-paragraph\">Limeira ser\u00e1 a segunda cidade a receber o Feir\u00e3o da Empregabilidade do Covabra Supermercados em 2025, uma iniciativa voltada para o recrutamento de novos talentos. O evento ser\u00e1 realizado no s\u00e1bado, 08 de mar\u00e7o, das 8h \u00e0s 12h, na unidade do Jardim Aquarius, localizada na Avenida Maria Thereza Silveira De Barros Camargo, 1525.<br>&nbsp;<\/p>\n\n\n\n<p class=\"wp-block-paragraph\">Nesta edi\u00e7\u00e3o, s\u00e3o mais de 40 vagas abertas para contrata\u00e7\u00e3o imediata em cargos como operador de caixa, repositor de loja, balconista de frios, ajudante de dep\u00f3sito, ajudante de padaria, a\u00e7ougueiro, fiscal de loja, empacotador, padeiro, faxineira e repositor FLV (Frutas, Leguminosas e Verduras). Os requisitos variam conforme a fun\u00e7\u00e3o, tendo oportunidades para diferentes perfis, incluindo pessoas sem experi\u00eancia, profissionais 50+ e pessoas com defici\u00eancia.<br>&nbsp;<\/p>\n\n\n\n<p class=\"wp-block-paragraph\">Os interessados \u200b\u200bdevem levar um curr\u00edculo atualizado e preencher uma ficha cadastral no local. Aqueles que se enquadrarem no perfil das vagas ser\u00e3o convocados para entrevistas posteriormente. Os curr\u00edculos n\u00e3o selecionados ser\u00e3o mantidos no banco de talentos para futuras oportunidades. As vagas s\u00e3o destinadas a moradores da cidade.<br>&nbsp;<\/p>\n\n\n\n<p class=\"wp-block-paragraph\">\u201cBuscamos novos talentos para integrar nossa equipe: profissionais comprometidos e que gostem de atendimento ao p\u00fablico. Oferecemos treinamento para capacitar os selecionados de acordo com a fun\u00e7\u00e3o em que atuar\u00e3o\u201d, afirma Fabiana Fuzari, gerente executiva de gest\u00e3o de pessoas do Covabra, que conta com um time de 3,5 mil colaboradores.<\/p>\n\n\n\n<p class=\"wp-block-paragraph\"><strong>Servi\u00e7o:<\/strong><\/p>\n\n\n\n<p class=\"wp-block-paragraph\"><strong>Feir\u00e3o da Empregabilidade do Covabra Supermercados em Limeira<\/strong><\/p>\n\n\n\n<p class=\"wp-block-paragraph\">N\u00famero de vagas: 40 vagas<\/p>\n\n\n\n<p class=\"wp-block-paragraph\">Cargos: operador de caixa, repositor de loja, balconista de frios, ajudante de dep\u00f3sito, ajudante de padaria, a\u00e7ougueiro, fiscal de loja, empacotador, padeiro, faxineira e repositor FLV (Frutas, Legumes e Verduras)<\/p>\n\n\n\n<p class=\"wp-block-paragraph\">Inscri\u00e7\u00e3o: Avenida Maria Thereza Silveira De Barros Camargo, 1525, Jardim Aquarius, Limeira<\/p>\n\n\n\n<p class=\"wp-block-paragraph\">Data: 08\/03\/2025<br>Hor\u00e1rio do feir\u00e3o: 8h \u00e0s 12h<\/p>\n\n\n\n<p class=\"wp-block-paragraph\"><em><strong>Sobre o Covabra<\/strong><\/em><\/p>\n\n\n\n<p class=\"wp-block-paragraph\"><em>Com mais de 35 anos de hist\u00f3ria, a rede de Supermercados Covabra (Comercial Varejista Brasileira Ltda.) foi fundada em Limeira, interior de S\u00e3o Paulo, em 1989. Destacou-se por implantar um novo conceito de supermercado na regi\u00e3o e por ser pioneira no uso de tecnologia com leitores \u00f3pticos em todos os seus caixas, promovendo mais efici\u00eancia e economia para os consumidores.<\/em><\/p>\n\n\n\n<p class=\"wp-block-paragraph\"><em>Desde ent\u00e3o, a marca n\u00e3o parou de investir e evoluir. Em 2017, inaugurou seu primeiro Centro de Distribui\u00e7\u00e3o em Sumar\u00e9 (SP), com 13 mil m\u00b2 de \u00e1rea constru\u00edda, otimizando a log\u00edstica e garantindo um abastecimento ainda mais eficiente para suas lojas.<\/em><\/p>\n\n\n\n<p class=\"wp-block-paragraph\"><em>Comprometida com a seguran\u00e7a alimentar e a sustentabilidade, a rede Covabra tamb\u00e9m passou a adotar pr\u00e1ticas alinhadas ao RAMA (Programa de Rastreabilidade e Monitoramento de Alimentos), criado pela ABRAS (Associa\u00e7\u00e3o Brasileira de Supermercados). O programa garante a rastreabilidade dos alimentos, monitorando aspectos como res\u00edduos de agrot\u00f3xicos e fornecendo informa\u00e7\u00f5es que auxiliam na sele\u00e7\u00e3o consciente de produtores e fornecedores.<\/em><\/p>\n\n\n\n<p class=\"wp-block-paragraph\"><em>Atualmente, a rede Covabra conta com 20 lojas em 11 cidades do interior paulista (Campinas, Capivari, Itatiba, Itupeva, Jundia\u00ed, Leme, Limeira, Pedreira, Pirassununga, Rio Claro e Vinhedo), empregando mais de 3,5 mil funcion\u00e1rios e oferecendo aos clientes uma ampla variedade de produtos, com foco na qualidade, seguran\u00e7a e economia.<\/em><\/p>\n","protected":false},"excerpt":{"rendered":"<p>Limeira ser\u00e1 a segunda cidade a receber o Feir\u00e3o da Empregabilidade do Covabra Supermercados em 2025, uma iniciativa voltada para o recrutamento de novos talentos. O evento ser\u00e1 realizado no s\u00e1bado, 08 de mar\u00e7o, das 8h \u00e0s 12h, na unidade do Jardim Aquarius, localizada na Avenida Maria Thereza Silveira De Barros Camargo, 1525.&nbsp; Nesta edi\u00e7\u00e3o, [&hellip;]<\/p>\n","protected":false},"author":1,"featured_media":25332,"comment_status":"open","ping_status":"open","sticky":false,"template":"","format":"standard","meta":{"_jetpack_newsletter_access":"","_jetpack_dont_email_post_to_subs":false,"_jetpack_newsletter_tier_id":0,"_jetpack_memberships_contains_paywalled_content":false,"_mbp_banners":[],"_jetpack_feature_clip_id":0,"_jetpack_memberships_contains_paid_content":false,"footnotes":"","jetpack_publicize_message":"","jetpack_publicize_feature_enabled":true,"jetpack_social_post_already_shared":true,"jetpack_social_options":{"image_generator_settings":{"template":"highway","default_image_id":0,"font":"","enabled":false},"version":2},"jetpack_post_was_ever_published":false},"categories":[17],"tags":[],"class_list":["post-25329","post","type-post","status-publish","format-standard","has-post-thumbnail","category-empregos"],"jetpack_publicize_connections":[],"jetpack-related-posts":[],"jetpack_shortlink":"https:\/\/wp.me\/p7Eq1F-6Ax","jetpack_sharing_enabled":true,"jetpack_featured_media_url":"https:\/\/i0.wp.com\/guialimeira.com.br\/news\/wp-content\/uploads\/2025\/02\/unnamed.jpg?fit=535%2C381&ssl=1","_links":{"self":[{"href":"https:\/\/guialimeira.com.br\/news\/wp-json\/wp\/v2\/posts\/25329","targetHints":{"allow":["GET"]}}],"collection":[{"href":"https:\/\/guialimeira.com.br\/news\/wp-json\/wp\/v2\/posts"}],"about":[{"href":"https:\/\/guialimeira.com.br\/news\/wp-json\/wp\/v2\/types\/post"}],"author":[{"embeddable":true,"href":"https:\/\/guialimeira.com.br\/news\/wp-json\/wp\/v2\/users\/1"}],"replies":[{"embeddable":true,"href":"https:\/\/guialimeira.com.br\/news\/wp-json\/wp\/v2\/comments?post=25329"}],"version-history":[{"count":1,"href":"https:\/\/guialimeira.com.br\/news\/wp-json\/wp\/v2\/posts\/25329\/revisions"}],"predecessor-version":[{"id":25333,"href":"https:\/\/guialimeira.com.br\/news\/wp-json\/wp\/v2\/posts\/25329\/revisions\/25333"}],"wp:featuredmedia":[{"embeddable":true,"href":"https:\/\/guialimeira.com.br\/news\/wp-json\/wp\/v2\/media\/25332"}],"wp:attachment":[{"href":"https:\/\/guialimeira.com.br\/news\/wp-json\/wp\/v2\/media?parent=25329"}],"wp:term":[{"taxonomy":"category","embeddable":true,"href":"https:\/\/guialimeira.com.br\/news\/wp-json\/wp\/v2\/categories?post=25329"},{"taxonomy":"post_tag","embeddable":true,"href":"https:\/\/guialimeira.com.br\/news\/wp-json\/wp\/v2\/tags?post=25329"}],"curies":[{"name":"wp","href":"https:\/\/api.w.org\/{rel}","templated":true}]}}