{"id":25324,"date":"2025-02-28T15:13:57","date_gmt":"2025-02-28T18:13:57","guid":{"rendered":"https:\/\/guialimeira.com.br\/2025\/02\/28\/mexico-avanca-com-reforma-que-reestatiza-petroleo-e-energia-eletrica\/"},"modified":"2025-02-28T15:13:57","modified_gmt":"2025-02-28T18:13:57","slug":"mexico-avanca-com-reforma-que-reestatiza-petroleo-e-energia-eletrica","status":"publish","type":"post","link":"https:\/\/guialimeira.com.br\/news\/mexico-avanca-com-reforma-que-reestatiza-petroleo-e-energia-eletrica\/","title":{"rendered":"M\u00e9xico avan\u00e7a com reforma que reestatiza petr\u00f3leo e energia el\u00e9trica"},"content":{"rendered":"<p> <br \/>\n<\/p>\n<div>\n<p>O Senado do M\u00e9xico <strong>aprovou, nesta semana, 11 mudan\u00e7as em leis que comp\u00f5em um pacote de reforma energ\u00e9tica para fortalecer o papel do Estado no setor da energia e do petr\u00f3leo<\/strong>, consolidando um processo de reestatiza\u00e7\u00e3o da companhia Petr\u00f3leos Mexicanos (Pemex) e da Comiss\u00e3o Federal de Eletricidade (CFE).<img data-recalc-dims=\"1\" decoding=\"async\" src=\"https:\/\/i0.wp.com\/agenciabrasil.ebc.com.br\/ebc.png?w=696&#038;ssl=1\" style=\"width:1px; height:1px; display:inline;\"\/><img data-recalc-dims=\"1\" decoding=\"async\" src=\"https:\/\/i0.wp.com\/agenciabrasil.ebc.com.br\/ebc.gif?w=696&#038;ssl=1\" style=\"width:1px; height:1px; display:inline;\"\/><\/p>\n<p>A medida, apoiada pelo governo de esquerda de Claudia Sheinbaum, foi <strong>aprovada por 85 votos favor\u00e1veis, 36 contr\u00e1rios e uma absten\u00e7\u00e3o<\/strong>. Agora, o projeto precisa ser aprovado pela C\u00e2mara dos Deputados.<\/p>\n<p>A medida aumenta o controle do Estado sobre o setor energ\u00e9tico, <strong>revertendo a privatiza\u00e7\u00e3o das companhias promovida pelos governos anteriores<\/strong>.\u00a0<\/p>\n<blockquote>\n<p>\u201cHoje termina 30 anos de saque e neoliberalismo\u201d, afirmavam cartazes segurados por senadores do partido governista Morena.<\/p>\n<\/blockquote>\n<p><strong>O processo de reestatiza\u00e7\u00e3o do setor energ\u00e9tico mexicano come\u00e7ou em 2021<\/strong>, ainda no governo de Andr\u00e9s Manuel L\u00f3pez Obrador, do partido Morena, o mesmo da presidente Claudia Sheinbaum.<\/p>\n<p>Em novembro de 2024, a mandat\u00e1ria mexicana anunciou a recupera\u00e7\u00e3o do status de empresa p\u00fablica da Pemex e da CFE, ap\u00f3s aprova\u00e7\u00e3o, pelo Congresso, das primeiras etapas da reforma energ\u00e9tica.<\/p>\n<p>No in\u00edcio de fevereiro, o governo enviou <strong>novo projeto de lei que especifica que a Pemex deve ter participa\u00e7\u00e3o m\u00ednima de 40% em projetos de explora\u00e7\u00e3o e produ\u00e7\u00e3o com o setor privado<\/strong>. Na eletricidade, a reforma determina que a rede da CFE deve produzir, pelo menos, 54% da eletricidade gerada no M\u00e9xico.<\/p>\n<p>      <!-- Relacionada --><\/p>\n<p>            <!-- Relacionada -->\n    <\/div>\n<p><br \/>\n<br \/><a href=\"https:\/\/agenciabrasil.ebc.com.br\/internacional\/noticia\/2025-02\/mexico-avanca-com-reforma-que-reestatiza-petroleo-e-energia-eletrica\" rel=\"noopener\">Ag\u00eancia Brasil <\/a><\/p>\n","protected":false},"excerpt":{"rendered":"<p>O Senado do M\u00e9xico aprovou, nesta semana, 11 mudan\u00e7as em leis que comp\u00f5em um pacote de reforma energ\u00e9tica para fortalecer o papel do Estado no setor da energia e do petr\u00f3leo, consolidando um processo de reestatiza\u00e7\u00e3o da companhia Petr\u00f3leos Mexicanos (Pemex) e da Comiss\u00e3o Federal de Eletricidade (CFE). A medida, apoiada pelo governo de esquerda [&hellip;]<\/p>\n","protected":false},"author":1,"featured_media":13985,"comment_status":"open","ping_status":"open","sticky":false,"template":"","format":"standard","meta":{"_jetpack_newsletter_access":"","_jetpack_dont_email_post_to_subs":false,"_jetpack_newsletter_tier_id":0,"_jetpack_memberships_contains_paywalled_content":false,"_mbp_banners":[],"_jetpack_feature_clip_id":0,"_jetpack_memberships_contains_paid_content":false,"footnotes":"","jetpack_publicize_message":"","jetpack_publicize_feature_enabled":true,"jetpack_social_post_already_shared":true,"jetpack_social_options":{"image_generator_settings":{"template":"highway","default_image_id":0,"font":"","enabled":false},"version":2},"jetpack_post_was_ever_published":false},"categories":[25],"tags":[],"class_list":["post-25324","post","type-post","status-publish","format-standard","has-post-thumbnail","category-internacional"],"jetpack_publicize_connections":[],"jetpack-related-posts":[],"jetpack_shortlink":"https:\/\/wp.me\/p7Eq1F-6As","jetpack_sharing_enabled":true,"jetpack_featured_media_url":"https:\/\/i0.wp.com\/guialimeira.com.br\/news\/wp-content\/uploads\/2024\/09\/2024-09-11t113510z_1_lynxmpek8a0gh_rtroptp_4_mexico-senado-reforma-judicial.jpg?fit=1600%2C800&ssl=1","_links":{"self":[{"href":"https:\/\/guialimeira.com.br\/news\/wp-json\/wp\/v2\/posts\/25324","targetHints":{"allow":["GET"]}}],"collection":[{"href":"https:\/\/guialimeira.com.br\/news\/wp-json\/wp\/v2\/posts"}],"about":[{"href":"https:\/\/guialimeira.com.br\/news\/wp-json\/wp\/v2\/types\/post"}],"author":[{"embeddable":true,"href":"https:\/\/guialimeira.com.br\/news\/wp-json\/wp\/v2\/users\/1"}],"replies":[{"embeddable":true,"href":"https:\/\/guialimeira.com.br\/news\/wp-json\/wp\/v2\/comments?post=25324"}],"version-history":[{"count":0,"href":"https:\/\/guialimeira.com.br\/news\/wp-json\/wp\/v2\/posts\/25324\/revisions"}],"wp:featuredmedia":[{"embeddable":true,"href":"https:\/\/guialimeira.com.br\/news\/wp-json\/wp\/v2\/media\/13985"}],"wp:attachment":[{"href":"https:\/\/guialimeira.com.br\/news\/wp-json\/wp\/v2\/media?parent=25324"}],"wp:term":[{"taxonomy":"category","embeddable":true,"href":"https:\/\/guialimeira.com.br\/news\/wp-json\/wp\/v2\/categories?post=25324"},{"taxonomy":"post_tag","embeddable":true,"href":"https:\/\/guialimeira.com.br\/news\/wp-json\/wp\/v2\/tags?post=25324"}],"curies":[{"name":"wp","href":"https:\/\/api.w.org\/{rel}","templated":true}]}}