{"id":25316,"date":"2025-02-28T14:27:07","date_gmt":"2025-02-28T17:27:07","guid":{"rendered":"https:\/\/guialimeira.com.br\/?p=25316"},"modified":"2025-02-28T14:27:07","modified_gmt":"2025-02-28T17:27:07","slug":"proxima-sessao-ordinaria-acontece-na-quinta-feira-6-3-pauta-tem-cinco-projetos","status":"publish","type":"post","link":"https:\/\/guialimeira.com.br\/news\/proxima-sessao-ordinaria-acontece-na-quinta-feira-6-3-pauta-tem-cinco-projetos\/","title":{"rendered":"Pr\u00f3xima sess\u00e3o ordin\u00e1ria acontece na quinta-feira (6\/3); pauta tem cinco projetos"},"content":{"rendered":"\n<figure class=\"wp-block-gallery has-nested-images columns-default is-cropped wp-block-gallery-1 is-layout-flex wp-block-gallery-is-layout-flex\"><\/figure>\n \r\n<br><img data-recalc-dims=\"1\" decoding=\"async\" src=\"https:\/\/i0.wp.com\/guialimeira.com.br\/wp-content\/uploads\/2025\/02\/2025-02-28_proxima-sessao-ordinaria-acontece-na-quintafeira-63-pauta-tem-cinco-projetos_1.jpg?w=696&#038;ssl=1\" \/><br><div>\n\t\t\t\t\t<p>Em raz\u00e3o do feriado prolongado de Carnaval, a pr\u00f3xima sess\u00e3o ordin\u00e1ria da C\u00e2mara Municipal acontece na quinta-feira, 6 de mar\u00e7o. Cinco projetos est\u00e3o pautados na <a href=\"https:\/\/consulta.limeira.sp.leg.br\/Sessoes\/Documento\/368157\" rel=\"noopener\">Ordem do Dia<\/a>. Os trabalhos s\u00e3o transmitidos ao vivo pelos canais de comunica\u00e7\u00e3o do Legislativo no <a href=\"https:\/\/www.youtube.com\/user\/camaradelimeira\" rel=\"noopener\">Youtube<\/a>,<a href=\"https:\/\/www.facebook.com\/camaradelimeira\/\" rel=\"noopener\"> Facebook<\/a> e<a href=\"http:\/\/www.limeira.sp.leg.br\/sessoes\/aovivo\" rel=\"noopener\"> site<\/a>, e pela R\u00e1dio Limeira FM 106,9, a partir das 17h.\u00a0<\/p><p>Devido \u00e0s obras de reforma e amplia\u00e7\u00e3o da sede, a C\u00e2mara est\u00e1 localizada na rua Clarino Peixoto, 280 &#8211; Jardim Maria Buchi Modeneis; para entrar no pr\u00e9dio e acompanhar as sess\u00f5es presencialmente basta se identificar na portaria e seguir at\u00e9 o \u00faltimo bloco.\u00a0 Para saber como chegar no novo endere\u00e7o, acesse este <a href=\"https:\/\/www.limeira.sp.leg.br\/noticias\/view\/2025-01-30_camara-de-limeira-funciona-em-novo-endereco-devido-obras-de-ampliacao-e-reforma\" rel=\"noopener\">link<\/a>.<\/p><p><strong>Confira os itens que v\u00e3o \u00e0 vota\u00e7\u00e3o:\u00a0<\/strong><\/p><p><a href=\"https:\/\/consulta.limeira.sp.leg.br\/Documentos\/Documento\/307086\" rel=\"noopener\">Projeto de Lei N\u00ba 38\/2023<\/a>, do vereador Nilton Santos (Republicanos), modifica a reda\u00e7\u00e3o da ementa e o artigo 1\u00ba da <a href=\"https:\/\/legislacao.limeira.sp.leg.br\/limeira-sp?Pagina=1&amp;Pesquisa=Avancada&amp;TipoId=0&amp;Numero=5889&amp;Ano=2017&amp;Data=&amp;NumeroFinal=&amp;AnoFinal=&amp;DataFinal=&amp;SituacaoId=0&amp;ClassificacaoId=0&amp;IniciativaTipoId=0&amp;IniciativaEntidadeId=0&amp;EmentaAssunto=&amp;NoTexto=false\" rel=\"noopener\">Lei Municipal N\u00b0 5.889\/2017<\/a>, alterada pela <a href=\"https:\/\/legislacao.limeira.sp.leg.br\/limeira-sp?Pagina=1&amp;Pesquisa=Avancada&amp;TipoId=0&amp;Numero=5950&amp;Ano=2017&amp;Data=&amp;NumeroFinal=&amp;AnoFinal=&amp;DataFinal=&amp;SituacaoId=0&amp;ClassificacaoId=0&amp;IniciativaTipoId=0&amp;IniciativaEntidadeId=0&amp;EmentaAssunto=&amp;NoTexto=false\" rel=\"noopener\">Lei N\u00b0 5.950\/2017<\/a>, que disp\u00f5e sobre o funcionamento dos sem\u00e1foros ap\u00f3s a meia-noite no munic\u00edpio.\u00a0<\/p><p><a href=\"https:\/\/consulta.limeira.sp.leg.br\/Documentos\/Documento\/357074\" rel=\"noopener\">Projeto de Decreto Legislativo N\u00ba 32\/2024<\/a>, da vereadora Lu Bogo (PL), concede o Diploma de Gratid\u00e3o da Cidade de Limeira e a Medalha de M\u00e9rito C\u00edvico XV de Setembro \u2018Ordem Tatuiby\u2019 \u00e0 dupla Lucas e Ruan, em comemora\u00e7\u00e3o aos 15 anos de forma\u00e7\u00e3o da dupla sertaneja.<\/p><p><a href=\"https:\/\/consulta.limeira.sp.leg.br\/Documentos\/Documento\/364760\" rel=\"noopener\">Projeto de Lei N\u00ba 4\/2025<\/a>, da Prefeitura, autoriza o Poder Executivo a aceitar e declarar como cidade-irm\u00e3 o munic\u00edpio de Hulunbuir, situado na Regi\u00e3o Aut\u00f4noma da Mong\u00f3lia, interior da Rep\u00fablica Popular da China.\u00a0\u00a0<\/p><p><a href=\"https:\/\/consulta.limeira.sp.leg.br\/Documentos\/Documento\/365748\" rel=\"noopener\">Projeto de Lei N\u00ba 14\/2025<\/a>, do vereador Estev\u00e3o Nogueira (Avante), institui o M\u00eas Global do Empreendedorismo no Calend\u00e1rio Oficial do Munic\u00edpio de Limeira, a ser realizado todo m\u00eas de novembro.<\/p><p><a href=\"https:\/\/consulta.limeira.sp.leg.br\/Documentos\/Documento\/365729\" rel=\"noopener\">Projeto de Resolu\u00e7\u00e3o N\u00ba 4\/2025<\/a>, do vereador Everton Ferreira (PSD), institui a medalha \u201cBento Manoel de Barros\u201d no \u00e2mbito da C\u00e2mara Municipal de Limeira.<\/p>\t\t\t\t<\/div>\r\n<br>\r\n<br><a href=\"https:\/\/www.limeira.sp.leg.br\/noticias\/view\/2025-02-28_proxima-sessao-ordinaria-acontece-na-quintafeira-63-pauta-tem-cinco-projetos\" rel=\"noopener\">Informa\u00e7\u00f5es CML <\/a>","protected":false},"excerpt":{"rendered":"<p>Em raz\u00e3o do feriado prolongado de Carnaval, a pr\u00f3xima sess\u00e3o ordin\u00e1ria da C\u00e2mara Municipal acontece na quinta-feira, 6 de mar\u00e7o. Cinco projetos est\u00e3o pautados na Ordem do Dia. Os trabalhos s\u00e3o transmitidos ao vivo pelos canais de comunica\u00e7\u00e3o do Legislativo no Youtube, Facebook e site, e pela R\u00e1dio Limeira FM 106,9, a partir das 17h.\u00a0 [&hellip;]<\/p>\n","protected":false},"author":1,"featured_media":25317,"comment_status":"open","ping_status":"open","sticky":false,"template":"","format":"standard","meta":{"_jetpack_newsletter_access":"","_jetpack_dont_email_post_to_subs":false,"_jetpack_newsletter_tier_id":0,"_jetpack_memberships_contains_paywalled_content":false,"_mbp_banners":[],"_jetpack_feature_clip_id":0,"_jetpack_memberships_contains_paid_content":false,"footnotes":"","jetpack_publicize_message":"","jetpack_publicize_feature_enabled":true,"jetpack_social_post_already_shared":true,"jetpack_social_options":{"image_generator_settings":{"template":"highway","default_image_id":0,"font":"","enabled":false},"version":2},"jetpack_post_was_ever_published":false},"categories":[19],"tags":[],"class_list":["post-25316","post","type-post","status-publish","format-standard","has-post-thumbnail","category-politica"],"jetpack_publicize_connections":[],"jetpack-related-posts":[],"jetpack_shortlink":"https:\/\/wp.me\/p7Eq1F-6Ak","jetpack_sharing_enabled":true,"jetpack_featured_media_url":"https:\/\/i0.wp.com\/guialimeira.com.br\/news\/wp-content\/uploads\/2025\/02\/Proxima-sessao-ordinaria-acontece-na-quinta-feira-63-pauta-tem-cinco.jpg?fit=1280%2C640&ssl=1","_links":{"self":[{"href":"https:\/\/guialimeira.com.br\/news\/wp-json\/wp\/v2\/posts\/25316","targetHints":{"allow":["GET"]}}],"collection":[{"href":"https:\/\/guialimeira.com.br\/news\/wp-json\/wp\/v2\/posts"}],"about":[{"href":"https:\/\/guialimeira.com.br\/news\/wp-json\/wp\/v2\/types\/post"}],"author":[{"embeddable":true,"href":"https:\/\/guialimeira.com.br\/news\/wp-json\/wp\/v2\/users\/1"}],"replies":[{"embeddable":true,"href":"https:\/\/guialimeira.com.br\/news\/wp-json\/wp\/v2\/comments?post=25316"}],"version-history":[{"count":1,"href":"https:\/\/guialimeira.com.br\/news\/wp-json\/wp\/v2\/posts\/25316\/revisions"}],"predecessor-version":[{"id":25318,"href":"https:\/\/guialimeira.com.br\/news\/wp-json\/wp\/v2\/posts\/25316\/revisions\/25318"}],"wp:featuredmedia":[{"embeddable":true,"href":"https:\/\/guialimeira.com.br\/news\/wp-json\/wp\/v2\/media\/25317"}],"wp:attachment":[{"href":"https:\/\/guialimeira.com.br\/news\/wp-json\/wp\/v2\/media?parent=25316"}],"wp:term":[{"taxonomy":"category","embeddable":true,"href":"https:\/\/guialimeira.com.br\/news\/wp-json\/wp\/v2\/categories?post=25316"},{"taxonomy":"post_tag","embeddable":true,"href":"https:\/\/guialimeira.com.br\/news\/wp-json\/wp\/v2\/tags?post=25316"}],"curies":[{"name":"wp","href":"https:\/\/api.w.org\/{rel}","templated":true}]}}